{"id":3248,"date":"2022-08-31T08:37:26","date_gmt":"2022-08-31T06:37:26","guid":{"rendered":"http:\/\/www.rodzinaravensbruck.pl\/?p=3248"},"modified":"2022-09-03T15:17:14","modified_gmt":"2022-09-03T13:17:14","slug":"uroczystosci-pogrzebowe-polskich-wiezniarek-rozstrzelanych-przez-niemcow-w-kl-ravensbruck","status":"publish","type":"post","link":"https:\/\/www.rodzinaravensbruck.pl\/index.php\/2022\/08\/31\/uroczystosci-pogrzebowe-polskich-wiezniarek-rozstrzelanych-przez-niemcow-w-kl-ravensbruck\/","title":{"rendered":"Uroczysto\u015bci pogrzebowe polskich Wi\u0119\u017aniarek rozstrzelanych przez Niemc\u00f3w w KL Ravensbr\u00fcck"},"content":{"rendered":"<p><!--more--><\/p>\n<p><a href=\"https:\/\/www.rodzinaravensbruck.pl\/wp-content\/uploads\/2022\/08\/Uroczystosci-pogrzebowe-urn-Wiezniarek-rozstrzelanych-w-KL-Ravensbruck-1.jpg\"><img loading=\"lazy\" decoding=\"async\" class=\"alignleft size-full wp-image-3251\" src=\"https:\/\/www.rodzinaravensbruck.pl\/wp-content\/uploads\/2022\/08\/Uroczystosci-pogrzebowe-urn-Wiezniarek-rozstrzelanych-w-KL-Ravensbruck-1.jpg\" alt=\"\" width=\"899\" height=\"643\" srcset=\"https:\/\/www.rodzinaravensbruck.pl\/wp-content\/uploads\/2022\/08\/Uroczystosci-pogrzebowe-urn-Wiezniarek-rozstrzelanych-w-KL-Ravensbruck-1.jpg 899w, https:\/\/www.rodzinaravensbruck.pl\/wp-content\/uploads\/2022\/08\/Uroczystosci-pogrzebowe-urn-Wiezniarek-rozstrzelanych-w-KL-Ravensbruck-1-300x215.jpg 300w, https:\/\/www.rodzinaravensbruck.pl\/wp-content\/uploads\/2022\/08\/Uroczystosci-pogrzebowe-urn-Wiezniarek-rozstrzelanych-w-KL-Ravensbruck-1-768x549.jpg 768w\" sizes=\"auto, (max-width: 706px) 89vw, (max-width: 767px) 82vw, 740px\" \/><\/a><\/p>\n","protected":false},"excerpt":{"rendered":"","protected":false},"author":1,"featured_media":3251,"comment_status":"closed","ping_status":"open","sticky":false,"template":"","format":"standard","meta":{"ngg_post_thumbnail":0,"footnotes":""},"categories":[4],"tags":[],"class_list":["post-3248","post","type-post","status-publish","format-standard","has-post-thumbnail","hentry","category-aktualnosci"],"_links":{"self":[{"href":"https:\/\/www.rodzinaravensbruck.pl\/index.php\/wp-json\/wp\/v2\/posts\/3248","targetHints":{"allow":["GET"]}}],"collection":[{"href":"https:\/\/www.rodzinaravensbruck.pl\/index.php\/wp-json\/wp\/v2\/posts"}],"about":[{"href":"https:\/\/www.rodzinaravensbruck.pl\/index.php\/wp-json\/wp\/v2\/types\/post"}],"author":[{"embeddable":true,"href":"https:\/\/www.rodzinaravensbruck.pl\/index.php\/wp-json\/wp\/v2\/users\/1"}],"replies":[{"embeddable":true,"href":"https:\/\/www.rodzinaravensbruck.pl\/index.php\/wp-json\/wp\/v2\/comments?post=3248"}],"version-history":[{"count":2,"href":"https:\/\/www.rodzinaravensbruck.pl\/index.php\/wp-json\/wp\/v2\/posts\/3248\/revisions"}],"predecessor-version":[{"id":3252,"href":"https:\/\/www.rodzinaravensbruck.pl\/index.php\/wp-json\/wp\/v2\/posts\/3248\/revisions\/3252"}],"wp:featuredmedia":[{"embeddable":true,"href":"https:\/\/www.rodzinaravensbruck.pl\/index.php\/wp-json\/wp\/v2\/media\/3251"}],"wp:attachment":[{"href":"https:\/\/www.rodzinaravensbruck.pl\/index.php\/wp-json\/wp\/v2\/media?parent=3248"}],"wp:term":[{"taxonomy":"category","embeddable":true,"href":"https:\/\/www.rodzinaravensbruck.pl\/index.php\/wp-json\/wp\/v2\/categories?post=3248"},{"taxonomy":"post_tag","embeddable":true,"href":"https:\/\/www.rodzinaravensbruck.pl\/index.php\/wp-json\/wp\/v2\/tags?post=3248"}],"curies":[{"name":"wp","href":"https:\/\/api.w.org\/{rel}","templated":true}]}}