{"id":3340,"date":"2022-10-06T11:23:24","date_gmt":"2022-10-06T09:23:24","guid":{"rendered":"http:\/\/www.rodzinaravensbruck.pl\/?p=3340"},"modified":"2022-10-06T11:23:24","modified_gmt":"2022-10-06T09:23:24","slug":"podsumowanie-xi-edycji-ogolnopolskiego-konkursu-historyczno-literackiego-polskie-wiezniarki-w-ravensbruck","status":"publish","type":"post","link":"https:\/\/www.rodzinaravensbruck.pl\/index.php\/2022\/10\/06\/podsumowanie-xi-edycji-ogolnopolskiego-konkursu-historyczno-literackiego-polskie-wiezniarki-w-ravensbruck\/","title":{"rendered":"Podsumowanie XI edycji Og\u00f3lnopolskiego Konkursu Historyczno-Literackiego &#8222;Polskie Wi\u0119\u017aniarki w Ravensbr\u00fcck&#8221;"},"content":{"rendered":"<p>Podsumowanie XI edycji Og\u00f3lnopolskiego Konkursu Historyczno-Literackiego &#8222;Polskie Wi\u0119\u017aniarki w Ravensbr\u00fcck&#8221; pod patronatem Pani dr Wandy P\u00f3\u0142tawskiej organizowanego przez Pani\u0105 Joann\u0119 Sularz, Dyrektor szko\u0142y podstawowej w Pi\u0144czycach odby\u0142o si\u0119 w Krakowie 30 wrze\u015bnia 2022. Uroczysto\u015bci rozpocz\u0119\u0142y si\u0119 msz\u0105 \u015bw. w intencji Wi\u0119\u017aniarek KL Ravensbr\u00fcck w Bazylice \u015bw. Floriana w Krakowie, wr\u0119czenie nagr\u00f3d laureatom, przem\u00f3wienie Pani dr Wandy P\u00f3\u0142tawskiej mia\u0142o miejsce w Ma\u0142opolskim Urz\u0119dzie Wojew\u00f3dzkim. Pan \u0141ukasz Kmita, Wojewoda Ma\u0142opolski by\u0142 uczestnikiem tego spotkania.<!--more--><\/p>\n<p>Finali\u015bci konkursu pojechali na wyjazd edukacyjny do \u00a0Ravensbr\u00fcck.<\/p>\n<p>Reprezentowa\u0142am nasze stowarzyszenie, nasz udzia\u0142 jest wa\u017cny, bo to m\u0142odzie\u017c b\u0119dzie Stra\u017cnikami Pami\u0119ci o wi\u0119\u017aniarkach z KL Ravensbr\u00fcck.<\/p>\n<p>Relacja i galeria zdj\u0119\u0107: <a href=\"https:\/\/www.malopolska.uw.gov.pl\/PressArticlePage.aspx?id=14284\">https:\/\/www.malopolska.uw.gov.pl\/PressArticlePage.aspx?id=14284<\/a><\/p>\n<p>El\u017cbieta Kuta<\/p>\n","protected":false},"excerpt":{"rendered":"<p>Podsumowanie XI edycji Og\u00f3lnopolskiego Konkursu Historyczno-Literackiego &#8222;Polskie Wi\u0119\u017aniarki w Ravensbr\u00fcck&#8221; pod patronatem Pani dr Wandy P\u00f3\u0142tawskiej organizowanego przez Pani\u0105 Joann\u0119 Sularz, Dyrektor szko\u0142y podstawowej w Pi\u0144czycach odby\u0142o si\u0119 w Krakowie 30 wrze\u015bnia 2022. Uroczysto\u015bci rozpocz\u0119\u0142y si\u0119 msz\u0105 \u015bw. w intencji Wi\u0119\u017aniarek KL Ravensbr\u00fcck w Bazylice \u015bw. Floriana w Krakowie, wr\u0119czenie nagr\u00f3d laureatom, przem\u00f3wienie Pani dr &hellip; <\/p>\n<p class=\"link-more\"><a href=\"https:\/\/www.rodzinaravensbruck.pl\/index.php\/2022\/10\/06\/podsumowanie-xi-edycji-ogolnopolskiego-konkursu-historyczno-literackiego-polskie-wiezniarki-w-ravensbruck\/\" class=\"more-link\">Czytaj dalej<span class=\"screen-reader-text\"> \u201ePodsumowanie XI edycji Og\u00f3lnopolskiego Konkursu Historyczno-Literackiego &#8222;Polskie Wi\u0119\u017aniarki w Ravensbr\u00fcck&#8221;\u201d<\/span><\/a><\/p>\n","protected":false},"author":1,"featured_media":3341,"comment_status":"closed","ping_status":"open","sticky":false,"template":"","format":"standard","meta":{"ngg_post_thumbnail":0,"footnotes":""},"categories":[27],"tags":[],"class_list":["post-3340","post","type-post","status-publish","format-standard","has-post-thumbnail","hentry","category-wydarzenia"],"_links":{"self":[{"href":"https:\/\/www.rodzinaravensbruck.pl\/index.php\/wp-json\/wp\/v2\/posts\/3340","targetHints":{"allow":["GET"]}}],"collection":[{"href":"https:\/\/www.rodzinaravensbruck.pl\/index.php\/wp-json\/wp\/v2\/posts"}],"about":[{"href":"https:\/\/www.rodzinaravensbruck.pl\/index.php\/wp-json\/wp\/v2\/types\/post"}],"author":[{"embeddable":true,"href":"https:\/\/www.rodzinaravensbruck.pl\/index.php\/wp-json\/wp\/v2\/users\/1"}],"replies":[{"embeddable":true,"href":"https:\/\/www.rodzinaravensbruck.pl\/index.php\/wp-json\/wp\/v2\/comments?post=3340"}],"version-history":[{"count":1,"href":"https:\/\/www.rodzinaravensbruck.pl\/index.php\/wp-json\/wp\/v2\/posts\/3340\/revisions"}],"predecessor-version":[{"id":3342,"href":"https:\/\/www.rodzinaravensbruck.pl\/index.php\/wp-json\/wp\/v2\/posts\/3340\/revisions\/3342"}],"wp:featuredmedia":[{"embeddable":true,"href":"https:\/\/www.rodzinaravensbruck.pl\/index.php\/wp-json\/wp\/v2\/media\/3341"}],"wp:attachment":[{"href":"https:\/\/www.rodzinaravensbruck.pl\/index.php\/wp-json\/wp\/v2\/media?parent=3340"}],"wp:term":[{"taxonomy":"category","embeddable":true,"href":"https:\/\/www.rodzinaravensbruck.pl\/index.php\/wp-json\/wp\/v2\/categories?post=3340"},{"taxonomy":"post_tag","embeddable":true,"href":"https:\/\/www.rodzinaravensbruck.pl\/index.php\/wp-json\/wp\/v2\/tags?post=3340"}],"curies":[{"name":"wp","href":"https:\/\/api.w.org\/{rel}","templated":true}]}}