{"id":3356,"date":"2022-10-10T20:47:20","date_gmt":"2022-10-10T18:47:20","guid":{"rendered":"http:\/\/www.rodzinaravensbruck.pl\/?p=3356"},"modified":"2022-10-10T20:47:20","modified_gmt":"2022-10-10T18:47:20","slug":"echo-ich-glosow-nigdy-nie-zamilknie","status":"publish","type":"post","link":"https:\/\/www.rodzinaravensbruck.pl\/index.php\/2022\/10\/10\/echo-ich-glosow-nigdy-nie-zamilknie\/","title":{"rendered":"\u201eEcho ich g\u0142os\u00f3w nigdy nie zamilknie\u201d"},"content":{"rendered":"<p>Zapraszamy do Tarnowskiego Klubu Inteligencji Katolickiej na wiecz\u00f3r po\u015bwi\u0119cony Wi\u0119\u017aniarkom niemieckiego obozu koncentracyjnego w Ravensbr\u00fcck.<\/p>\n<p>Tarn\u00f3w pami\u0119ta \u2013 z tarnowskiego przej\u015bciowego wi\u0119zienia do obozu wyruszy\u0142y dwa transporty kobiet, kt\u00f3re do tego wi\u0119zienia zosta\u0142y przywiezione z r\u00f3\u017cnych miast, miasteczek i wsi, by\u0142y w\u015br\u00f3d nich m\u0142ode dziewczyny, kobiety, \u017cony i matki \u2013 kierunek tych dw\u00f3ch transport\u00f3w by\u0142 jeden \u2013 KL Ravensbr\u00fcck.<!--more--><\/p>\n<p><strong>11 pa\u017adziernika (wtorek), godz. 18:00 &#8211; Klub Inteligencji Katolickiej w Tarnowie \u2013 Rynek 24, Tarn\u00f3w: <\/strong><a href=\"http:\/\/www.tarnow.kik.opoka.org.pl\/images\/program\/progr_2022\/Program-KIK-na-X22.pdf\">http:\/\/www.tarnow.kik.opoka.org.pl\/images\/program\/progr_2022\/Program-KIK-na-X22.pdf<\/a><\/p>\n","protected":false},"excerpt":{"rendered":"<p>Zapraszamy do Tarnowskiego Klubu Inteligencji Katolickiej na wiecz\u00f3r po\u015bwi\u0119cony Wi\u0119\u017aniarkom niemieckiego obozu koncentracyjnego w Ravensbr\u00fcck. Tarn\u00f3w pami\u0119ta \u2013 z tarnowskiego przej\u015bciowego wi\u0119zienia do obozu wyruszy\u0142y dwa transporty kobiet, kt\u00f3re do tego wi\u0119zienia zosta\u0142y przywiezione z r\u00f3\u017cnych miast, miasteczek i wsi, by\u0142y w\u015br\u00f3d nich m\u0142ode dziewczyny, kobiety, \u017cony i matki \u2013 kierunek tych dw\u00f3ch transport\u00f3w by\u0142 &hellip; <\/p>\n<p class=\"link-more\"><a href=\"https:\/\/www.rodzinaravensbruck.pl\/index.php\/2022\/10\/10\/echo-ich-glosow-nigdy-nie-zamilknie\/\" class=\"more-link\">Czytaj dalej<span class=\"screen-reader-text\"> \u201e\u201eEcho ich g\u0142os\u00f3w nigdy nie zamilknie\u201d\u201d<\/span><\/a><\/p>\n","protected":false},"author":1,"featured_media":3357,"comment_status":"closed","ping_status":"open","sticky":false,"template":"","format":"standard","meta":{"ngg_post_thumbnail":0,"footnotes":""},"categories":[4],"tags":[],"class_list":["post-3356","post","type-post","status-publish","format-standard","has-post-thumbnail","hentry","category-aktualnosci"],"_links":{"self":[{"href":"https:\/\/www.rodzinaravensbruck.pl\/index.php\/wp-json\/wp\/v2\/posts\/3356","targetHints":{"allow":["GET"]}}],"collection":[{"href":"https:\/\/www.rodzinaravensbruck.pl\/index.php\/wp-json\/wp\/v2\/posts"}],"about":[{"href":"https:\/\/www.rodzinaravensbruck.pl\/index.php\/wp-json\/wp\/v2\/types\/post"}],"author":[{"embeddable":true,"href":"https:\/\/www.rodzinaravensbruck.pl\/index.php\/wp-json\/wp\/v2\/users\/1"}],"replies":[{"embeddable":true,"href":"https:\/\/www.rodzinaravensbruck.pl\/index.php\/wp-json\/wp\/v2\/comments?post=3356"}],"version-history":[{"count":1,"href":"https:\/\/www.rodzinaravensbruck.pl\/index.php\/wp-json\/wp\/v2\/posts\/3356\/revisions"}],"predecessor-version":[{"id":3358,"href":"https:\/\/www.rodzinaravensbruck.pl\/index.php\/wp-json\/wp\/v2\/posts\/3356\/revisions\/3358"}],"wp:featuredmedia":[{"embeddable":true,"href":"https:\/\/www.rodzinaravensbruck.pl\/index.php\/wp-json\/wp\/v2\/media\/3357"}],"wp:attachment":[{"href":"https:\/\/www.rodzinaravensbruck.pl\/index.php\/wp-json\/wp\/v2\/media?parent=3356"}],"wp:term":[{"taxonomy":"category","embeddable":true,"href":"https:\/\/www.rodzinaravensbruck.pl\/index.php\/wp-json\/wp\/v2\/categories?post=3356"},{"taxonomy":"post_tag","embeddable":true,"href":"https:\/\/www.rodzinaravensbruck.pl\/index.php\/wp-json\/wp\/v2\/tags?post=3356"}],"curies":[{"name":"wp","href":"https:\/\/api.w.org\/{rel}","templated":true}]}}