{"id":3411,"date":"2023-01-06T21:02:34","date_gmt":"2023-01-06T20:02:34","guid":{"rendered":"http:\/\/www.rodzinaravensbruck.pl\/?p=3411"},"modified":"2023-01-24T18:59:44","modified_gmt":"2023-01-24T17:59:44","slug":"27-styczna-2023-w-dniu-pamieci-ofiar-narodowego-socjalizmu-czytanie-w-memorial-ravensbruck","status":"publish","type":"post","link":"https:\/\/www.rodzinaravensbruck.pl\/index.php\/2023\/01\/06\/27-styczna-2023-w-dniu-pamieci-ofiar-narodowego-socjalizmu-czytanie-w-memorial-ravensbruck\/","title":{"rendered":"27 styczna 2023, w dniu Pami\u0119ci Ofiar Narodowego Socjalizmu  &#8211; czytanie w  Memorial Ravensbr\u00fcck"},"content":{"rendered":"<p>Tradycyjnie, jako co roku, w dzie\u0144 Pami\u0119ci Ofiar Narodowego Socjalizmu odb\u0119dzie si\u0119 tzw. czytanie w Memorial Ravensbruck. B\u0119dzie mia\u0142o form\u0119 hybrydow\u0105 czyli mo\u017cna uczestniczy\u0107 w Ravensbruck lub online: <strong>11:00<\/strong> w sali widowiskowej Miejsca Pami\u0119ci.<\/p>\n<p>Wsp\u00f3lne czytanie\u00a0odb\u0119dzie si\u0119\u00a0wieczorem o godzinie <strong>19:00<\/strong> za po\u015brednictwem platformy Zoom, dla os\u00f3b, kt\u00f3re nie mog\u0105 uczestniczy\u0107 w Ravensbruck.<!--more--><\/p>\n<p>Tematyka \u201cczytania\u201d: \u201c<em>W oparciu o tematyk\u0119 obchod\u00f3w Bundestagu, kt\u00f3re po raz pierwszy upami\u0119tniaj\u0105 osoby prze\u015bladowane ze wzgl\u0119du na orientacj\u0119 seksualn\u0105 lub to\u017csamo\u015b\u0107 p\u0142ciow\u0105, tegoroczne czytanie po\u015bwi\u0119cone jest tematowi \u201eBlisko\u015b\u0107 w obozie\u201d. \u201eBlisko\u015b\u0107\u201d mog\u0142a pom\u00f3c ludziom skonfrontowa\u0107 si\u0119 z obozow\u0105 rzeczywisto\u015bci\u0105, ale mog\u0142a te\u017c by\u0107 wyrazem do\u015bwiadcze\u0144 przemocy&#8230;\u201d<\/em><\/p>\n<p>W za\u0142\u0105czeniu tekst niemiecki i polski zaproszenia. Tre\u015b\u0107 fragment\u00f3w do czytania w j. polskim, niemieckim i francuskim za\u0142\u0105czona jako pliki pdf<\/p>\n<p><strong>Zg\u0142oszenia do 9 stycznia 2023<\/strong>. na adres mailowy: Stefan Boberg: <a href=\"mailto:boberg@ravensbrueck.de\">boberg@ravensbrueck.de<\/a><\/p>\n<p>El\u017cbieta Kuta<\/p>\n<p>za\u0142\u0105czniki:<\/p>\n<p><a href=\"https:\/\/www.rodzinaravensbruck.pl\/wp-content\/uploads\/2023\/01\/Zaproszenie_czytanie-w-Ravensbruck-27.12.2023.pdf\" target=\"_blank\" rel=\"noopener\">1. zaproszenie<\/a><br \/>\n<a href=\"https:\/\/www.rodzinaravensbruck.pl\/wp-content\/uploads\/2023\/01\/Lesung27Janmain-pl-1.pdf\" target=\"_blank\" rel=\"noopener\">2. fragment w j\u0119zyku polskim<\/a><br \/>\n<a href=\"https:\/\/www.rodzinaravensbruck.pl\/wp-content\/uploads\/2023\/01\/Lesung27Janmain-1.pdf\" target=\"_blank\" rel=\"noopener\">3. fragment w j\u0119zyku niemieckim<\/a><br \/>\n<a href=\"https:\/\/www.rodzinaravensbruck.pl\/wp-content\/uploads\/2023\/01\/Lesung27Janmain-fr.pdf\" target=\"_blank\" rel=\"noopener\">4. fragment w j\u0119zyku francuskim<\/a><\/p>\n","protected":false},"excerpt":{"rendered":"<p>Tradycyjnie, jako co roku, w dzie\u0144 Pami\u0119ci Ofiar Narodowego Socjalizmu odb\u0119dzie si\u0119 tzw. czytanie w Memorial Ravensbruck. B\u0119dzie mia\u0142o form\u0119 hybrydow\u0105 czyli mo\u017cna uczestniczy\u0107 w Ravensbruck lub online: 11:00 w sali widowiskowej Miejsca Pami\u0119ci. Wsp\u00f3lne czytanie\u00a0odb\u0119dzie si\u0119\u00a0wieczorem o godzinie 19:00 za po\u015brednictwem platformy Zoom, dla os\u00f3b, kt\u00f3re nie mog\u0105 uczestniczy\u0107 w Ravensbruck.<\/p>\n","protected":false},"author":1,"featured_media":3412,"comment_status":"closed","ping_status":"open","sticky":false,"template":"","format":"standard","meta":{"ngg_post_thumbnail":0,"footnotes":""},"categories":[4],"tags":[],"class_list":["post-3411","post","type-post","status-publish","format-standard","has-post-thumbnail","hentry","category-aktualnosci"],"_links":{"self":[{"href":"https:\/\/www.rodzinaravensbruck.pl\/index.php\/wp-json\/wp\/v2\/posts\/3411","targetHints":{"allow":["GET"]}}],"collection":[{"href":"https:\/\/www.rodzinaravensbruck.pl\/index.php\/wp-json\/wp\/v2\/posts"}],"about":[{"href":"https:\/\/www.rodzinaravensbruck.pl\/index.php\/wp-json\/wp\/v2\/types\/post"}],"author":[{"embeddable":true,"href":"https:\/\/www.rodzinaravensbruck.pl\/index.php\/wp-json\/wp\/v2\/users\/1"}],"replies":[{"embeddable":true,"href":"https:\/\/www.rodzinaravensbruck.pl\/index.php\/wp-json\/wp\/v2\/comments?post=3411"}],"version-history":[{"count":3,"href":"https:\/\/www.rodzinaravensbruck.pl\/index.php\/wp-json\/wp\/v2\/posts\/3411\/revisions"}],"predecessor-version":[{"id":3454,"href":"https:\/\/www.rodzinaravensbruck.pl\/index.php\/wp-json\/wp\/v2\/posts\/3411\/revisions\/3454"}],"wp:featuredmedia":[{"embeddable":true,"href":"https:\/\/www.rodzinaravensbruck.pl\/index.php\/wp-json\/wp\/v2\/media\/3412"}],"wp:attachment":[{"href":"https:\/\/www.rodzinaravensbruck.pl\/index.php\/wp-json\/wp\/v2\/media?parent=3411"}],"wp:term":[{"taxonomy":"category","embeddable":true,"href":"https:\/\/www.rodzinaravensbruck.pl\/index.php\/wp-json\/wp\/v2\/categories?post=3411"},{"taxonomy":"post_tag","embeddable":true,"href":"https:\/\/www.rodzinaravensbruck.pl\/index.php\/wp-json\/wp\/v2\/tags?post=3411"}],"curies":[{"name":"wp","href":"https:\/\/api.w.org\/{rel}","templated":true}]}}