{"id":3432,"date":"2023-01-16T17:23:12","date_gmt":"2023-01-16T16:23:12","guid":{"rendered":"http:\/\/www.rodzinaravensbruck.pl\/?p=3432"},"modified":"2023-01-16T17:23:12","modified_gmt":"2023-01-16T16:23:12","slug":"ix-edycja-2023-ogolnopolskiego-konkursu-recytatorskiego-w-kregu-poezji-i-prozy-lagrowej-wiezniarek-kl-ravensbruck","status":"publish","type":"post","link":"https:\/\/www.rodzinaravensbruck.pl\/index.php\/2023\/01\/16\/ix-edycja-2023-ogolnopolskiego-konkursu-recytatorskiego-w-kregu-poezji-i-prozy-lagrowej-wiezniarek-kl-ravensbruck\/","title":{"rendered":"IX edycja 2023 og\u00f3lnopolskiego konkursu recytatorskiego \u201eW kr\u0119gu poezji i prozy lagrowej wi\u0119\u017aniarek KL Ravensbr\u00fcck\u201d"},"content":{"rendered":"<p>Organizatorzy Konkursu: Instytut Pami\u0119ci Narodowej \u2013 Komisja \u015acigania Zbrodni przeciwko Narodowi Polskiemu, Stowarzyszenie \u201eRodzina Wi\u0119\u017aniarek Niemieckiego Obozu Koncentracyjnego Ravensbr\u00fcck\u201d, Miasto Ruda \u015al\u0105ska.<br \/>\nHonorowy patronat: Agata Kornhauser-Duda, Pierwsza Dama RP<!--more--><br \/>\nWa\u017cne daty:<br \/>\nZg\u0142oszenia do: <strong>3 marca<\/strong><br \/>\nP\u00f3\u0142fina\u0142y konkursu: <strong>13, 14, 15, 16 lub 17 marca<\/strong><br \/>\nGala Fina\u0142owa konkursu: <strong>26 kwietnia<\/strong> w Miejskim Centrum Kultury im. Henryka Bisty w Rudzie \u015al\u0105skiej<br \/>\nWyjazd do Miejsca Pami\u0119ci i Przestrogi Ravensbr\u00fcck w Niemczech (nagroda g\u0142\u00f3wna w konkursie dla wszystkich finalist\u00f3w i ich opiekun\u00f3w): <strong>19-22 maja<\/strong><\/p>\n<p>Szczeg\u00f3\u0142y dotycz\u0105ce konkursu na stronie:<br \/>\nhttps:\/\/edukacja.ipn.gov.pl\/edu\/oben\/katowice\/konkursy-i-projekty\/ogolnopolski-konkurs-re<\/p>\n","protected":false},"excerpt":{"rendered":"<p>Organizatorzy Konkursu: Instytut Pami\u0119ci Narodowej \u2013 Komisja \u015acigania Zbrodni przeciwko Narodowi Polskiemu, Stowarzyszenie \u201eRodzina Wi\u0119\u017aniarek Niemieckiego Obozu Koncentracyjnego Ravensbr\u00fcck\u201d, Miasto Ruda \u015al\u0105ska. Honorowy patronat: Agata Kornhauser-Duda, Pierwsza Dama RP<\/p>\n","protected":false},"author":1,"featured_media":3433,"comment_status":"closed","ping_status":"open","sticky":false,"template":"","format":"standard","meta":{"ngg_post_thumbnail":0,"footnotes":""},"categories":[4],"tags":[],"class_list":["post-3432","post","type-post","status-publish","format-standard","has-post-thumbnail","hentry","category-aktualnosci"],"_links":{"self":[{"href":"https:\/\/www.rodzinaravensbruck.pl\/index.php\/wp-json\/wp\/v2\/posts\/3432","targetHints":{"allow":["GET"]}}],"collection":[{"href":"https:\/\/www.rodzinaravensbruck.pl\/index.php\/wp-json\/wp\/v2\/posts"}],"about":[{"href":"https:\/\/www.rodzinaravensbruck.pl\/index.php\/wp-json\/wp\/v2\/types\/post"}],"author":[{"embeddable":true,"href":"https:\/\/www.rodzinaravensbruck.pl\/index.php\/wp-json\/wp\/v2\/users\/1"}],"replies":[{"embeddable":true,"href":"https:\/\/www.rodzinaravensbruck.pl\/index.php\/wp-json\/wp\/v2\/comments?post=3432"}],"version-history":[{"count":1,"href":"https:\/\/www.rodzinaravensbruck.pl\/index.php\/wp-json\/wp\/v2\/posts\/3432\/revisions"}],"predecessor-version":[{"id":3434,"href":"https:\/\/www.rodzinaravensbruck.pl\/index.php\/wp-json\/wp\/v2\/posts\/3432\/revisions\/3434"}],"wp:featuredmedia":[{"embeddable":true,"href":"https:\/\/www.rodzinaravensbruck.pl\/index.php\/wp-json\/wp\/v2\/media\/3433"}],"wp:attachment":[{"href":"https:\/\/www.rodzinaravensbruck.pl\/index.php\/wp-json\/wp\/v2\/media?parent=3432"}],"wp:term":[{"taxonomy":"category","embeddable":true,"href":"https:\/\/www.rodzinaravensbruck.pl\/index.php\/wp-json\/wp\/v2\/categories?post=3432"},{"taxonomy":"post_tag","embeddable":true,"href":"https:\/\/www.rodzinaravensbruck.pl\/index.php\/wp-json\/wp\/v2\/tags?post=3432"}],"curies":[{"name":"wp","href":"https:\/\/api.w.org\/{rel}","templated":true}]}}