{"id":3569,"date":"2023-06-15T17:16:26","date_gmt":"2023-06-15T15:16:26","guid":{"rendered":"http:\/\/www.rodzinaravensbruck.pl\/?p=3569"},"modified":"2023-06-16T10:25:04","modified_gmt":"2023-06-16T08:25:04","slug":"kamilla-janowicz-sycz","status":"publish","type":"post","link":"https:\/\/www.rodzinaravensbruck.pl\/index.php\/2023\/06\/15\/kamilla-janowicz-sycz\/","title":{"rendered":"Kamilla Janowicz-Sycz"},"content":{"rendered":"<h2>14 czerwca 2023 r. w zwi\u0105zku z Narodowym Dniem Pami\u0119ci Ofiar Niemieckich Nazistowskich Oboz\u00f3w Koncentracyjnych i Oboz\u00f3w Zag\u0142ady gr\u00f3b Kamili Janowicz-Sycz (1920-2019) na cmentarzu Rakowickim w Krakowie zosta\u0142 oznaczony tabliczk\u0105 \u201eGr\u00f3b weterana walk o wolno\u015b\u0107 i niepodleg\u0142o\u015b\u0107 Polski\u201d.<\/h2>\n<p><!--more--><\/p>\n<p>W uroczysto\u015bci na cmentarzu Rakowickim uczestniczy\u0142 zast\u0119pca dyrektora Oddzia\u0142u IPN w Krakowie dr Micha\u0142 Wenklar z pracownikami oraz przedstawiciele Rodziny Wi\u0119\u017aniarek Niemieckiego Obozu Koncentracyjnego Ravensbr\u00fcck, Stowarzyszenia Dzieci Powstania 1944, Komisji Historycznej oddzia\u0142u Krakowskiego i Chor\u0105gwi Krakowskiej a tak\u017ce harcerze z Hufca ZHP Podkrakowskiego im. Krakowskich Szarych Szereg\u00f3w i znajomi \u015bp. Kamili Janowicz-Sycz . Harcerka odczyta\u0142a wspomnienie o \u015bp. Kamilli Janowicz-Sycz, by\u0142a chwila wspomnie\u0144, modlitwy i harcerze od\u015bpiewali hymn harcerski. Zosta\u0142a po\u015bmiertnie uhonorowana za walk\u0119 o wolno\u015b\u0107 i niepodleg\u0142o\u015b\u0107 Polski. Obecno\u015b\u0107 harcerzy na tej uroczysto\u015bci by\u0142a symboliczna i wa\u017cna bo \u015bp. Pani Kamilla Janowicz-Sycz by\u0142a harcerk\u0105 Tajnej Dru\u017cyny Harcerskiej \u201cMury\u201d w KL\u00a0 Ravensbruck.<\/p>\n<p>Relacja na stronie IPN oddzia\u0142u w Krakowie: <a href=\"https:\/\/krakow.ipn.gov.pl\/pl4\/aktualnosci\/186702,Krakow-Uroczystosc-przy-grobie-Kamili-Janowicz-Sycz.html\">https:\/\/krakow.ipn.gov.pl\/pl4\/aktualnosci\/186702,Krakow-Uroczystosc-przy-grobie-Kamili-Janowicz-Sycz.html<\/a><\/p>\n<p>Przypominamy \u017cyciorys i zas\u0142ugi \u015bp. Kamili Janowicz-Syczowej<\/p>\n<p>Kamilla Janowicz-Sycz<\/p>\n<p>1920-2019<\/p>\n<p>Urodzi\u0142a si\u0119 31 pa\u017adziernika 1920 r. w Warszawie (prawdziwe miejsce urodzenia Brze\u015b\u0107). Zmar\u0142a 28 styczna 2019 r. w Krakowie w wieku 99 lat. Pogrzeb z honorami wojskowymi odby\u0142 si\u0119 na cmentarzu Rakowickim w Krakowie 31 stycznia 2019.<\/p>\n<p>By\u0142a wi\u0119\u017aniark\u0105 niemieckiego obozu koncentracyjnego Ravensbr\u00fcck, harcerk\u0105 Tajnej Dru\u017cyny \u201eMury\u201d za\u0142o\u017conej w obozie jako forma ruchu oporu, inicjatork\u0105 powstania Stowarzyszenia \u201eRodzina Wi\u0119\u017aniarek Niemieckiego Obozu Koncentracyjnego Ravensbr\u00fcck\u201d.<\/p>\n<p>Wychowa\u0142a si\u0119 w patriotycznej rodzinie, ojciec Konstant Janowicz s\u0142u\u017cy\u0142 w legionach J. Pi\u0142sudskiego, a matka Aleksandra z domu Malimon w czasie II wojny zes\u0142ana zosta\u0142a na Sybir sk\u0105d, jako ochotniczka Pomocniczej S\u0142u\u017cby Kobiet przesz\u0142a ca\u0142y szlak bojowy II Korpusu Polskiego gen. W. Andersa.<\/p>\n<p>Do 1937 mieszka\u0142a z rodzicami w Brze\u015bciu n\/Bugiem. Aktywnie dzia\u0142a\u0142a w Zwi\u0105zku Harcerstwa Polskiego (ZHP).<\/p>\n<p>Tu\u017c przed wybuchem wojny uko\u0144czy\u0142a kursy Polskiego Czerwonego Krzy\u017ca (PCK) i Ligi Obrony Powietrznej i Przeciwgazowej (LOPP).<\/p>\n<p>Z wybuchem wojny zorganizowa\u0142a stacj\u0119 sanitarn\u0105 PCK na terenie Brze\u015bcia, kt\u00f3r\u0105 urz\u0105dzi\u0142a we w\u0142asnym mieszkaniu w Brze\u015bciu. Dzi\u0119ki jej pracy i po\u015bwi\u0119ceniu pomoc i ratunek znalaz\u0142o wielu oficer\u00f3w i \u017co\u0142nierzy obro\u0144c\u00f3w twierdzy jak i ludno\u015b\u0107 cywilna miasta,<\/p>\n<p>Dzia\u0142a\u0142a w Zwi\u0105zku Walki Zbrojnej, by\u0142a kurierk\u0105 na trasie Warszawa-Lublin-Zamo\u015b\u0107-Terespol mia\u0142a pseudonim \u201eKama\u201d. Dzia\u0142alno\u015b\u0107 konspiracyjn\u0105 w strukturach Zwi\u0105zku Walki Zbrojnej prowadzi\u0142a do momentu aresztowania 19 listopada 1940 roku w Terespolu. Przewieziona przez Gestapo do Bia\u0142ej Podlaskiej by\u0142a niezwykle brutalnie torturowana, nast\u0119pnie zosta\u0142a przewieziona na Zamek Lubelski. 31 grudnia 1940 roku w Kaplicy zamku S\u0105d Dora\u017any III Rzeszy (Sondergericht Krakau) skaza\u0142 j\u0105 na kar\u0119 \u015bmierci. Po kilkumiesi\u0119cznym pobycie w lubelskim wi\u0119zieniu zosta\u0142a przewieziona w 1941 r. do niemieckiego Obozu Koncentracyjnego dla kobiet i dzieci Ravensbr\u00fcck (nr obozowy 6009).<\/p>\n<p>Od listopada 1941 dzia\u0142a\u0142a na terenie obozu w Tajnej Dru\u017cynie Starszych Harcerek \u201eMury\u201d, nale\u017ca\u0142a do zast\u0119pu \u201eCegie\u0142\u201d. Organizacja by\u0142a ruchem oporu w obozie. Pracuj\u0105c w obozowej kuchni pomimo fatalnych warunk\u00f3w i stanu zdrowia pomaga\u0142a wi\u0119\u017aniarkom przetrwa\u0107 w obozie nara\u017caj\u0105c w\u0142asne \u017cycie. By\u0142a to szczeg\u00f3lna pomoc zw\u0142aszcza dla ofiar eksperyment\u00f3w pseudomedycznych tzw. \u201ekr\u00f3lik\u00f3w\u201d, w\u015br\u00f3d kt\u00f3rych by\u0142y 74 Polki.<\/p>\n<p>Na szczeg\u00f3lne uznanie zas\u0142uguje jej postawa po likwidacji obozu 26 kwietnia 1945 r. Gdy Niemcy zarz\u0105dzili ewakuacj\u0119 obozu, kt\u00f3ry zosta\u0142 zaminowany, pozosta\u0107 mia\u0142y tylko ci\u0119\u017cko chore wi\u0119\u017aniarki, kt\u00f3re mia\u0142y wraz z obozem ulec ca\u0142kowitej zag\u0142adzie. Kamila Sycz na apel dr Janiny W\u0119gierskiej razem z Ann\u0105 Burd\u00f3wn\u0105 pozosta\u0142a w obozie by opiekowa\u0107 si\u0119 chorymi, kt\u00f3re nie mog\u0142y samodzielnie opu\u015bci\u0107 obozu by\u0142o to ok. 2000 os\u00f3b. Podj\u0119\u0142a tak\u0105 decyzj\u0119 mimo tego, \u017ce mia\u0142a miejsce w tzw. bia\u0142ym autobusie Szwedzkiego Czerwonego Krzy\u017ca, kt\u00f3ry mia\u0142 wywie\u015b\u0107 wi\u0119\u017aniarki do Szwecji. Opu\u015bci\u0142a ob\u00f3z wraz z ostatnim transportem 15 lipca 1945 r.<\/p>\n<p>Kamila Sycz przez ca\u0142e swoje \u017cycie cieszy\u0142a si\u0119 ogromnym szacunkiem i wdzi\u0119czno\u015bci\u0105 wielu wsp\u00f3\u0142wi\u0119\u017aniarek zw\u0142aszcza tzw. \u201ekr\u00f3lik\u00f3w\u201d i tym, kt\u00f3rym ocali\u0142a \u017cycie. Otrzymywa\u0142a listy z ca\u0142ego \u015bwiata. Dzi\u0119ki jej heroicznej postawie w obozie koncentracyjnym uratowa\u0142a i pomog\u0142a przetrwa\u0107 wielu wi\u0119\u017aniarkom obozu. By\u0142y to nie tylko Polki, ale Niemki, Francuzki, Rosjanki, kobiety narodowo\u015bci romskiej i \u017cydowskiej.<\/p>\n<p>Po powrocie do Polski pomimo pogarszaj\u0105cego si\u0119 stanu zdrowia aktywnie udziela\u0142a si\u0119 w pracy spo\u0142ecznej m.in., jako cz\u0142onek ZHP, Klubu Inteligencji Katolickiej, Sue Ryder Foundation, i organizacji kombatanckich. Wielokrotnie wyr\u00f3\u017cniana by\u0142a za prac\u0119 spo\u0142eczn\u0105, dzia\u0142alno\u015b\u0107 kombatanck\u0105 i niepodleg\u0142o\u015bciow\u0105. W 2001 r. Prezydent RP\u00a0 nada\u0142 Jej stopie\u0144 podporucznika Wojska Polskiego. W 2011 r. za wybitne zas\u0142ugi na rzecz niepodleg\u0142o\u015bci Rzeczypospolitej Polskiej otrzyma\u0142a Krzy\u017c Oficerski Odrodzenia Polski. Ostatnie odznaczenie i dyplom otrzyma\u0142a 23 stycznia 2018 r. &#8211; decyzj\u0105 Kapitu\u0142y Stopni Harcerskich Harcerskiego Kr\u0119gu Senior\u00f3w Kombatant\u00f3w ZHP Chor\u0105gwi Krakowskiej otrzyma\u0142a stopie\u0144 Harcerki Rzeczpospolitej i z tego odznaczenia i stopnia by\u0142a bardzo dumna.<\/p>\n<p>O jej g\u0142\u0119bokim rozumieniu potrzeby bycia \u015awiadkiem, dowodzi to, \u017ce maj\u0105c 99 lat jako \u015awiadek historii spotyka\u0142a si\u0119 z historykami, dziennikarzami, re\u017cyserami filmowymi (w tym z ekip\u0105 ameryka\u0144sk\u0105 w 2018 r.) i m\u0142odzie\u017c\u0105 by m\u00f3wi\u0107 jak by\u0142o aby nast\u0119pne pokolenia &#8211; dzieci, wnuki, prawnuki by\u0142ych wi\u0119\u017aniarek przekazywa\u0142y wiedz\u0119 o tych dzielnych Kobietach i o warto\u015bciach dla kt\u00f3rych traci\u0142y wolno\u015b\u0107 i \u017cycie. Aby echo Ich g\u0142os\u00f3w nigdy nie zamilk\u0142o.<\/p>\n<p>Opracowa\u0142a: El\u017cbieta Kuta<\/p>\n<div id=\"grid-gallery-60-51831\" data-gg-id=\"60\" data-title=\"Kamilla Janowicz-Sycz\" data-grid-type=\"0\" data-offset=\"5.3\" data-area-position=\"center\" data-icons=\"\" data-preloader=\"true\" data-width=\"215\" data-height=\"215\" data-padding=\"0\" data-quicksand=\"disabled\" data-quicksand-duration=\"none\" data-popup-theme=\"theme_6\" data-popup-type=\"pretty-photo\" data-popup-image-text=\"data-description\" data-popup-widthsize=\"auto\" data-popup-heightsize=\"auto\" data-popup-i18n-words=\"{&quot;close&quot;:&quot;close&quot;,&quot;next&quot;:&quot;next&quot;,&quot;previous&quot;:&quot;previous&quot;,&quot;start_slideshow&quot;:&quot;start slideshow&quot;,&quot;stop_slideshow&quot;:&quot;stop slideshow&quot;,&quot;image&quot;:&quot;image&quot;,&quot;of&quot;:&quot;of&quot;,&quot;prev&quot;:&quot;prev&quot;,&quot;cExpand&quot;:&quot;Expand&quot;,&quot;cPrevious&quot;:&quot;Previous&quot;,&quot;cNext&quot;:&quot;Next&quot;,&quot;cExpandStr&quot;:&quot;Expand the image&quot;,&quot;cRotate&quot;:&quot;Rotate&quot;,&quot;cDetails&quot;:&quot;Details&quot;}\" data-popup-slideshow=\"false\" data-popup-slideshow-speed=\"2500\" data-popup-hoverstop=\"true\" data-popup-slideshow-auto=\"false\" data-popup-background=\"\" data-popup-transparency=\"30\" data-popup-disable-history=\"\" data-popup-disable-changed-url=\"\" data-popup-border-type=\"solid\" data-popup-border-color=\"\" data-popup-border-width=\"\" data-popup-border-enable=\"\" data-fullscreen=\"false\" data-hide-tooltip=\"false\" data-caption-font-family=\"Default\" data-caption-text-size=\"140\" data-is-mobile=\"0\" data-caption-mobile=\"false\" data-hide-long-tltp-title=\"0\" data-caption-disabled-on-mobile=\"false\" data-popup-placement-type=\"0\" data-social-sharing=\"{&quot;enabled&quot;:&quot;&quot;,&quot;gallerySharing&quot;:{&quot;enabled&quot;:null,&quot;position&quot;:null},&quot;imageSharing&quot;:{&quot;enabled&quot;:null,&quot;wrapperClass&quot;:&quot; vertical &quot;},&quot;popupSharing&quot;:{&quot;enabled&quot;:null,&quot;wrapperClass&quot;:&quot; vertical &quot;}}\" class=\"grid-gallery grid-gallery-fixed \" style=\" width:100%; height:auto; margin-left:auto; margin-right:auto;position:relative;\"> <div class=\"gallery-loading\"> <div class=\"blocks\"> <div class=\"block\"><\/div> <div class=\"block\"><\/div> <div class=\"block\"><\/div> <div class=\"block\"><\/div> <\/div> <\/div> <div class=\"gallery-sharing-top\" style=\"display:none;\"> <\/div> <div id=\"photos-60\" class=\"grid-gallery-photos\"><FIGURE class=\"grid-gallery-caption\" data-grid-gallery-type=\"quarter-slide-up\" data-index=\"0\" style=\"display:none;border-radius:00;; margin:5.3px; width:2150;\" ><div class=\"crop\" style=\" width:2150; height:2150; overflow:hidden;\"><img decoding=\"async\" src=\"http:\/\/www.rodzinaravensbruck.pl\/wp-content\/uploads\/2023\/06\/20230614_132344-scaled-215x215.jpg\" class=\"ggImg\" alt=\"20230614_132344\" title=\"20230614_132344\" data-description=\"20230614_132344\" data-caption=\"20230614_132344\" data-title=\"20230614_132344\" style=\" width:215px; height:215px;\" \/><\/div><FIGCAPTION class=\"\" data-alpha=\"5\" style=\"color:#ffffff; background-color:#6f0000; font-size:140; text-align:left; font-family:Default;\" ><div class=\"grid-gallery-figcaption-wrap\" style=\"\"><\/div><\/FIGCAPTION><\/FIGURE><FIGURE class=\"grid-gallery-caption\" data-grid-gallery-type=\"quarter-slide-up\" data-index=\"1\" style=\"display:none;border-radius:00;; margin:5.3px; width:2150;\" ><div class=\"crop\" style=\" width:2150; height:2150; overflow:hidden;\"><img decoding=\"async\" src=\"http:\/\/www.rodzinaravensbruck.pl\/wp-content\/uploads\/2023\/06\/20230614_132358-scaled-215x215.jpg\" class=\"ggImg\" alt=\"20230614_132358\" title=\"20230614_132358\" data-description=\"20230614_132358\" data-caption=\"20230614_132358\" data-title=\"20230614_132358\" style=\" width:215px; height:215px;\" \/><\/div><FIGCAPTION class=\"\" data-alpha=\"5\" style=\"color:#ffffff; background-color:#6f0000; font-size:140; text-align:left; font-family:Default;\" ><div class=\"grid-gallery-figcaption-wrap\" style=\"\"><\/div><\/FIGCAPTION><\/FIGURE><FIGURE class=\"grid-gallery-caption\" data-grid-gallery-type=\"quarter-slide-up\" data-index=\"2\" style=\"display:none;border-radius:00;; margin:5.3px; width:2150;\" ><div class=\"crop\" style=\" width:2150; height:2150; overflow:hidden;\"><img decoding=\"async\" src=\"http:\/\/www.rodzinaravensbruck.pl\/wp-content\/uploads\/2023\/06\/20230614_133118-scaled-215x215.jpg\" class=\"ggImg\" alt=\"20230614_133118\" title=\"20230614_133118\" data-description=\"20230614_133118\" data-caption=\"20230614_133118\" data-title=\"20230614_133118\" style=\" width:215px; height:215px;\" \/><\/div><FIGCAPTION class=\"\" data-alpha=\"5\" style=\"color:#ffffff; background-color:#6f0000; font-size:140; text-align:left; font-family:Default;\" ><div class=\"grid-gallery-figcaption-wrap\" style=\"\"><\/div><\/FIGCAPTION><\/FIGURE><FIGURE class=\"grid-gallery-caption\" data-grid-gallery-type=\"quarter-slide-up\" data-index=\"3\" style=\"display:none;border-radius:00;; margin:5.3px; width:2150;\" ><div class=\"crop\" style=\" width:2150; height:2150; overflow:hidden;\"><img decoding=\"async\" src=\"http:\/\/www.rodzinaravensbruck.pl\/wp-content\/uploads\/2023\/06\/20230614_133206-scaled-215x215.jpg\" class=\"ggImg\" alt=\"20230614_133206\" title=\"20230614_133206\" data-description=\"20230614_133206\" data-caption=\"20230614_133206\" data-title=\"20230614_133206\" style=\" width:215px; height:215px;\" \/><\/div><FIGCAPTION class=\"\" data-alpha=\"5\" style=\"color:#ffffff; background-color:#6f0000; font-size:140; text-align:left; font-family:Default;\" ><div class=\"grid-gallery-figcaption-wrap\" style=\"\"><\/div><\/FIGCAPTION><\/FIGURE><FIGURE class=\"grid-gallery-caption\" data-grid-gallery-type=\"quarter-slide-up\" data-index=\"4\" style=\"display:none;border-radius:00;; margin:5.3px; width:2150;\" ><div class=\"crop\" style=\" width:2150; height:2150; overflow:hidden;\"><img decoding=\"async\" src=\"http:\/\/www.rodzinaravensbruck.pl\/wp-content\/uploads\/2023\/06\/20230614_133213-scaled-215x215.jpg\" class=\"ggImg\" alt=\"20230614_133213\" title=\"20230614_133213\" data-description=\"20230614_133213\" data-caption=\"20230614_133213\" data-title=\"20230614_133213\" style=\" width:215px; height:215px;\" \/><\/div><FIGCAPTION class=\"\" data-alpha=\"5\" style=\"color:#ffffff; background-color:#6f0000; font-size:140; text-align:left; font-family:Default;\" ><div class=\"grid-gallery-figcaption-wrap\" style=\"\"><\/div><\/FIGCAPTION><\/FIGURE><FIGURE class=\"grid-gallery-caption\" data-grid-gallery-type=\"quarter-slide-up\" data-index=\"5\" style=\"display:none;border-radius:00;; margin:5.3px; width:2150;\" ><div class=\"crop\" style=\" width:2150; height:2150; overflow:hidden;\"><img decoding=\"async\" src=\"http:\/\/www.rodzinaravensbruck.pl\/wp-content\/uploads\/2023\/06\/20230614_133521-scaled-215x215.jpg\" class=\"ggImg\" alt=\"20230614_133521\" title=\"20230614_133521\" data-description=\"20230614_133521\" data-caption=\"20230614_133521\" data-title=\"20230614_133521\" style=\" width:215px; height:215px;\" \/><\/div><FIGCAPTION class=\"\" data-alpha=\"5\" style=\"color:#ffffff; background-color:#6f0000; font-size:140; text-align:left; font-family:Default;\" ><div class=\"grid-gallery-figcaption-wrap\" style=\"\"><\/div><\/FIGCAPTION><\/FIGURE><FIGURE class=\"grid-gallery-caption\" data-grid-gallery-type=\"quarter-slide-up\" data-index=\"6\" style=\"display:none;border-radius:00;; margin:5.3px; width:2150;\" ><div class=\"crop\" style=\" width:2150; height:2150; overflow:hidden;\"><img decoding=\"async\" src=\"http:\/\/www.rodzinaravensbruck.pl\/wp-content\/uploads\/2023\/06\/IMG_20230614_134719-scaled-215x215.jpg\" class=\"ggImg\" alt=\"IMG_20230614_134719\" title=\"IMG_20230614_134719\" data-description=\"IMG_20230614_134719\" data-caption=\"IMG_20230614_134719\" data-title=\"IMG_20230614_134719\" style=\" width:215px; height:215px;\" \/><\/div><FIGCAPTION class=\"\" data-alpha=\"5\" style=\"color:#ffffff; background-color:#6f0000; font-size:140; text-align:left; font-family:Default;\" ><div class=\"grid-gallery-figcaption-wrap\" style=\"\"><\/div><\/FIGCAPTION><\/FIGURE><FIGURE class=\"grid-gallery-caption\" data-grid-gallery-type=\"quarter-slide-up\" data-index=\"7\" style=\"display:none;border-radius:00;; margin:5.3px; width:2150;\" ><div class=\"crop\" style=\" width:2150; height:2150; overflow:hidden;\"><img decoding=\"async\" src=\"http:\/\/www.rodzinaravensbruck.pl\/wp-content\/uploads\/2023\/06\/IMG_20230614_134735-scaled-215x215.jpg\" class=\"ggImg\" alt=\"IMG_20230614_134735\" title=\"IMG_20230614_134735\" data-description=\"IMG_20230614_134735\" data-caption=\"IMG_20230614_134735\" data-title=\"IMG_20230614_134735\" style=\" width:215px; height:215px;\" \/><\/div><FIGCAPTION class=\"\" data-alpha=\"5\" style=\"color:#ffffff; background-color:#6f0000; font-size:140; text-align:left; font-family:Default;\" ><div class=\"grid-gallery-figcaption-wrap\" style=\"\"><\/div><\/FIGCAPTION><\/FIGURE> <div class=\"grid-gallery-clearfix\"><\/div> <\/div> <div class=\"gallery-sharing-bottom\" style=\"display:none;\"> <\/div> <div class=\"gallery-sharing-image\" style=\"display:none;\"> <\/div> <div class=\"gallery-sharing-popup\" style=\"display:none;\"> <\/div> <div class=\"grid-gallery-clearfix\"><\/div> <\/div> <!-- Gallery by Supsystic plugin1.16.0 --><a title=\"WordPress Image Gallery Plugin\" style=\"display:none;\" href=\"https:\/\/supsystic.com\/plugins\/photo-gallery\/?utm_medium=love_link\" target=\"_blank\">WordPress Image Gallery Plugin<\/a>\n<p>Zdj\u0119cia udost\u0119pnione przez Jakuba Ryb\u0119 z IPN oddzia\u0142u Krakowskiego i z archiwum autorki<\/p>\n<p>&nbsp;<\/p>\n","protected":false},"excerpt":{"rendered":"<p>14 czerwca 2023 r. w zwi\u0105zku z Narodowym Dniem Pami\u0119ci Ofiar Niemieckich Nazistowskich Oboz\u00f3w Koncentracyjnych i Oboz\u00f3w Zag\u0142ady gr\u00f3b Kamili Janowicz-Sycz (1920-2019) na cmentarzu Rakowickim w Krakowie zosta\u0142 oznaczony tabliczk\u0105 \u201eGr\u00f3b weterana walk o wolno\u015b\u0107 i niepodleg\u0142o\u015b\u0107 Polski\u201d.<\/p>\n","protected":false},"author":1,"featured_media":3570,"comment_status":"closed","ping_status":"open","sticky":false,"template":"","format":"standard","meta":{"ngg_post_thumbnail":0,"footnotes":""},"categories":[4],"tags":[],"class_list":["post-3569","post","type-post","status-publish","format-standard","has-post-thumbnail","hentry","category-aktualnosci"],"_links":{"self":[{"href":"https:\/\/www.rodzinaravensbruck.pl\/index.php\/wp-json\/wp\/v2\/posts\/3569","targetHints":{"allow":["GET"]}}],"collection":[{"href":"https:\/\/www.rodzinaravensbruck.pl\/index.php\/wp-json\/wp\/v2\/posts"}],"about":[{"href":"https:\/\/www.rodzinaravensbruck.pl\/index.php\/wp-json\/wp\/v2\/types\/post"}],"author":[{"embeddable":true,"href":"https:\/\/www.rodzinaravensbruck.pl\/index.php\/wp-json\/wp\/v2\/users\/1"}],"replies":[{"embeddable":true,"href":"https:\/\/www.rodzinaravensbruck.pl\/index.php\/wp-json\/wp\/v2\/comments?post=3569"}],"version-history":[{"count":2,"href":"https:\/\/www.rodzinaravensbruck.pl\/index.php\/wp-json\/wp\/v2\/posts\/3569\/revisions"}],"predecessor-version":[{"id":3580,"href":"https:\/\/www.rodzinaravensbruck.pl\/index.php\/wp-json\/wp\/v2\/posts\/3569\/revisions\/3580"}],"wp:featuredmedia":[{"embeddable":true,"href":"https:\/\/www.rodzinaravensbruck.pl\/index.php\/wp-json\/wp\/v2\/media\/3570"}],"wp:attachment":[{"href":"https:\/\/www.rodzinaravensbruck.pl\/index.php\/wp-json\/wp\/v2\/media?parent=3569"}],"wp:term":[{"taxonomy":"category","embeddable":true,"href":"https:\/\/www.rodzinaravensbruck.pl\/index.php\/wp-json\/wp\/v2\/categories?post=3569"},{"taxonomy":"post_tag","embeddable":true,"href":"https:\/\/www.rodzinaravensbruck.pl\/index.php\/wp-json\/wp\/v2\/tags?post=3569"}],"curies":[{"name":"wp","href":"https:\/\/api.w.org\/{rel}","templated":true}]}}