{"id":3642,"date":"2023-10-25T13:02:49","date_gmt":"2023-10-25T11:02:49","guid":{"rendered":"http:\/\/www.rodzinaravensbruck.pl\/?p=3642"},"modified":"2023-10-25T14:38:43","modified_gmt":"2023-10-25T12:38:43","slug":"dr-wanda-poltawska-1921-2023","status":"publish","type":"post","link":"https:\/\/www.rodzinaravensbruck.pl\/index.php\/2023\/10\/25\/dr-wanda-poltawska-1921-2023\/","title":{"rendered":"Dr Wanda P\u00f3\u0142tawska 1921-2023"},"content":{"rendered":"<p>W nocy 24\/25 pa\u017adziernika 2023 roku, na kilka dni przed 102. urodzinami 2 listopada, zmar\u0142a w Krakowie dr Wanda P\u00f3\u0142tawska, ostatni \u015awiadek eksperyment\u00f3w pseudomedycznych wykonywanych w niemieckim, nazistowskim obozie koncentracyjnym w Ravensbr\u00fcck. Prezes Honorowy naszego Stowarzyszenia.<!--more--><br \/>\nBy\u0142a niez\u0142omna, silna, sta\u0142a na stra\u017cy prawdy, ochrony \u017cycia od pocz\u0119cia a\u017c do \u015bmierci, by\u0142a wierna naukom \u015bw. Jana Paw\u0142a II, swoj\u0105 wiedz\u0105, przemy\u015bleniami dzieli\u0142a si\u0119 i przekazywa\u0142a kolejnym pokoleniom. Na drodze d\u0142ugiego \u017cycia spotka\u0142a wielu potrzebuj\u0105cych Jej pomocy jako lekarza psychiatry, pocieszyciela, nauczyciela, przyjaciela. Wszyscy, kt\u00f3rzy mieli\u015bmy szcz\u0119\u015bcie spotyka\u0107 si\u0119 z Pani\u0105 Doktor, odbywa\u0107 niekiedy d\u0142ugie rozmowy, wys\u0142ucha\u0107 Jej rad i przemy\u015ble\u0144, jeste\u015bmy teraz \u015bwiadkami Jej \u017cycia, co zobowi\u0105zuje nas do kontynuowania Jej pos\u0142annictwa i przekazywania tej wiedzy nast\u0119pnym pokoleniom.<br \/>\nDla nas, cz\u0142onk\u00f3w Stowarzyszenia \u201eRodzina Wi\u0119\u017aniarek Niemieckiego Obozu Koncentracyjnego Ravensbr\u00fcck\u201d, wielkie zadanie \u2013 dzia\u0142a\u0107 tak \u201eAby echo Ich\/Jej g\u0142os\u00f3w nigdy nie zamilk\u0142o\u201d. Czy damy rad\u0119 bez Pani Doktor? By\u0142a nasz\u0105 opok\u0105, mistrzem. Dla nas dzieci by\u0142ych wi\u0119\u017aniarek stawa\u0142a si\u0119 matk\u0105, kiedy nasze matki ju\u017c odesz\u0142y. Pozostaje wielkim autorytetem.<br \/>\n22 wrze\u015bnia 2023, w Krakowie \u015bp. Pani dr Wanda P\u00f3\u0142tawska spotka\u0142a si\u0119 z m\u0142odzie\u017c\u0105, z finalistami XII edycji Og\u00f3lnopolskiego Konkursu Historyczno-Literackiego \u201ePolskie Wi\u0119\u017aniarki w Ravensbr\u00fcck\u201d \u2013 to by\u0142o ostatnie publiczne spotkanie, d\u0142ugie ponad 4 godzinne, ale wtedy nie wiedzieli\u015bmy, \u017ce to ostatnie spotkanie i snuli\u015bmy plany na kolejne\u2026<br \/>\nJeszcze trudno w to uwierzy\u0107, \u017ce przechodz\u0105c przez krakowski rynek, nie zobaczymy \u015bwiat\u0142a w oknach na ostatnim pi\u0119trze kamienicy na rogu Rynku i ulicy Brackiej \u2013 a na czwarte pi\u0119tro ju\u017c si\u0119 nie wyspinamy, aby J\u0105 odwiedzi\u0107, my\u015bl\u0105c jak Pani Doktor mia\u0142a si\u0142\u0119 pokona\u0107 tyle schod\u00f3w\u2026<br \/>\nNa za\u0142\u0105czonym zdj\u0119ciu \u015bp. dr Wanda P\u00f3\u0142tawska z bukietem kwiat\u00f3w od naszego Stowarzyszenia na swoje 101. urodziny w 2022\u2026<br \/>\nM\u00f3wi\u0142a, urodzi\u0142am si\u0119 w Dzie\u0144 Zaduszny, w ten dzie\u0144 nale\u017cy wspomina\u0107 i modli\u0107 si\u0119 za zmar\u0142ych, a nie sk\u0142ada\u0107 \u017cyczenia urodzinowe. I to si\u0119 spe\u0142ni w tym roku\u2026<br \/>\nPo\u017cegnanie? Nie, Pani Doktor b\u0119dzie przy nas zawsze\u2026A na corocznych koncertach \u201eSi\u0142a Mi\u0142o\u015bci\u201d znowu us\u0142yszymy jej g\u0142os\u2026 i ten przejmuj\u0105cy wiersz pt. \u201eOdej\u015bcie\u201d Zofii Poci\u0142owskiej-Kann, obozowej kole\u017canki, wi\u0119\u017aniarki KL Ravensbr\u00fcck<br \/>\nFragment<\/p>\n<p>Wkr\u00f3tce b\u0119d\u0119<br \/>\niskr\u0105 gasn\u0105c\u0105 w powietrzu<br \/>\n&#8212;&#8211;<br \/>\ncieniem chmury<br \/>\np\u0142yn\u0105cej na wietrze<br \/>\nzapisem nieodczytanym w<br \/>\nboskiej ksi\u0119dze wieczno\u015bci<\/p>\n<p>Lecz jak\u0105\u015b cz\u0105stk\u0105 swej istoty<br \/>\npowr\u00f3c\u0119 w \u0142ono Ziemi<br \/>\naby trwa\u0107 dalej<br \/>\nw li\u015bci poszeptach<br \/>\nw kwiat\u00f3w dreszczach<br \/>\ni w traw \u0142agodnym pochyleniu\u2026..<\/p>\n<p>Rodzinie \u015bp. Pani Doktor Wandy P\u00f3\u0142tawskiej sk\u0142adam w imieniu cz\u0142onk\u00f3w naszego Stowarzyszenia z g\u0142\u0119bi serca p\u0142yn\u0105ce wyrazy wsp\u00f3\u0142czucia.<br \/>\nEl\u017cbieta Kuta, prezes Stowarzyszenia<\/p>\n","protected":false},"excerpt":{"rendered":"<p>W nocy 24\/25 pa\u017adziernika 2023 roku, na kilka dni przed 102. urodzinami 2 listopada, zmar\u0142a w Krakowie dr Wanda P\u00f3\u0142tawska, ostatni \u015awiadek eksperyment\u00f3w pseudomedycznych wykonywanych w niemieckim, nazistowskim obozie koncentracyjnym w Ravensbr\u00fcck. Prezes Honorowy naszego Stowarzyszenia.<\/p>\n","protected":false},"author":1,"featured_media":3643,"comment_status":"closed","ping_status":"open","sticky":false,"template":"","format":"standard","meta":{"ngg_post_thumbnail":0,"footnotes":""},"categories":[4,67],"tags":[],"class_list":["post-3642","post","type-post","status-publish","format-standard","has-post-thumbnail","hentry","category-aktualnosci","category-pamietamy"],"_links":{"self":[{"href":"https:\/\/www.rodzinaravensbruck.pl\/index.php\/wp-json\/wp\/v2\/posts\/3642","targetHints":{"allow":["GET"]}}],"collection":[{"href":"https:\/\/www.rodzinaravensbruck.pl\/index.php\/wp-json\/wp\/v2\/posts"}],"about":[{"href":"https:\/\/www.rodzinaravensbruck.pl\/index.php\/wp-json\/wp\/v2\/types\/post"}],"author":[{"embeddable":true,"href":"https:\/\/www.rodzinaravensbruck.pl\/index.php\/wp-json\/wp\/v2\/users\/1"}],"replies":[{"embeddable":true,"href":"https:\/\/www.rodzinaravensbruck.pl\/index.php\/wp-json\/wp\/v2\/comments?post=3642"}],"version-history":[{"count":3,"href":"https:\/\/www.rodzinaravensbruck.pl\/index.php\/wp-json\/wp\/v2\/posts\/3642\/revisions"}],"predecessor-version":[{"id":3647,"href":"https:\/\/www.rodzinaravensbruck.pl\/index.php\/wp-json\/wp\/v2\/posts\/3642\/revisions\/3647"}],"wp:featuredmedia":[{"embeddable":true,"href":"https:\/\/www.rodzinaravensbruck.pl\/index.php\/wp-json\/wp\/v2\/media\/3643"}],"wp:attachment":[{"href":"https:\/\/www.rodzinaravensbruck.pl\/index.php\/wp-json\/wp\/v2\/media?parent=3642"}],"wp:term":[{"taxonomy":"category","embeddable":true,"href":"https:\/\/www.rodzinaravensbruck.pl\/index.php\/wp-json\/wp\/v2\/categories?post=3642"},{"taxonomy":"post_tag","embeddable":true,"href":"https:\/\/www.rodzinaravensbruck.pl\/index.php\/wp-json\/wp\/v2\/tags?post=3642"}],"curies":[{"name":"wp","href":"https:\/\/api.w.org\/{rel}","templated":true}]}}