{"id":3874,"date":"2024-04-11T20:34:45","date_gmt":"2024-04-11T18:34:45","guid":{"rendered":"http:\/\/www.rodzinaravensbruck.pl\/?p=3874"},"modified":"2024-04-11T20:46:22","modified_gmt":"2024-04-11T18:46:22","slug":"program-wyjazdu-79-rocznica-oswobodzenia-kl-ravensbruck-11-14-kwietnia-2024","status":"publish","type":"post","link":"https:\/\/www.rodzinaravensbruck.pl\/index.php\/2024\/04\/11\/program-wyjazdu-79-rocznica-oswobodzenia-kl-ravensbruck-11-14-kwietnia-2024\/","title":{"rendered":"Program wyjazdu &#8222;79. ROCZNICA OSWOBODZENIA KL RAVENSBR\u00dcCK 11-14 KWIETNIA 2024&#8221;"},"content":{"rendered":"<p>Patronat honorowy: dr Karol Nawrocki, Prezes IPN<\/p>\n<p><strong><u>Uczestnicy wyjazdu 47 os\u00f3b: <\/u><\/strong>cz\u0142onkowie rodzin by\u0142ych wi\u0119\u017aniarek KL Ravensbr\u00fcck, cz\u0142onkowie Stowarzyszenia, harcerze z opiekunami, przedstawicielka Oddzia\u0142owego Biura Edukacji Narodowej IPN w Krakowie, przedstawiciel Stowarzyszenia Ne Cedat Academia. <!--more--><\/p>\n<p><strong><u>Dzie\u0144 pierwszy: 12<\/u><\/strong><strong> kwietnia (pi\u0105tek)<\/strong><\/p>\n<p>\u2013\u00a0 <strong>godz. 8:30<\/strong> <strong>\u2013 wyjazd z Krakowa<\/strong> <strong>do Templina<\/strong> (Niemcy)<\/p>\n<p>\u2013\u00a0 <strong>godz. 18:00 planowany przyjazd do Templina<\/strong><\/p>\n<p>nocleg w hotelu w Templinie: <strong>Hotel <\/strong>AHORN Seehotel Templin Betriebs GmbH Am L\u00fcbbesee 1 <strong>|<\/strong> 17268 Templin<\/p>\n<p><a href=\"https:\/\/www.ahorn-hotels.de\/pl\/hotele\/ahorn-seehotel-templin\/informacje-ogolne\/\">https:\/\/www.ahorn-hotels.de\/pl\/hotele\/ahorn-seehotel-templin\/informacje-ogolne\/<\/a><\/p>\n<p><strong><u>Dzie\u0144 drugi:<\/u><\/strong><strong> 13 kwietnia (sobota)<\/strong><\/p>\n<p>\u2013 <strong>godz.<\/strong> 8<strong>:00 <\/strong><strong>\u2013 wyjazd do <\/strong>Gr\u00fcneberg <strong>miejsca gdzie by\u0142 podob\u00f3z KL Ravensbr\u00fcck <\/strong><strong>(ok. 57 km czas 50-60 min) <\/strong><a href=\"https:\/\/www.kz-grueneberg.de\/\">https:\/\/www.kz-grueneberg.de\/<\/a><\/p>\n<p>\u2013 <strong>godz. 9:30<\/strong>: rozpocz\u0119cie uroczysto\u015bci na terenie dawnego podobozu w Gr\u00fcneberg, Gartenstra\u00dfe 16 16775 L\u00f6wenberger Land OT Gr\u00fcneberg (informacje o podobozie w materia\u0142ach edukacyjnych) erg<\/p>\n<p>\u2013 <strong>godz. 10:30<\/strong>: nabo\u017ce\u0144stwo z Gerhardem Gabrielem, proboszczem, akompaniament muzyczny: Jens Seidenfad.<\/p>\n<p>\u2013 <strong>godz. 11:00:<\/strong> Janusz Rakowicz\u00a0 wspomnienie dziecka urodzonego w KL Ravensbr\u00fcck<\/p>\n<p>\u2013 <strong>godz. 12:00 \u2013 <\/strong>F\u00fcrstenberg \u2013 cmentarz: mogi\u0142a\/pomnik rozstrzelanych wi\u0119\u017aniarek; gr\u00f3b\u00a0 Marka Rzewuskiego, dziecka urodzonego w obozie. Historia tego miejsca, wykopaliska archeologiczne<\/p>\n<p>\u2013 <strong>godz. 13:00 \u2013 <\/strong>wyjazd do Ravensber\u00fcck: dawny teren Jugendschutzlager Uckermark \u2013 obozu dla m\u0142odzie\u017cy, p\u00f3\u017aniejszy ob\u00f3z zag\u0142ady, filia KL Ravensbr\u00fcck; miejsce egzekucji wi\u0119\u017aniarek; zwiedzanie terenu dawnego obozu, Muzeum, Bunkier, Szczelina, Krematorium jezioro Schwedt, bia\u0142y namiot<\/p>\n<p>\u2013 <strong>godz. 17:30 \u2013<\/strong> wyjazd do Templina, obiadokolacja<\/p>\n<p>\u2013 <strong>godz. 20:00 <\/strong>\u2013 spotkanie nieformalne (<em>podzielenie si\u0119 refleksjami i dyskusja o dalszych kierunkach dzia\u0142a\u0144 w sprawie upami\u0119tniania)<\/em><\/p>\n<p><strong><u>Dzie\u0144 trzeci: 14<\/u><\/strong><strong> kwietnia (niedziela)<\/strong><\/p>\n<p>\u2013 <strong>godz.\u00a08:15<\/strong>\u00a0\u2013 wyjazd do F\u00fcrstenberg<\/p>\n<p>\u2013 <strong>godz. 9:00-9:30 <\/strong>\u2013 udzia\u0142 w uroczysto\u015bci z\u0142o\u017cenia wie\u0144c\u00f3w przez delegacje z Polski na grobie rozstrzelanych polskich wi\u0119\u017aniarek oraz dziecka Marka Rzewuskiego.<\/p>\n<p>\u2013 <strong>godz. 9:40<\/strong> \u2013 wyjazd do Ravensbr\u00fcck<\/p>\n<p>\u2013 <strong>godz. 10:00<\/strong> \u2013 g\u0142\u00f3wne uroczysto\u015bci w Ravensbr\u00fcck, przem\u00f3wienia, sk\u0142adanie kwiat\u00f3w w miejscach upami\u0119tniania (pomnik, tablica polska na murze, Szczelina, jezioro Schwedt)<\/p>\n<p>\u2013 <strong>godz. 12:30 <\/strong>\u2013 msza \u015bw. w j. polskim (Polska Misja Katolicka w Berlinie) w Bunkrze<\/p>\n<p>\u2013 <strong>godz. 14:30<\/strong> \u2013 wyjazd do Neubrandenburga (przejazd ok. 1. godz.) &#8211; zbiorowa mogi\u0142a wi\u0119\u017aniarek, tablica Polska<\/p>\n<p>\u2013 <strong>godz. 16:30 <\/strong>\u2013 wyjazd do Templina (przejazd ok. 1,5 godz.)<\/p>\n<p><strong><u>Dzie\u0144 czwarty: 15<\/u><\/strong><strong> kwietnia (poniedzia\u0142ek)<\/strong><\/p>\n<p>\u2013 <strong>godz. 8:30<\/strong> \u2013 wyjazd do Berlina: Gedenkst\u00e4tte Pl\u00f6tzensee wi\u0119zienie w kt\u00f3rym zamordowano ok. 250 polskich wi\u0119\u017ani\u00f3w politycznych, miejsce stracenia niemieckich organizator\u00f3w zamachu na Hitlera w dniu 20 lipca 1944 roku; Reichstag (tylko z zewn\u0105trz), Brama Brandenburska; Pomnik Pomordowanych \u017byd\u00f3w Europy; \u201eTopographie des Terrors\u201c miejsce gdzie znajdowa\u0142a si\u0119 centrala Geheimen Staatspolizei Gestapo i Reichssicherheitshauptamt (dla Polak\u00f3w miejsce wa\u017cne ze wzgl\u0119du na fakt, \u017ce w tym miejscu czasowo wi\u0119zieni byli genera\u0142 Grot Rowecki i Biskup Bursche), Instytut Pileckiego.<\/p>\n<p>\u2013 <strong>godz. 15:00 <\/strong>\u2013 wyjazd do Krakowa (planowany czas przyjazdu do Krakowa ok. godz. 22:00).<\/p>\n<p><a href=\"https:\/\/www.rodzinaravensbruck.pl\/wp-content\/uploads\/2024\/04\/wyjazd.png\"><img loading=\"lazy\" decoding=\"async\" class=\"size-large wp-image-3875 aligncenter\" src=\"https:\/\/www.rodzinaravensbruck.pl\/wp-content\/uploads\/2024\/04\/wyjazd-802x1024.png\" alt=\"\" width=\"525\" height=\"670\" srcset=\"https:\/\/www.rodzinaravensbruck.pl\/wp-content\/uploads\/2024\/04\/wyjazd-802x1024.png 802w, https:\/\/www.rodzinaravensbruck.pl\/wp-content\/uploads\/2024\/04\/wyjazd-235x300.png 235w, https:\/\/www.rodzinaravensbruck.pl\/wp-content\/uploads\/2024\/04\/wyjazd-768x981.png 768w, https:\/\/www.rodzinaravensbruck.pl\/wp-content\/uploads\/2024\/04\/wyjazd.png 1115w\" sizes=\"auto, (max-width: 525px) 100vw, 525px\" \/><\/a><\/p>\n<p>Patronat honorowy: dr Karol Nawrocki, Prezes IPN<\/p>\n","protected":false},"excerpt":{"rendered":"<p>Patronat honorowy: dr Karol Nawrocki, Prezes IPN Uczestnicy wyjazdu 47 os\u00f3b: cz\u0142onkowie rodzin by\u0142ych wi\u0119\u017aniarek KL Ravensbr\u00fcck, cz\u0142onkowie Stowarzyszenia, harcerze z opiekunami, przedstawicielka Oddzia\u0142owego Biura Edukacji Narodowej IPN w Krakowie, przedstawiciel Stowarzyszenia Ne Cedat Academia.<\/p>\n","protected":false},"author":1,"featured_media":3881,"comment_status":"closed","ping_status":"open","sticky":false,"template":"","format":"standard","meta":{"ngg_post_thumbnail":0,"footnotes":""},"categories":[4],"tags":[],"class_list":["post-3874","post","type-post","status-publish","format-standard","has-post-thumbnail","hentry","category-aktualnosci"],"_links":{"self":[{"href":"https:\/\/www.rodzinaravensbruck.pl\/index.php\/wp-json\/wp\/v2\/posts\/3874","targetHints":{"allow":["GET"]}}],"collection":[{"href":"https:\/\/www.rodzinaravensbruck.pl\/index.php\/wp-json\/wp\/v2\/posts"}],"about":[{"href":"https:\/\/www.rodzinaravensbruck.pl\/index.php\/wp-json\/wp\/v2\/types\/post"}],"author":[{"embeddable":true,"href":"https:\/\/www.rodzinaravensbruck.pl\/index.php\/wp-json\/wp\/v2\/users\/1"}],"replies":[{"embeddable":true,"href":"https:\/\/www.rodzinaravensbruck.pl\/index.php\/wp-json\/wp\/v2\/comments?post=3874"}],"version-history":[{"count":3,"href":"https:\/\/www.rodzinaravensbruck.pl\/index.php\/wp-json\/wp\/v2\/posts\/3874\/revisions"}],"predecessor-version":[{"id":3878,"href":"https:\/\/www.rodzinaravensbruck.pl\/index.php\/wp-json\/wp\/v2\/posts\/3874\/revisions\/3878"}],"wp:featuredmedia":[{"embeddable":true,"href":"https:\/\/www.rodzinaravensbruck.pl\/index.php\/wp-json\/wp\/v2\/media\/3881"}],"wp:attachment":[{"href":"https:\/\/www.rodzinaravensbruck.pl\/index.php\/wp-json\/wp\/v2\/media?parent=3874"}],"wp:term":[{"taxonomy":"category","embeddable":true,"href":"https:\/\/www.rodzinaravensbruck.pl\/index.php\/wp-json\/wp\/v2\/categories?post=3874"},{"taxonomy":"post_tag","embeddable":true,"href":"https:\/\/www.rodzinaravensbruck.pl\/index.php\/wp-json\/wp\/v2\/tags?post=3874"}],"curies":[{"name":"wp","href":"https:\/\/api.w.org\/{rel}","templated":true}]}}