{"id":3884,"date":"2024-04-20T21:44:06","date_gmt":"2024-04-20T19:44:06","guid":{"rendered":"http:\/\/www.rodzinaravensbruck.pl\/?p=3884"},"modified":"2024-04-20T21:44:28","modified_gmt":"2024-04-20T19:44:28","slug":"odsloniecie-pomnika-zycia-pamieci-dr-wandy-poltawskiej-w-niegoslawicach","status":"publish","type":"post","link":"https:\/\/www.rodzinaravensbruck.pl\/index.php\/2024\/04\/20\/odsloniecie-pomnika-zycia-pamieci-dr-wandy-poltawskiej-w-niegoslawicach\/","title":{"rendered":"Ods\u0142oni\u0119cie &#8222;Pomnika \u017bycia&#8221; pami\u0119ci dr Wandy P\u00f3\u0142tawskiej w Niegos\u0142awicach"},"content":{"rendered":"<p>18 kwietnia 2024<!--more--><\/p>\n<p><iframe loading=\"lazy\" title=\"Ods\u0142oni\u0119cie pomnika pami\u0119ci dr Wandy P\u00f3\u0142tawskiej w Niegos\u0142awicach\" width=\"525\" height=\"295\" src=\"https:\/\/www.youtube.com\/embed\/hdkNpWlG3co?feature=oembed\" frameborder=\"0\" allow=\"accelerometer; autoplay; clipboard-write; encrypted-media; gyroscope; picture-in-picture; web-share\" referrerpolicy=\"strict-origin-when-cross-origin\" allowfullscreen><\/iframe><\/p>\n","protected":false},"excerpt":{"rendered":"<p>18 kwietnia 2024<\/p>\n","protected":false},"author":1,"featured_media":1444,"comment_status":"closed","ping_status":"open","sticky":false,"template":"","format":"standard","meta":{"ngg_post_thumbnail":0,"footnotes":""},"categories":[4],"tags":[],"class_list":["post-3884","post","type-post","status-publish","format-standard","has-post-thumbnail","hentry","category-aktualnosci"],"_links":{"self":[{"href":"https:\/\/www.rodzinaravensbruck.pl\/index.php\/wp-json\/wp\/v2\/posts\/3884","targetHints":{"allow":["GET"]}}],"collection":[{"href":"https:\/\/www.rodzinaravensbruck.pl\/index.php\/wp-json\/wp\/v2\/posts"}],"about":[{"href":"https:\/\/www.rodzinaravensbruck.pl\/index.php\/wp-json\/wp\/v2\/types\/post"}],"author":[{"embeddable":true,"href":"https:\/\/www.rodzinaravensbruck.pl\/index.php\/wp-json\/wp\/v2\/users\/1"}],"replies":[{"embeddable":true,"href":"https:\/\/www.rodzinaravensbruck.pl\/index.php\/wp-json\/wp\/v2\/comments?post=3884"}],"version-history":[{"count":1,"href":"https:\/\/www.rodzinaravensbruck.pl\/index.php\/wp-json\/wp\/v2\/posts\/3884\/revisions"}],"predecessor-version":[{"id":3885,"href":"https:\/\/www.rodzinaravensbruck.pl\/index.php\/wp-json\/wp\/v2\/posts\/3884\/revisions\/3885"}],"wp:featuredmedia":[{"embeddable":true,"href":"https:\/\/www.rodzinaravensbruck.pl\/index.php\/wp-json\/wp\/v2\/media\/1444"}],"wp:attachment":[{"href":"https:\/\/www.rodzinaravensbruck.pl\/index.php\/wp-json\/wp\/v2\/media?parent=3884"}],"wp:term":[{"taxonomy":"category","embeddable":true,"href":"https:\/\/www.rodzinaravensbruck.pl\/index.php\/wp-json\/wp\/v2\/categories?post=3884"},{"taxonomy":"post_tag","embeddable":true,"href":"https:\/\/www.rodzinaravensbruck.pl\/index.php\/wp-json\/wp\/v2\/tags?post=3884"}],"curies":[{"name":"wp","href":"https:\/\/api.w.org\/{rel}","templated":true}]}}