{"id":3891,"date":"2024-04-24T12:12:41","date_gmt":"2024-04-24T10:12:41","guid":{"rendered":"http:\/\/www.rodzinaravensbruck.pl\/?p=3891"},"modified":"2024-04-24T12:17:02","modified_gmt":"2024-04-24T10:17:02","slug":"gala-finalowa-x-edycji-konkursu-w-kregu-poezji-i-prozy-lagrowej-wiezniarek-kl-ravensbruck-ruda-slaska-17-kwietnia-2024","status":"publish","type":"post","link":"https:\/\/www.rodzinaravensbruck.pl\/index.php\/2024\/04\/24\/gala-finalowa-x-edycji-konkursu-w-kregu-poezji-i-prozy-lagrowej-wiezniarek-kl-ravensbruck-ruda-slaska-17-kwietnia-2024\/","title":{"rendered":"Gala fina\u0142owa X edycji konkursu \u201eW kr\u0119gu poezji i prozy lagrowej wi\u0119\u017aniarek KL Ravensbr\u00fcck\u201c \u2013 Ruda \u015al\u0105ska, 17 kwietnia 2024"},"content":{"rendered":"<h3>Konkurs zosta\u0142 obj\u0119ty honorowym patronatem Ma\u0142\u017conki Prezydenta RP Agaty Kornhauser-Dudy.<\/h3>\n<p>W \u015al\u0105skim\u00a0Teatrze\u00a0Impresaryjnym im. Henryka Bisty w Rudzie \u015al\u0105skiej odby\u0142a si\u0119 Gala Fina\u0142owa X edycji og\u00f3lnopolskiego konkursu recytatorskiego &#8222;W kr\u0119gu poezji i prozy lagrowej wi\u0119\u017aniarek KL Ravensbr\u00fcck&#8221;<\/p>\n<p>Organizatorem konkursu by\u0142 Instytut Pami\u0119ci Narodowej, Miasto Ruda \u015al\u0105ska (Urz\u0105d Miasta Ruda \u015al\u0105ska) oraz Stowarzyszenie &#8222;Rodzina wi\u0119\u017aniarek niemieckiego obozu koncentracyjnego Ravensbr\u00fcck&#8221;.<!--more--><\/p>\n<p>Konkurs zosta\u0142 obj\u0119ty honorowym patronatem Ma\u0142\u017conki Prezydenta RP Agaty Kornhauser-Dudy, kt\u00f3ra to za pomoc\u0105 multimedi\u00f3w przes\u0142a\u0142a uczestnikom\u00a0gali kilka s\u0142\u00f3w.<\/p>\n<p>Go\u015b\u0107mi gali fina\u0142owej byli m.in.: panie Irena Cyrankiewicz, Krystyna Parady\u017c, Zdzis\u0142awa W\u0142odarczyk,\u00a0by\u0142e wi\u0119\u017aniarki oboz\u00f3w koncentracyjnych, c\u00f3rki \u015bp. prof. Wandy P\u00f3\u0142tawskiej \u2013 Anna Dadak, Katarzyna Zaleska z rodzinami, rodziny wi\u0119\u017aniarek KL Ravenbruck, m.in. Micha\u0142 Naumann, syn Marii Hiszpa\u0144skiej-Neumann wraz z ma\u0142\u017conk\u0105, Jadwiga Hucz, Teresa Kurcyusz-Furmanik, Arkadiusz Szlachetko, Prezydent Miasta Ruda \u015al\u0105ska pan Micha\u0142 Piero\u0144czyk, przedstawiciel wiceprezydenta Miasta Ruda \u015al\u0105ska pan Jacek Morek, przewodnicz\u0105cy Rady Miasta Ruda \u015al\u0105ska, Kazimierz Myszurdyr, dyrektor Oddzia\u0142u Instytutu Pami\u0119ci Narodowej w Katowicach pan dr Andrzej Sznajder, wiceprezes Stowarzyszenia &#8222;Rodzina wi\u0119\u017aniarek niemieckiego obozu koncentracyjnego Ravensbr\u00fcck&#8221; oraz c\u00f3rka ravensbruczanki Katarzyny Matei pani Maria Lorens, naczelnik Oddzia\u0142owego Biura Edukacji IPN w Bia\u0142ymstoku, Urszula Gierasimiuk, naczelnik Oddzia\u0142owego Biura Edukacji IPN w Katowicach, Ryszard Mozgol, koordynatorzy konkurs\u00f3w: og\u00f3lnopolskiego, Ewelina Ma\u0142achowska, bia\u0142ostockiego Oddzia\u0142u IPN, Paula Prudzi\u0142owicz, rzeszowskiego Oddzia\u0142u IPN, Katarzyna Hudzicka-Chochorowska, wroc\u0142awskiego Oddzia\u0142u IPN, Marek Gadowicz.<\/p>\n<p>Podczas uroczysto\u015bci, w holu \u015al\u0105skiego Teatru Impresaryjnego mo\u017cna by\u0142o zobaczy\u0107 wystaw\u0119 edukacyjn\u0105 IPN \u201eFKL Ravensbr\u00fcck. Ob\u00f3z koncentracyjny dla kobiet 1939-1945\u201d.<\/p>\n<p>Go\u015bcie\u00a0specjalni\u00a0gali fina\u0142owej by\u0142y panie Irena Cyrankiewicz, Krystyna Parady\u017c, Zdzis\u0142awa W\u0142odarczyk, by\u0142e wi\u0119\u017aniarki oboz\u00f3w koncentracyjnych oraz rodziny wi\u0119\u017aniarek KL Ravensbr\u00fcck, Jadwiga Hucz, Teresa Kurcyusz-Furmanik przed gal\u0105 uczestniczyli w spotkaniu z dziennikarzami lokalnych medi\u00f3w.<\/p>\n<p>Podczas gali fina\u0142owej odby\u0142o si\u0119 uroczyste nadanie konkursowi imienia wyj\u0105tkowej postaci \u2013 \u015bp. prof. Wandy P\u00f3\u0142tawskiej.<\/p>\n<p>Jak co roku gal\u0119 fina\u0142ow\u0105 u\u015bwietni\u0142y doskona\u0142e wyst\u0119py m\u0142odych aktor\u00f3w &#8211; uczni\u00f3w Amatorski Teatr \u201ePierro\u201d z Morcinka przy II Liceum Og\u00f3lnokszta\u0142c\u0105ce z Oddzia\u0142ami Dwuj\u0119zycznymi im. Gustawa Morcinka w Rudzie \u015al\u0105skiej, kt\u00f3rych opiekunem jest pani Anna Morajko-Fornal.<\/p>\n<p>Podczas gali wyst\u0105pi\u0142o 27 finalist\u00f3w wy\u0142onionych w p\u00f3\u0142fina\u0142ach, kt\u00f3re odby\u0142y si\u0119 w marcu w czternastu miastach w ca\u0142ej Polsce &#8211; w Oddzia\u0142ach i Delegaturach IPN. Wtedy w szranki stan\u0119\u0142o prawie 300\u00a0recytator\u00f3w &#8211; najlepsi z nich spotkali si\u0119 na scenie rudzkiego centrum kultury. Zaprezentowali oni poezj\u0119 oraz proz\u0119 opart\u0105 na wspomnieniach i tw\u00f3rczo\u015bci wi\u0119\u017aniarek niemieckiego obozu koncentracyjnego dla kobiet Ravensbr\u00fcck. Przes\u0142uchaniom przygl\u0105da\u0142o si\u0119 jury w sk\u0142adzie:<\/p>\n<p>Ewa Romaniak, absolwentka Pa\u0144stwowej Wy\u017cszej Szko\u0142y Teatralnej w Krakowie, aktorka scen krakowskich, kt\u00f3ra pe\u0142ni rol\u0119 przewodnicz\u0105cej Jury, Pawe\u0142 Kumi\u0119ga, absolwent Pa\u0144stwowej Wy\u017cszej Szko\u0142y Teatralnej w Krakowie, aktor scen krakowskich, Wies\u0142awa \u017burek, pedagog, polonistka, pasjonatka teatru i mi\u0142o\u015bniczka poezji.<\/p>\n<p>Po burzliwych dyskusjach i sporach jury zdecydowa\u0142o si\u0119 przyzna\u0107 nast\u0119puj\u0105ce nagrody:<\/p>\n<p>Kategoria poezja:<\/p>\n<ol>\n<li>Anisiewicz Amelia, IV Liceum Og\u00f3lnokszta\u0142c\u0105ce im. Stefanii Sempo\u0142owskiej w Lublinie,<br \/>\n2. Bo\u017cewicz Justyna, II Liceum Og\u00f3lnokszta\u0142c\u0105ce im. Polonii i Polak\u00f3w na \u015awiecie w Augustowie,<br \/>\n3. Brzeska \u0141ucja, Prywatne Liceum Og\u00f3lnokszta\u0142c\u0105ce Si\u00f3str Niepokalanek im. Matki Bo\u017cej Cz\u0119stochowskiej w Szymanowie.<\/li>\n<\/ol>\n<p>Kategoria proza:<\/p>\n<ol>\n<li>Chwastek Nikodem, II Liceum Og\u00f3lnokszta\u0142c\u0105ce im. Stefana \u017beromskiego w D\u0105browie G\u00f3rniczej,<br \/>\n2. Staniaszek Julia Cecylia, Zesp\u00f3\u0142 Szk\u00f3\u0142 nr 1 im. Miko\u0142aja Kopernika w Koszalinie,<br \/>\n3. Targosz Hubert, I Liceum Og\u00f3lnokszta\u0142c\u0105ce im. Marcina Wadowity w Wadowicach.<\/li>\n<\/ol>\n<p>Finali\u015bci otrzymali dyplomy, pami\u0105tkowe statuetki oraz ksi\u0105\u017ckowe upominki.<\/p>\n<p>Nagrod\u0105 g\u0142\u00f3wn\u0105 dla wszystkich finalist\u00f3w oraz ich opiekun\u00f3w jest wyjazd do Niemiec i wizyta w Miejscu Pami\u0119ci i Przestrogi Ravensbr\u00fcck.<\/p>\n<p>ak co roku gal\u0119 fina\u0142ow\u0105 u\u015bwietni\u0142y doskona\u0142e wyst\u0119py m\u0142odych aktor\u00f3w &#8211; uczni\u00f3w Amatorski Teatr \u201ePierro\u201d z Morcinka przy II Liceum Og\u00f3lnokszta\u0142c\u0105ce z Oddzia\u0142ami Dwuj\u0119zycznymi im. Gustawa Morcinka w Rudzie \u015al\u0105skiej, kt\u00f3rych opiekunem jest pani Anna Morajko-Fornal. Etiudy w wykonaniu aktor\u00f3w \u0142\u0105czy\u0142y w sobie elementy ta\u0144ca i pantomimy, \u015bwiat\u0142a i muzyki. Dzi\u0119ki kr\u00f3tkim scenom obrazuj\u0105cym historie wi\u0119\u017aniarek KL Ravensbr\u00fcck prezentowane przez recytator\u00f3w teksty poezji i prozy nabra\u0142y jeszcze g\u0142\u0119bszego wyrazu a zgromadzona na widowni publiczno\u015b\u0107 mog\u0142a jeszcze bardziej wnikn\u0105\u0107 w p\u0142yn\u0105ce ze sceny s\u0142owa.<br \/>\n<style id=\"bwg-style-0\">      #bwg_container1_0 #bwg_container2_0 #bwg_mosaic_thumbnails_div_0 {        width: 100%;        position: relative;        background-color: rgba(255, 255, 255, 0.00);        text-align: center;        justify-content: center;                  margin-left: auto;          margin-right: auto;                    padding-left: 2px;          padding-top: 2px;                }          #bwg_container1_0 #bwg_container2_0 .bwg_mosaic_thumb_spun_0 {        display: block;        position: absolute;\t\t\t\tborder-radius: 0;\t\t\t\tborder: 0px none #CCCCCC;    \t\t    \t\tbackground-color:rgba(0,0,0, 0.30);        -moz-box-sizing: content-box !important;        -webkit-box-sizing: content-box !important;        box-sizing: content-box !important;      }\t\t\t#bwg_container1_0 #bwg_container2_0 .bwg_mosaic_thumb_0 {\t\t\t\tdisplay: block;\t\t\t\t-moz-box-sizing: content-box !important;\t\t\t\t-webkit-box-sizing: content-box !important;\t\t\t\tbox-sizing: content-box !important;\t\t\t\tmargin: 0;\t\t\t\topacity: 1.00;\t\t\t}      #bwg_container1_0 #bwg_container2_0 .bwg_mosaic_thumb_spun_0:hover {        opacity: 1;        backface-visibility: hidden;        -webkit-backface-visibility: hidden;        -moz-backface-visibility: hidden;        -ms-backface-visibility: hidden;        z-index: 102;      }\t     @media only screen and (min-width: 480px) {\t\t#bwg_container1_0 #bwg_container2_0 .bwg-container-0.bwg-mosaic-thumbnails .bwg-item0 img {\t\t\t-webkit-transition: -webkit-transform .3s; transition: transform .3s;\t\t}\t\t#bwg_container1_0 #bwg_container2_0 .bwg-container-0.bwg-mosaic-thumbnails .bwg-item0 img:hover {\t\t\t-ms-transform: scale(1.08);\t\t\t-webkit-transform: scale(1.08);\t\t\ttransform: scale(1.08);\t\t}\t\t      }\t      #bwg_container1_0 #bwg_container2_0 .bwg_mosaic_thumbnails_0 {        background-color: rgba(255, 255, 255, 0.00);        font-size: 0;        position: relative;        text-align: center;        display: inline-block;        visibility: hidden;              }\t  \/*image title styles*\/      #bwg_container1_0 #bwg_container2_0 .bwg_mosaic_title_spun1_0,      #bwg_container1_0 #bwg_container2_0 .bwg-mosaic-thumbnails .bwg_ecommerce_spun1_0 {        position: absolute;        display: block;        opacity: 0;        box-sizing: border-box;        text-align: center;\t\t\t\ttop: 50%;\t\t\t\tleft: 50%;\t\t\t\ttransform: translate(-50%, -50%);      }      #bwg_container1_0 #bwg_container2_0 .bwg-mosaic-thumbnails .bwg_mosaic_title_spun2_0,      #bwg_container1_0 #bwg_container2_0 .bwg-mosaic-thumbnails .bwg_ecommerce_spun2_0 {\t\t    color: #323A45;        font-family: Ubuntu;        font-size: 16px;        font-weight: bold;        text-shadow: ;        vertical-align: middle;        word-wrap: break-word;      }            .bwg_mosaic_play_icon_spun_0 {        display: table;        position: absolute;        left: -10000px;        top: 0px;        opacity: 0;      }      .bwg_mosaic_play_icon_0 {        color: #323A45;        font-size: 32px;        vertical-align: middle;        display: table-cell !important;        z-index: 1;        text-align: center;        margin: 0 auto;      }      #bwg_container1_0 #bwg_container2_0 .bwg_gal_title_0 {        background-color: rgba(0, 0, 0, 0);        color: #323A45;        display: block;        font-family: Ubuntu;        font-size: 16px;        font-weight: bold;        padding: 2px;        text-shadow: ;        text-align: center;      }            @media screen and (max-width: 350px) {      div[class^=\"bwg_mosaic_thumbnails_\"],      span[class^=\"bwg_mosaic_thumb_spun_\"] {      width: 100% !important;      }      img[class^=\"bwg_mosaic_thumb_\"] {      width: 100% !important;      height: auto !important;      margin: 0px auto !important;      }      }      <\/style>    <div id=\"bwg_container1_0\"         class=\"bwg_container bwg_thumbnail bwg_thumbnails_mosaic \"         data-right-click-protection=\"0\"         data-bwg=\"0\"         data-scroll=\"0\"         data-gallery-type=\"thumbnails_mosaic\"         data-gallery-view-type=\"thumbnails_mosaic\"         data-current-url=\"\/index.php\/wp-json\/wp\/v2\/posts\/3891\"         data-lightbox-url=\"https:\/\/www.rodzinaravensbruck.pl\/wp-admin\/admin-ajax.php?action=GalleryBox&#038;current_view=0&#038;gallery_id=2&#038;tag=0&#038;theme_id=1&#038;shortcode_id=6&#038;sort_by=order&#038;order_by=asc&#038;current_url=%2Findex.php%2Fwp-json%2Fwp%2Fv2%2Fposts%2F3891\"         data-gallery-id=\"2\"         data-popup-width=\"800\"         data-popup-height=\"500\"         data-is-album=\"gallery\"         data-buttons-position=\"bottom\">      <div id=\"bwg_container2_0\">             <div id=\"ajax_loading_0\" class=\"bwg_loading_div_1\">      <div class=\"bwg_loading_div_2\">        <div class=\"bwg_loading_div_3\">          <div id=\"loading_div_0\" class=\"bwg_spider_ajax_loading\">          <\/div>        <\/div>      <\/div>    <\/div>            <form id=\"gal_front_form_0\"              class=\"bwg-hidden\"              method=\"post\"              action=\"#\"              data-current=\"0\"              data-shortcode-id=\"6\"              data-gallery-type=\"thumbnails_mosaic\"              data-gallery-id=\"2\"              data-tag=\"0\"              data-album-id=\"0\"              data-theme-id=\"1\"              data-ajax-url=\"https:\/\/www.rodzinaravensbruck.pl\/wp-admin\/admin-ajax.php?action=bwg_frontend_data\">          <div id=\"bwg_container3_0\" class=\"bwg-background bwg-background-0\">                <div id=\"bwg_mosaic_thumbnails_div_0\"         class=\"bwg-container-0 bwg-container bwg-mosaic-thumbnails\"         data-bwg=\"0\"         data-mosaic-direction=\"vertical\"         data-resizable=\"0\"         data-width=\"250\"         data-height=\"250\"         data-total-width=\"100\"         data-block-id=\"bwg_thumbnails_mosaic_0\"         data-thumb-padding=\"2\"         data-thumb-border=\"0\"         data-title-margin=\"2px\"         data-image-title=\"none\"         data-play-icon=\"1\"         data-ecommerce-icon=\"none\"         data-gallery-id=\"2\"         data-lightbox-url=\"https:\/\/www.rodzinaravensbruck.pl\/wp-admin\/admin-ajax.php?action=GalleryBox&#038;current_view=0&#038;gallery_id=2&#038;tag=0&#038;theme_id=1&#038;shortcode_id=6&#038;sort_by=order&#038;order_by=asc&#038;current_url=%2Findex.php%2Fwp-json%2Fwp%2Fv2%2Fposts%2F3891\"         data-mosaic-thumb-transition=\"1\"         style=\"visibility: hidden\" >      <div id=\"bwg_thumbnails_mosaic_0\" class=\"bwg_mosaic_thumbnails_0\">                  <a  class=\"bwg-a bwg_lightbox bwg_lightbox_0\" href=\"https:\/\/www.rodzinaravensbruck.pl\/wp-content\/uploads\/photo-gallery\/imported_from_media_libray\/81-985471-foto-R.jpg?bwg=1713953621\" data-image-id=\"15\" data-elementor-open-lightbox=\"no\">          <div class=\"bwg_mosaic_thumb_spun_0 bwg-item0 bwg-mosaic-thumb-span \">            <img decoding=\"async\" class=\"bwg_mosaic_thumb_0 skip-lazy bwg_img_clear bwg_img_custom \"                 id=\"15\"                 src=\"https:\/\/www.rodzinaravensbruck.pl\/wp-content\/uploads\/photo-gallery\/imported_from_media_libray\/thumb\/81-985471-foto-R.jpg?bwg=1713953621\"                 data-src=\"https:\/\/www.rodzinaravensbruck.pl\/wp-content\/uploads\/photo-gallery\/imported_from_media_libray\/thumb\/81-985471-foto-R.jpg?bwg=1713953621\"                 data-width=\"500.00\"                 data-height=\"333.00\"                 alt=\"81-985471 foto R\"                 title=\"81-985471 foto R\" \/>                      <\/div>        <\/a>                <a  class=\"bwg-a bwg_lightbox bwg_lightbox_0\" href=\"https:\/\/www.rodzinaravensbruck.pl\/wp-content\/uploads\/photo-gallery\/imported_from_media_libray\/81-985603foto-R.jpg?bwg=1713953621\" data-image-id=\"16\" data-elementor-open-lightbox=\"no\">          <div class=\"bwg_mosaic_thumb_spun_0 bwg-item0 bwg-mosaic-thumb-span \">            <img decoding=\"async\" class=\"bwg_mosaic_thumb_0 skip-lazy bwg_img_clear bwg_img_custom \"                 id=\"16\"                 src=\"https:\/\/www.rodzinaravensbruck.pl\/wp-content\/uploads\/photo-gallery\/imported_from_media_libray\/thumb\/81-985603foto-R.jpg?bwg=1713953621\"                 data-src=\"https:\/\/www.rodzinaravensbruck.pl\/wp-content\/uploads\/photo-gallery\/imported_from_media_libray\/thumb\/81-985603foto-R.jpg?bwg=1713953621\"                 data-width=\"500.00\"                 data-height=\"333.00\"                 alt=\"81-985603foto R\"                 title=\"81-985603foto R\" \/>                      <\/div>        <\/a>                <a  class=\"bwg-a bwg_lightbox bwg_lightbox_0\" href=\"https:\/\/www.rodzinaravensbruck.pl\/wp-content\/uploads\/photo-gallery\/imported_from_media_libray\/81-985642foto-R.jpg?bwg=1713953621\" data-image-id=\"17\" data-elementor-open-lightbox=\"no\">          <div class=\"bwg_mosaic_thumb_spun_0 bwg-item0 bwg-mosaic-thumb-span \">            <img decoding=\"async\" class=\"bwg_mosaic_thumb_0 skip-lazy bwg_img_clear bwg_img_custom \"                 id=\"17\"                 src=\"https:\/\/www.rodzinaravensbruck.pl\/wp-content\/uploads\/photo-gallery\/imported_from_media_libray\/thumb\/81-985642foto-R.jpg?bwg=1713953621\"                 data-src=\"https:\/\/www.rodzinaravensbruck.pl\/wp-content\/uploads\/photo-gallery\/imported_from_media_libray\/thumb\/81-985642foto-R.jpg?bwg=1713953621\"                 data-width=\"500.00\"                 data-height=\"333.00\"                 alt=\"81-985642foto R.\"                 title=\"81-985642foto R.\" \/>                      <\/div>        <\/a>                <a  class=\"bwg-a bwg_lightbox bwg_lightbox_0\" href=\"https:\/\/www.rodzinaravensbruck.pl\/wp-content\/uploads\/photo-gallery\/imported_from_media_libray\/81-985690-foto-R.jpg?bwg=1713953621\" data-image-id=\"18\" data-elementor-open-lightbox=\"no\">          <div class=\"bwg_mosaic_thumb_spun_0 bwg-item0 bwg-mosaic-thumb-span \">            <img decoding=\"async\" class=\"bwg_mosaic_thumb_0 skip-lazy bwg_img_clear bwg_img_custom \"                 id=\"18\"                 src=\"https:\/\/www.rodzinaravensbruck.pl\/wp-content\/uploads\/photo-gallery\/imported_from_media_libray\/thumb\/81-985690-foto-R.jpg?bwg=1713953621\"                 data-src=\"https:\/\/www.rodzinaravensbruck.pl\/wp-content\/uploads\/photo-gallery\/imported_from_media_libray\/thumb\/81-985690-foto-R.jpg?bwg=1713953621\"                 data-width=\"500.00\"                 data-height=\"281.00\"                 alt=\"81-985690 foto R.\"                 title=\"81-985690 foto R.\" \/>                      <\/div>        <\/a>                <a  class=\"bwg-a bwg_lightbox bwg_lightbox_0\" href=\"https:\/\/www.rodzinaravensbruck.pl\/wp-content\/uploads\/photo-gallery\/imported_from_media_libray\/81-985690foto-R.jpg?bwg=1713953621\" data-image-id=\"19\" data-elementor-open-lightbox=\"no\">          <div class=\"bwg_mosaic_thumb_spun_0 bwg-item0 bwg-mosaic-thumb-span \">            <img decoding=\"async\" class=\"bwg_mosaic_thumb_0 skip-lazy bwg_img_clear bwg_img_custom \"                 id=\"19\"                 src=\"https:\/\/www.rodzinaravensbruck.pl\/wp-content\/uploads\/photo-gallery\/imported_from_media_libray\/thumb\/81-985690foto-R.jpg?bwg=1713953621\"                 data-src=\"https:\/\/www.rodzinaravensbruck.pl\/wp-content\/uploads\/photo-gallery\/imported_from_media_libray\/thumb\/81-985690foto-R.jpg?bwg=1713953621\"                 data-width=\"500.00\"                 data-height=\"281.00\"                 alt=\"81-985690foto R.\"                 title=\"81-985690foto R.\" \/>                      <\/div>        <\/a>                <a  class=\"bwg-a bwg_lightbox bwg_lightbox_0\" href=\"https:\/\/www.rodzinaravensbruck.pl\/wp-content\/uploads\/photo-gallery\/imported_from_media_libray\/foto-R.jpg?bwg=1713953621\" data-image-id=\"20\" data-elementor-open-lightbox=\"no\">          <div class=\"bwg_mosaic_thumb_spun_0 bwg-item0 bwg-mosaic-thumb-span \">            <img decoding=\"async\" class=\"bwg_mosaic_thumb_0 skip-lazy bwg_img_clear bwg_img_custom \"                 id=\"20\"                 src=\"https:\/\/www.rodzinaravensbruck.pl\/wp-content\/uploads\/photo-gallery\/imported_from_media_libray\/thumb\/foto-R.jpg?bwg=1713953621\"                 data-src=\"https:\/\/www.rodzinaravensbruck.pl\/wp-content\/uploads\/photo-gallery\/imported_from_media_libray\/thumb\/foto-R.jpg?bwg=1713953621\"                 data-width=\"500.00\"                 data-height=\"333.00\"                 alt=\"foto R\"                 title=\"foto R\" \/>                      <\/div>        <\/a>            <\/div>    <\/div>    <style>      \/*pagination styles*\/      #bwg_container1_0 #bwg_container2_0 .tablenav-pages_0 {\t\t\t\ttext-align: center;\t\t\t\tfont-size: 12px;\t\t\t\tfont-family: Ubuntu;\t\t\t\tfont-weight: bold;\t\t\t\tcolor: #666666;\t\t\t\tmargin: 6px 0 4px;\t\t\t\tdisplay: block;      }      @media only screen and (max-width : 320px) {      #bwg_container1_0 #bwg_container2_0 .displaying-num_0 {     \t display: none;      }      }      #bwg_container1_0 #bwg_container2_0 .displaying-num_0 {\t\t\t\tfont-size: 12px;\t\t\t\tfont-family: Ubuntu;\t\t\t\tfont-weight: bold;\t\t\t\tcolor: #666666;\t\t\t\tmargin-right: 10px;\t\t\t\tvertical-align: middle;      }      #bwg_container1_0 #bwg_container2_0 .paging-input_0 {\t\t\t\tfont-size: 12px;\t\t\t\tfont-family: Ubuntu;\t\t\t\tfont-weight: bold;\t\t\t\tcolor: #666666;\t\t\t\tvertical-align: middle;      }      #bwg_container1_0 #bwg_container2_0 .tablenav-pages_0 a.disabled,      #bwg_container1_0 #bwg_container2_0 .tablenav-pages_0 a.disabled:hover,      #bwg_container1_0 #bwg_container2_0 .tablenav-pages_0 a.disabled:focus,\t\t\t#bwg_container1_0 #bwg_container2_0 .tablenav-pages_0 input.bwg_current_page {\t\t\t\tcursor: default;\t\t\t\tcolor: rgba(102, 102, 102, 0.5);      }      #bwg_container1_0 #bwg_container2_0 .tablenav-pages_0 a,      #bwg_container1_0 #bwg_container2_0 .tablenav-pages_0 input.bwg_current_page {\t\t\t\tcursor: pointer;\t\t\t\ttext-align: center;\t\t\t\tfont-size: 12px;\t\t\t\tfont-family: Ubuntu;\t\t\t\tfont-weight: bold;\t\t\t\tcolor: #666666;\t\t\t\ttext-decoration: none;\t\t\t\tpadding: 3px 6px;\t\t\t\tmargin: 0;\t\t\t\tborder-radius: 0;\t\t\t\tborder-style: solid;\t\t\t\tborder-width: 1px;\t\t\t\tborder-color: #E3E3E3;\t\t\t\t\t\t\t\tbackground-color: rgba(255, 255, 255, 1.00);\t\t\t\tbox-shadow: 0;\t\t\t\ttransition: all 0.3s ease 0s;-webkit-transition: all 0.3s ease 0s;      }      <\/style>      <span class=\"bwg_nav_cont_0\">              <div class=\"tablenav-pages_0\">                  <\/div>                <input type=\"hidden\" id=\"page_number_0\" name=\"page_number_0\" value=\"1\" \/>      <script type=\"text\/javascript\">        if( jQuery('.bwg_nav_cont_0').length > 1 ) {          jQuery('.bwg_nav_cont_0').first().remove()        }        function spider_page_0(cur, x, y, load_more) {          if (typeof load_more == \"undefined\") {            var load_more = false;          }          if (jQuery(cur).hasClass('disabled')) {            return false;          }          var items_county_0 = 1;          switch (y) {            case 1:              if (x >= items_county_0) {                document.getElementById('page_number_0').value = items_county_0;              }              else {                document.getElementById('page_number_0').value = x + 1;              }              break;            case 2:              document.getElementById('page_number_0').value = items_county_0;              break;            case -1:              if (x == 1) {                document.getElementById('page_number_0').value = 1;              }              else {                document.getElementById('page_number_0').value = x - 1;              }              break;            case -2:              document.getElementById('page_number_0').value = 1;              break;\t\t\t\t\t\tcase 0:              document.getElementById('page_number_0').value = x;              break;            default:              document.getElementById('page_number_0').value = 1;          }          bwg_ajax('gal_front_form_0', '0', 'bwg_thumbnails_mosaic_0', '0', '', 'gallery', 0, '', '', load_more, '', 1);        }                    jQuery('.first-page-0').on('click', function () {              spider_page_0(this, 1, -2, 'numeric');              return false;            });            jQuery('.prev-page-0').on('click', function () {              spider_page_0(this, 1, -1, 'numeric');              return false;            });            jQuery('.next-page-0').on('click', function () {              spider_page_0(this, 1, 1, 'numeric');              return false;            });            jQuery('.last-page-0').on('click', function () {              spider_page_0(this, 1, 2, 'numeric');              return false;            });        \t\t\t\t\/* Change page on input enter. *\/        function bwg_change_page_0( e, that ) {          if (  e.key == 'Enter' ) {            var to_page = parseInt(jQuery(that).val());            var pages_count = jQuery(that).parents(\".pagination-links\").data(\"pages-count\");            var current_url_param = jQuery(that).attr('data-url-info');            if (to_page > pages_count) {              to_page = 1;            }\t \t\t\t\t\t\t\t\t\t\t\t\tspider_page_0(this, to_page, 0, 'numeric');\t\t\t\t\t\t\treturn false;\t\t\t\t\t\t          }          return true;        }        jQuery('.bwg_load_btn_0').on('click', function () {            spider_page_0(this, 1, 1, true);            return false;        });      <\/script>      <\/span>                <\/div>        <\/form>        <style>          #bwg_container1_0 #bwg_container2_0 #spider_popup_overlay_0 {          background-color: #EEEEEE;          opacity: 0.60;          }          <\/style>        <div id=\"bwg_spider_popup_loading_0\" class=\"bwg_spider_popup_loading\"><\/div>        <div id=\"spider_popup_overlay_0\" class=\"spider_popup_overlay\" onclick=\"spider_destroypopup(1000)\"><\/div>        <input type=\"hidden\" id=\"bwg_random_seed_0\" value=\"1288974688\">                <\/div>    <\/div>    <script>      if (document.readyState === 'complete') {        if( typeof bwg_main_ready == 'function' ) {          if ( jQuery(\"#bwg_container1_0\").height() ) {            bwg_main_ready(jQuery(\"#bwg_container1_0\"));          }        }      } else {        document.addEventListener('DOMContentLoaded', function() {          if( typeof bwg_main_ready == 'function' ) {            if ( jQuery(\"#bwg_container1_0\").height() ) {             bwg_main_ready(jQuery(\"#bwg_container1_0\"));            }          }        });      }    <\/script>    <\/p>\n<p>Tekst: Ewelina Ma\u0142achowska (IPN Katowice), Krzysztof \u0141ojko (IPN Katowice)<br \/>\nZdj\u0119cia: Krzysztof \u0141ojko (IPN Katowice)<\/p>\n<p>Link do filmu od Pierwszej Damy:<br \/>\n<a href=\"https:\/\/www.youtube.com\/watch?v=T1eA9D2BqYQ&amp;feature=youtu.be\">https:\/\/www.youtube.com\/watch?v=T1eA9D2BqYQ&amp;feature=youtu.be<\/a><\/p>\n","protected":false},"excerpt":{"rendered":"<p>Konkurs zosta\u0142 obj\u0119ty honorowym patronatem Ma\u0142\u017conki Prezydenta RP Agaty Kornhauser-Dudy. W \u015al\u0105skim\u00a0Teatrze\u00a0Impresaryjnym im. Henryka Bisty w Rudzie \u015al\u0105skiej odby\u0142a si\u0119 Gala Fina\u0142owa X edycji og\u00f3lnopolskiego konkursu recytatorskiego &#8222;W kr\u0119gu poezji i prozy lagrowej wi\u0119\u017aniarek KL Ravensbr\u00fcck&#8221; Organizatorem konkursu by\u0142 Instytut Pami\u0119ci Narodowej, Miasto Ruda \u015al\u0105ska (Urz\u0105d Miasta Ruda \u015al\u0105ska) oraz Stowarzyszenie &#8222;Rodzina wi\u0119\u017aniarek niemieckiego obozu &hellip; <\/p>\n<p class=\"link-more\"><a href=\"https:\/\/www.rodzinaravensbruck.pl\/index.php\/2024\/04\/24\/gala-finalowa-x-edycji-konkursu-w-kregu-poezji-i-prozy-lagrowej-wiezniarek-kl-ravensbruck-ruda-slaska-17-kwietnia-2024\/\" class=\"more-link\">Czytaj dalej<span class=\"screen-reader-text\"> \u201eGala fina\u0142owa X edycji konkursu \u201eW kr\u0119gu poezji i prozy lagrowej wi\u0119\u017aniarek KL Ravensbr\u00fcck\u201c \u2013 Ruda \u015al\u0105ska, 17 kwietnia 2024\u201d<\/span><\/a><\/p>\n","protected":false},"author":1,"featured_media":3895,"comment_status":"closed","ping_status":"open","sticky":false,"template":"","format":"standard","meta":{"ngg_post_thumbnail":0,"footnotes":""},"categories":[4],"tags":[],"class_list":["post-3891","post","type-post","status-publish","format-standard","has-post-thumbnail","hentry","category-aktualnosci"],"_links":{"self":[{"href":"https:\/\/www.rodzinaravensbruck.pl\/index.php\/wp-json\/wp\/v2\/posts\/3891","targetHints":{"allow":["GET"]}}],"collection":[{"href":"https:\/\/www.rodzinaravensbruck.pl\/index.php\/wp-json\/wp\/v2\/posts"}],"about":[{"href":"https:\/\/www.rodzinaravensbruck.pl\/index.php\/wp-json\/wp\/v2\/types\/post"}],"author":[{"embeddable":true,"href":"https:\/\/www.rodzinaravensbruck.pl\/index.php\/wp-json\/wp\/v2\/users\/1"}],"replies":[{"embeddable":true,"href":"https:\/\/www.rodzinaravensbruck.pl\/index.php\/wp-json\/wp\/v2\/comments?post=3891"}],"version-history":[{"count":2,"href":"https:\/\/www.rodzinaravensbruck.pl\/index.php\/wp-json\/wp\/v2\/posts\/3891\/revisions"}],"predecessor-version":[{"id":3903,"href":"https:\/\/www.rodzinaravensbruck.pl\/index.php\/wp-json\/wp\/v2\/posts\/3891\/revisions\/3903"}],"wp:featuredmedia":[{"embeddable":true,"href":"https:\/\/www.rodzinaravensbruck.pl\/index.php\/wp-json\/wp\/v2\/media\/3895"}],"wp:attachment":[{"href":"https:\/\/www.rodzinaravensbruck.pl\/index.php\/wp-json\/wp\/v2\/media?parent=3891"}],"wp:term":[{"taxonomy":"category","embeddable":true,"href":"https:\/\/www.rodzinaravensbruck.pl\/index.php\/wp-json\/wp\/v2\/categories?post=3891"},{"taxonomy":"post_tag","embeddable":true,"href":"https:\/\/www.rodzinaravensbruck.pl\/index.php\/wp-json\/wp\/v2\/tags?post=3891"}],"curies":[{"name":"wp","href":"https:\/\/api.w.org\/{rel}","templated":true}]}}