{"id":3974,"date":"2024-06-16T13:53:37","date_gmt":"2024-06-16T11:53:37","guid":{"rendered":"http:\/\/www.rodzinaravensbruck.pl\/?p=3974"},"modified":"2024-06-16T14:04:32","modified_gmt":"2024-06-16T12:04:32","slug":"zjazd-bylych-wiezniow-obozow-koncentracyjnych-warszawa-7-9-czerwca-2024","status":"publish","type":"post","link":"https:\/\/www.rodzinaravensbruck.pl\/index.php\/2024\/06\/16\/zjazd-bylych-wiezniow-obozow-koncentracyjnych-warszawa-7-9-czerwca-2024\/","title":{"rendered":"ZJAZD BY\u0141YCH WI\u0118\u0179NI\u00d3W OBOZ\u00d3W KONCENTRACYJNYCH  WARSZAWA 7-9 CZERWCA 2024"},"content":{"rendered":"<p><span style=\"color: #0000ff; font-size: 12pt;\"><strong><a href=\"https:\/\/www.rodzinaravensbruck.pl\/wp-content\/uploads\/2024\/06\/Fundacja-Pamieci-Narodowej.png\"><img loading=\"lazy\" decoding=\"async\" class=\"size-full wp-image-3998 aligncenter\" src=\"https:\/\/www.rodzinaravensbruck.pl\/wp-content\/uploads\/2024\/06\/Fundacja-Pamieci-Narodowej.png\" alt=\"\" width=\"225\" height=\"225\" srcset=\"https:\/\/www.rodzinaravensbruck.pl\/wp-content\/uploads\/2024\/06\/Fundacja-Pamieci-Narodowej.png 225w, https:\/\/www.rodzinaravensbruck.pl\/wp-content\/uploads\/2024\/06\/Fundacja-Pamieci-Narodowej-150x150.png 150w, https:\/\/www.rodzinaravensbruck.pl\/wp-content\/uploads\/2024\/06\/Fundacja-Pamieci-Narodowej-100x100.png 100w\" sizes=\"auto, (max-width: 225px) 100vw, 225px\" \/><\/a>Panel 1 \u2013 wsp\u00f3lne i nie wsp\u00f3lne do\u015bwiadczenia Polak\u00f3w, Rom\u00f3w, \u017byd\u00f3w \u2013 obywateli Drugiej Rzeczpospolitej \u2013 podczas niemieckiej okupacji<\/strong><\/span><\/p>\n<h3><span style=\"color: #000000;\"><strong>\u015awiadectwa<\/strong><\/span><\/h3>\n<h3><span style=\"color: #000000;\">Jana i Stefanii Wernik: \u00a0Poruszaj\u0105ce \u015bwiadectwa &#8211; Ona urodzi\u0142a si\u0119 w KL Auschwitz. On prze\u017cy\u0142 rze\u017a wo\u0142y\u0144sk\u0105, w kt\u00f3rej straci\u0142 ojca. Po\u0142\u0105czy\u0142a ich mi\u0142o\u015b\u0107 przypiecz\u0119towana ma\u0142\u017ce\u0144stwem.<\/span><\/h3>\n<h3><span style=\"color: #000000;\">Jako uczestnicy spotkania w Warszawie mieli\u015bmy szcz\u0119\u015bcie pozna\u0107 i wys\u0142ucha\u0107 Ich tragicznych wojennych historii \u017cyciowych, kt\u00f3re mo\u017cna pozna\u0107 na stronach:<\/span><\/h3>\n<p><span style=\"color: #000000;\"><!--more--><\/span><\/p>\n<h3><span style=\"color: #000000;\"><a style=\"color: #000000;\" href=\"https:\/\/ksi.btx.pl\/index.php\/aktualnosci\/2316-jan-z-wolynia-i-stefania-z-auschwitz\">https:\/\/ksi.btx.pl\/index.php\/aktualnosci\/2316-jan-z-wolynia-i-stefania-z-auschwitz<\/a><\/span><\/h3>\n<h3><span style=\"color: #000000;\">cz. 1: <a style=\"color: #000000;\" href=\"https:\/\/www.youtube.com\/watch?v=gepi_3QmWak\">https:\/\/www.youtube.com\/watch?v=gepi_3QmWak<\/a><\/span><br \/>\n<span style=\"color: #000000;\">cz. 2: <a style=\"color: #000000;\" href=\"https:\/\/www.youtube.com\/watch?v=gpvXQcdzIwA\">https:\/\/www.youtube.com\/watch?v=gpvXQcdzIwA<\/a><\/span><br \/>\n<span style=\"color: #000000;\">cz. 3: <a style=\"color: #000000;\" href=\"https:\/\/www.youtube.com\/watch?v=C07dCaXO5FA\">https:\/\/www.youtube.com\/watch?v=C07dCaXO5FA<\/a><\/span><\/h3>\n<p><span style=\"color: #000000;\"><strong>Moniki Goldwasser<\/strong> \u2013 \u017cydowska dziewczynka uratowana z holokaustu<\/span><\/p>\n<p><span style=\"color: #000000;\">Dzisiaj pi\u0119kna, elegancka kobieta opowiada ze spokojem o swoich losach, o odnalezionej to\u017csamo\u015bci: \u015awiadectwo na spotkaniu w Warszawie 8.06.2024<\/span><\/p>\n<div style=\"width: 478px;\" class=\"wp-video\"><video class=\"wp-video-shortcode\" id=\"video-3974-1\" width=\"478\" height=\"850\" preload=\"metadata\" controls=\"controls\"><source type=\"video\/mp4\" src=\"https:\/\/www.rodzinaravensbruck.pl\/wp-content\/uploads\/2024\/06\/nagranie-p.-Moniki-Goldwasser-dziecko-uratowane-z-gettanagranie-p-Moniki-Goldwasser-dziecko-uratowane-z-getta.mp4?_=1\" \/><a href=\"https:\/\/www.rodzinaravensbruck.pl\/wp-content\/uploads\/2024\/06\/nagranie-p.-Moniki-Goldwasser-dziecko-uratowane-z-gettanagranie-p-Moniki-Goldwasser-dziecko-uratowane-z-getta.mp4\">https:\/\/www.rodzinaravensbruck.pl\/wp-content\/uploads\/2024\/06\/nagranie-p.-Moniki-Goldwasser-dziecko-uratowane-z-gettanagranie-p-Moniki-Goldwasser-dziecko-uratowane-z-getta.mp4<\/a><\/video><\/div>\n<p><span style=\"color: #000000;\"><a style=\"color: #000000;\" href=\"https:\/\/sztetl.org.pl\/pl\/historia-mowiona\/182507-monika-goldwasser\">https:\/\/sztetl.org.pl\/pl\/historia-mowiona\/182507-monika-goldwasser<\/a><\/span><\/p>\n<p><span style=\"color: #000000;\"><strong>Barbary Piotrowskiej \u2013 <\/strong>wi\u0119\u017aniarka-dziewczynka KL Ravensbr\u00fcck<\/span><\/p>\n<p><span style=\"color: #000000;\">\u015awiadectwo na spotkaniu w Warszawie 8.06.2024 do ods\u0142uchania:<\/span><\/p>\n<div style=\"width: 478px;\" class=\"wp-video\"><video class=\"wp-video-shortcode\" id=\"video-3974-2\" width=\"478\" height=\"850\" preload=\"metadata\" controls=\"controls\"><source type=\"video\/mp4\" src=\"https:\/\/www.rodzinaravensbruck.pl\/wp-content\/uploads\/2024\/06\/wypowiedz-p.-Barbary-Piotrowskiej.mp4?_=2\" \/><a href=\"https:\/\/www.rodzinaravensbruck.pl\/wp-content\/uploads\/2024\/06\/wypowiedz-p.-Barbary-Piotrowskiej.mp4\">https:\/\/www.rodzinaravensbruck.pl\/wp-content\/uploads\/2024\/06\/wypowiedz-p.-Barbary-Piotrowskiej.mp4<\/a><\/video><\/div>\n<h2><span style=\"color: #000000;\"><strong>Stanis\u0142awa <\/strong><strong>Stankiewicza \u2013 <\/strong>niestrudzony w walce o prawd\u0119 historyczn\u0105 o zag\u0142adzie Rom\u00f3w w czasie II wojny \u015bwiatowej, Prezes Centralnej Rady Rom\u00f3w<\/span><\/h2>\n<p><span style=\"color: #000000;\"><a style=\"color: #000000;\" href=\"https:\/\/www.dw.com\/pl\/stanis%C5%82aw-stankiewicz-zapomina-si%C4%99-o-holokau%C5%9Bcie\/a-58734657\">https:\/\/www.dw.com\/pl\/stanis%C5%82aw-stankiewicz-zapomina-si%C4%99-o-holokau%C5%9Bcie\/a-58734657<\/a><\/span><\/p>\n<p><span style=\"color: #000000;\"><a style=\"color: #000000;\" href=\"https:\/\/www.radio.bialystok.pl\/portrety\/index\/id\/210261\">https:\/\/www.radio.bialystok.pl\/portrety\/index\/id\/210261<\/a><\/span><\/p>\n<p><span style=\"color: #000000;\"><strong>Inne Wypowiedzi: <\/strong><\/span><\/p>\n<p><span style=\"color: #000000;\"><strong>prof. Bogdan Musia\u0142 \u2013 <\/strong>sprawy niemieckie a II wojna \u015bwiatowa m. in. poruszana problematyka:<\/span><\/p>\n<p><span style=\"color: #000000;\"><a style=\"color: #000000;\" href=\"https:\/\/dzieje.pl\/wiadomosci\/prof-musial-ujawnia-w-1990-r-rzad-rfn-byl-zainteresowany-rozbiciem-polskich-partii-i\">https:\/\/dzieje.pl\/wiadomosci\/prof-musial-ujawnia-w-1990-r-rzad-rfn-byl-zainteresowany-rozbiciem-polskich-partii-i<\/a><\/span><\/p>\n<p><span style=\"color: #000000;\"><a style=\"color: #000000;\" href=\"https:\/\/www.pap.pl\/aktualnosci\/news%2C1062979%2Cprofesor-musial-panstwo-niemieckie-konsekwentnie-chronilo-zbrodniarzy-z\">https:\/\/www.pap.pl\/aktualnosci\/news%2C1062979%2Cprofesor-musial-panstwo-niemieckie-konsekwentnie-chronilo-zbrodniarzy-z<\/a><\/span><\/p>\n<p><span style=\"color: #000000;\"><strong>Ma\u0142gorzata Bojanowska<\/strong> \u2013 Dyrektor Muzeum Dulag 121 w Pruszkowie. Historia Pruszkowa: <em>Ob\u00f3z istnia\u0142 od\u00a05\u00a0sierpnia 1944 r. do\u00a016\u00a0stycznia 1945 r. Pierwszy transport przyby\u0142 7\u00a0sierpnia, by\u0142o w\u00a0nim 3\u00a0tys. kobiet i\u00a0dzieci, kt\u00f3re ocala\u0142y z\u00a0rzezi\u00a0Woli. Przez ten ob\u00f3z przesz\u0142o 420-650 tys. wi\u0119\u017ani\u00f3w, do KL Ravensbr\u00fcck trafi\u0142o wiele kobiet<\/em><\/span><\/p>\n<p><em>\u00a0<\/em><\/p>\n<p><span style=\"color: #0000ff;\"><strong>Panel 2<\/strong><strong> \u2013 wyzwania edukacyjne w kszta\u0142towaniu \u015bwiadomo\u015bci m\u0142odzie\u017cy na temat zbrodni niemieckich pope\u0142nionych w Polsce<\/strong><\/span><\/p>\n<p><span style=\"color: #000000;\"><strong>Wyst\u0105pienia i Dyskusje<\/strong><\/span><\/p>\n<p><span style=\"color: #000000;\"><strong>Barbara Wojnarowska-Gautier \u2013 <\/strong>wi\u0119\u017aniarka\/dziecko (3,5 roku) Auschwitz, historia dziecka, jak podtrzyma\u0107\/przekaza\u0107 pami\u0119\u0107<\/span><\/p>\n<p><span style=\"color: #000000;\"><a style=\"color: #000000;\" href=\"https:\/\/www.youtube.com\/watch?v=Svco_30_iGc\">https:\/\/www.youtube.com\/watch?v=Svco_30_iGc<\/a><\/span><\/p>\n<p><span style=\"color: #000000;\"><a style=\"color: #000000;\" href=\"https:\/\/archiwum.instytutpileckiego.pl\/dlibra\/publication\/24240\/edition\/22211?language=pl\">https:\/\/archiwum.instytutpileckiego.pl\/dlibra\/publication\/24240\/edition\/22211?language=pl<\/a><\/span><\/p>\n<p><span style=\"color: #000000;\"><strong>Stefania Wernik<\/strong> \u2013 wojenne losy swoje i rodziny \u2013 jak przekazuje m\u0142odzie\u017cy<\/span><\/p>\n<p><span style=\"color: #000000;\"><strong>El\u017cbieta Kuta <\/strong>\u2013 swoje do\u015bwiadczenia w pracy z m\u0142odzie\u017c\u0105 (uczniami i harcerzami) zwi\u0105zane z dzia\u0142alno\u015bci\u0105 stowarzyszenia \u201eRodzina Wi\u0119\u017aniarek Niemieckiego Obozu Koncentracyjnego Ravensbr\u00fcck\u201d<\/span><\/p>\n<p><span style=\"color: #000000;\"><strong>Stanis\u0142aw Stankiewicz <\/strong>\u2013\u00a0 pami\u0119\u0107 o wojennych ofiarach Rom\u00f3w, prawda o zag\u0142adzie Rom\u00f3w, ocali\u0107 od zapomnienia<\/span><\/p>\n<p><span style=\"color: #000000;\"><strong>Wies\u0142aw Misiek<\/strong> \u2013\u00a0\u00a0 <strong>prawnik ze Spo\u0142ecznego Komitetu 14 Czerwca 1940 r. <\/strong><\/span><\/p>\n<p><span style=\"color: #000000;\"><strong>Wa\u017cny g\u0142os o przekazywaniu prawdy historycznej o zbrodniach niemieckich; Niemcy nie rozliczyli si\u0119 ze zbrodni i grabie\u017cy.\u00a0 <\/strong><\/span><\/p>\n<p><span style=\"color: #000000;\"><a style=\"color: #000000;\" href=\"https:\/\/poloniachristiana.org\/wieslaw-misiek-niemcy-nie-rozliczyli-sie-ze-zbrodni-i-grabiezy\/\">https:\/\/poloniachristiana.org\/wieslaw-misiek-niemcy-nie-rozliczyli-sie-ze-zbrodni-i-grabiezy\/<\/a><\/span><\/p>\n<p><span style=\"color: #000000;\"><a style=\"color: #000000;\" href=\"https:\/\/www.rodzinaravensbruck.pl\/wp-content\/uploads\/2024\/06\/Wieslaw-Misiek_Kilka-uwag-Wwa-8.06.2024.pdf\" target=\"_blank\" rel=\"noopener\">do pobrania pdf: \u201eKilka uwag Wwa 8.06.2024<\/a><\/span><\/p>\n<p><span style=\"color: #000000;\"><a style=\"color: #000000;\" href=\"https:\/\/www.rodzinaravensbruck.pl\/wp-content\/uploads\/2024\/06\/Wieslaw-Misiek_Zbrodnia-bez-kary-.pdf\" target=\"_blank\" rel=\"noopener\">do pobrania pdf: \u201eZbrodnia bez kary+\u201d<\/a><\/span><\/p>\n<p><span style=\"color: #000000;\"><style id=\"bwg-style-0\">      #bwg_container1_0 #bwg_container2_0 #bwg_mosaic_thumbnails_div_0 {        width: 100%;        position: relative;        background-color: rgba(255, 255, 255, 0.00);        text-align: center;        justify-content: center;                  margin-left: auto;          margin-right: auto;                    padding-left: 2px;          padding-top: 2px;                }          #bwg_container1_0 #bwg_container2_0 .bwg_mosaic_thumb_spun_0 {        display: block;        position: absolute;\t\t\t\tborder-radius: 0;\t\t\t\tborder: 0px none #CCCCCC;    \t\t    \t\tbackground-color:rgba(0,0,0, 0.30);        -moz-box-sizing: content-box !important;        -webkit-box-sizing: content-box !important;        box-sizing: content-box !important;      }\t\t\t#bwg_container1_0 #bwg_container2_0 .bwg_mosaic_thumb_0 {\t\t\t\tdisplay: block;\t\t\t\t-moz-box-sizing: content-box !important;\t\t\t\t-webkit-box-sizing: content-box !important;\t\t\t\tbox-sizing: content-box !important;\t\t\t\tmargin: 0;\t\t\t\topacity: 1.00;\t\t\t}      #bwg_container1_0 #bwg_container2_0 .bwg_mosaic_thumb_spun_0:hover {        opacity: 1;        backface-visibility: hidden;        -webkit-backface-visibility: hidden;        -moz-backface-visibility: hidden;        -ms-backface-visibility: hidden;        z-index: 102;      }\t     @media only screen and (min-width: 480px) {\t\t#bwg_container1_0 #bwg_container2_0 .bwg-container-0.bwg-mosaic-thumbnails .bwg-item0 img {\t\t\t-webkit-transition: -webkit-transform .3s; transition: transform .3s;\t\t}\t\t#bwg_container1_0 #bwg_container2_0 .bwg-container-0.bwg-mosaic-thumbnails .bwg-item0 img:hover {\t\t\t-ms-transform: scale(1.08);\t\t\t-webkit-transform: scale(1.08);\t\t\ttransform: scale(1.08);\t\t}\t\t      }\t      #bwg_container1_0 #bwg_container2_0 .bwg_mosaic_thumbnails_0 {        background-color: rgba(255, 255, 255, 0.00);        font-size: 0;        position: relative;        text-align: center;        display: inline-block;        visibility: hidden;              }\t  \/*image title styles*\/      #bwg_container1_0 #bwg_container2_0 .bwg_mosaic_title_spun1_0,      #bwg_container1_0 #bwg_container2_0 .bwg-mosaic-thumbnails .bwg_ecommerce_spun1_0 {        position: absolute;        display: block;        opacity: 0;        box-sizing: border-box;        text-align: center;\t\t\t\ttop: 50%;\t\t\t\tleft: 50%;\t\t\t\ttransform: translate(-50%, -50%);      }      #bwg_container1_0 #bwg_container2_0 .bwg-mosaic-thumbnails .bwg_mosaic_title_spun2_0,      #bwg_container1_0 #bwg_container2_0 .bwg-mosaic-thumbnails .bwg_ecommerce_spun2_0 {\t\t    color: #323A45;        font-family: Ubuntu;        font-size: 16px;        font-weight: bold;        text-shadow: ;        vertical-align: middle;        word-wrap: break-word;      }            .bwg_mosaic_play_icon_spun_0 {        display: table;        position: absolute;        left: -10000px;        top: 0px;        opacity: 0;      }      .bwg_mosaic_play_icon_0 {        color: #323A45;        font-size: 32px;        vertical-align: middle;        display: table-cell !important;        z-index: 1;        text-align: center;        margin: 0 auto;      }      #bwg_container1_0 #bwg_container2_0 .bwg_gal_title_0 {        background-color: rgba(0, 0, 0, 0);        color: #323A45;        display: block;        font-family: Ubuntu;        font-size: 16px;        font-weight: bold;        padding: 2px;        text-shadow: ;        text-align: center;      }            @media screen and (max-width: 350px) {      div[class^=\"bwg_mosaic_thumbnails_\"],      span[class^=\"bwg_mosaic_thumb_spun_\"] {      width: 100% !important;      }      img[class^=\"bwg_mosaic_thumb_\"] {      width: 100% !important;      height: auto !important;      margin: 0px auto !important;      }      }      <\/style>    <div id=\"bwg_container1_0\"         class=\"bwg_container bwg_thumbnail bwg_thumbnails_mosaic \"         data-right-click-protection=\"0\"         data-bwg=\"0\"         data-scroll=\"0\"         data-gallery-type=\"thumbnails_mosaic\"         data-gallery-view-type=\"thumbnails_mosaic\"         data-current-url=\"\/index.php\/wp-json\/wp\/v2\/posts\/3974\"         data-lightbox-url=\"https:\/\/www.rodzinaravensbruck.pl\/wp-admin\/admin-ajax.php?action=GalleryBox&#038;current_view=0&#038;gallery_id=4&#038;tag=0&#038;theme_id=1&#038;shortcode_id=10&#038;sort_by=order&#038;order_by=asc&#038;current_url=%2Findex.php%2Fwp-json%2Fwp%2Fv2%2Fposts%2F3974\"         data-gallery-id=\"4\"         data-popup-width=\"800\"         data-popup-height=\"500\"         data-is-album=\"gallery\"         data-buttons-position=\"bottom\">      <div id=\"bwg_container2_0\">             <div id=\"ajax_loading_0\" class=\"bwg_loading_div_1\">      <div class=\"bwg_loading_div_2\">        <div class=\"bwg_loading_div_3\">          <div id=\"loading_div_0\" class=\"bwg_spider_ajax_loading\">          <\/div>        <\/div>      <\/div>    <\/div>            <form id=\"gal_front_form_0\"              class=\"bwg-hidden\"              method=\"post\"              action=\"#\"              data-current=\"0\"              data-shortcode-id=\"10\"              data-gallery-type=\"thumbnails_mosaic\"              data-gallery-id=\"4\"              data-tag=\"0\"              data-album-id=\"0\"              data-theme-id=\"1\"              data-ajax-url=\"https:\/\/www.rodzinaravensbruck.pl\/wp-admin\/admin-ajax.php?action=bwg_frontend_data\">          <div id=\"bwg_container3_0\" class=\"bwg-background bwg-background-0\">                <div id=\"bwg_mosaic_thumbnails_div_0\"         class=\"bwg-container-0 bwg-container bwg-mosaic-thumbnails\"         data-bwg=\"0\"         data-mosaic-direction=\"vertical\"         data-resizable=\"0\"         data-width=\"250\"         data-height=\"250\"         data-total-width=\"100\"         data-block-id=\"bwg_thumbnails_mosaic_0\"         data-thumb-padding=\"2\"         data-thumb-border=\"0\"         data-title-margin=\"2px\"         data-image-title=\"none\"         data-play-icon=\"1\"         data-ecommerce-icon=\"none\"         data-gallery-id=\"4\"         data-lightbox-url=\"https:\/\/www.rodzinaravensbruck.pl\/wp-admin\/admin-ajax.php?action=GalleryBox&#038;current_view=0&#038;gallery_id=4&#038;tag=0&#038;theme_id=1&#038;shortcode_id=10&#038;sort_by=order&#038;order_by=asc&#038;current_url=%2Findex.php%2Fwp-json%2Fwp%2Fv2%2Fposts%2F3974\"         data-mosaic-thumb-transition=\"1\"         style=\"visibility: hidden\" >      <div id=\"bwg_thumbnails_mosaic_0\" class=\"bwg_mosaic_thumbnails_0\">                  <a  class=\"bwg-a bwg_lightbox bwg_lightbox_0\" href=\"https:\/\/www.rodzinaravensbruck.pl\/wp-content\/uploads\/photo-gallery\/imported_from_media_libray\/Warszawa-Spotkanie_2024-scaled.jpg?bwg=1718538944\" data-image-id=\"29\" data-elementor-open-lightbox=\"no\">          <div class=\"bwg_mosaic_thumb_spun_0 bwg-item0 bwg-mosaic-thumb-span \">            <img decoding=\"async\" class=\"bwg_mosaic_thumb_0 skip-lazy bwg_img_clear bwg_img_custom \"                 id=\"29\"                 src=\"https:\/\/www.rodzinaravensbruck.pl\/wp-content\/uploads\/photo-gallery\/imported_from_media_libray\/thumb\/Warszawa-Spotkanie_2024-scaled.jpg?bwg=1718538944\"                 data-src=\"https:\/\/www.rodzinaravensbruck.pl\/wp-content\/uploads\/photo-gallery\/imported_from_media_libray\/thumb\/Warszawa-Spotkanie_2024-scaled.jpg?bwg=1718538944\"                 data-width=\"500.00\"                 data-height=\"375.00\"                 alt=\"Warszawa-Spotkanie_2024\"                 title=\"Warszawa-Spotkanie_2024\" \/>                      <\/div>        <\/a>                <a  class=\"bwg-a bwg_lightbox bwg_lightbox_0\" href=\"https:\/\/www.rodzinaravensbruck.pl\/wp-content\/uploads\/photo-gallery\/imported_from_media_libray\/Monika-Goldwasser.jpeg?bwg=1718538944\" data-image-id=\"30\" data-elementor-open-lightbox=\"no\">          <div class=\"bwg_mosaic_thumb_spun_0 bwg-item0 bwg-mosaic-thumb-span \">            <img decoding=\"async\" class=\"bwg_mosaic_thumb_0 skip-lazy bwg_img_clear bwg_img_custom \"                 id=\"30\"                 src=\"https:\/\/www.rodzinaravensbruck.pl\/wp-content\/uploads\/photo-gallery\/imported_from_media_libray\/thumb\/Monika-Goldwasser.jpeg?bwg=1718538944\"                 data-src=\"https:\/\/www.rodzinaravensbruck.pl\/wp-content\/uploads\/photo-gallery\/imported_from_media_libray\/thumb\/Monika-Goldwasser.jpeg?bwg=1718538944\"                 data-width=\"375.00\"                 data-height=\"500.00\"                 alt=\"Monika Goldwasser\"                 title=\"Monika Goldwasser\" \/>                      <\/div>        <\/a>                <a  class=\"bwg-a bwg_lightbox bwg_lightbox_0\" href=\"https:\/\/www.rodzinaravensbruck.pl\/wp-content\/uploads\/photo-gallery\/imported_from_media_libray\/o-Warszawie.jpeg?bwg=1718538944\" data-image-id=\"31\" data-elementor-open-lightbox=\"no\">          <div class=\"bwg_mosaic_thumb_spun_0 bwg-item0 bwg-mosaic-thumb-span \">            <img decoding=\"async\" class=\"bwg_mosaic_thumb_0 skip-lazy bwg_img_clear bwg_img_custom \"                 id=\"31\"                 src=\"https:\/\/www.rodzinaravensbruck.pl\/wp-content\/uploads\/photo-gallery\/imported_from_media_libray\/thumb\/o-Warszawie.jpeg?bwg=1718538944\"                 data-src=\"https:\/\/www.rodzinaravensbruck.pl\/wp-content\/uploads\/photo-gallery\/imported_from_media_libray\/thumb\/o-Warszawie.jpeg?bwg=1718538944\"                 data-width=\"500.00\"                 data-height=\"375.00\"                 alt=\"o Warszawie\"                 title=\"o Warszawie\" \/>                      <\/div>        <\/a>                <a  class=\"bwg-a bwg_lightbox bwg_lightbox_0\" href=\"https:\/\/www.rodzinaravensbruck.pl\/wp-content\/uploads\/photo-gallery\/imported_from_media_libray\/Spotkanie-Warszawa-2024-panel-2.jpg?bwg=1718538944\" data-image-id=\"32\" data-elementor-open-lightbox=\"no\">          <div class=\"bwg_mosaic_thumb_spun_0 bwg-item0 bwg-mosaic-thumb-span \">            <img decoding=\"async\" class=\"bwg_mosaic_thumb_0 skip-lazy bwg_img_clear bwg_img_custom \"                 id=\"32\"                 src=\"https:\/\/www.rodzinaravensbruck.pl\/wp-content\/uploads\/photo-gallery\/imported_from_media_libray\/thumb\/Spotkanie-Warszawa-2024-panel-2.jpg?bwg=1718538944\"                 data-src=\"https:\/\/www.rodzinaravensbruck.pl\/wp-content\/uploads\/photo-gallery\/imported_from_media_libray\/thumb\/Spotkanie-Warszawa-2024-panel-2.jpg?bwg=1718538944\"                 data-width=\"500.00\"                 data-height=\"375.00\"                 alt=\"Spotkanie Warszawa 2024-panel 2\"                 title=\"Spotkanie Warszawa 2024-panel 2\" \/>                      <\/div>        <\/a>                <a  class=\"bwg-a bwg_lightbox bwg_lightbox_0\" href=\"https:\/\/www.rodzinaravensbruck.pl\/wp-content\/uploads\/photo-gallery\/imported_from_media_libray\/Spotkanie_-Warszawa_sala-obrad-scaled.jpg?bwg=1718538944\" data-image-id=\"33\" data-elementor-open-lightbox=\"no\">          <div class=\"bwg_mosaic_thumb_spun_0 bwg-item0 bwg-mosaic-thumb-span \">            <img decoding=\"async\" class=\"bwg_mosaic_thumb_0 skip-lazy bwg_img_clear bwg_img_custom \"                 id=\"33\"                 src=\"https:\/\/www.rodzinaravensbruck.pl\/wp-content\/uploads\/photo-gallery\/imported_from_media_libray\/thumb\/Spotkanie_-Warszawa_sala-obrad-scaled.jpg?bwg=1718538944\"                 data-src=\"https:\/\/www.rodzinaravensbruck.pl\/wp-content\/uploads\/photo-gallery\/imported_from_media_libray\/thumb\/Spotkanie_-Warszawa_sala-obrad-scaled.jpg?bwg=1718538944\"                 data-width=\"500.00\"                 data-height=\"375.00\"                 alt=\"Spotkanie_ Warszawa_sala obrad\"                 title=\"Spotkanie_ Warszawa_sala obrad\" \/>                      <\/div>        <\/a>                <a  class=\"bwg-a bwg_lightbox bwg_lightbox_0\" href=\"https:\/\/www.rodzinaravensbruck.pl\/wp-content\/uploads\/photo-gallery\/imported_from_media_libray\/Spotkanie_Warszawa-2024-scaled.jpg?bwg=1718538944\" data-image-id=\"34\" data-elementor-open-lightbox=\"no\">          <div class=\"bwg_mosaic_thumb_spun_0 bwg-item0 bwg-mosaic-thumb-span \">            <img decoding=\"async\" class=\"bwg_mosaic_thumb_0 skip-lazy bwg_img_clear bwg_img_custom \"                 id=\"34\"                 src=\"https:\/\/www.rodzinaravensbruck.pl\/wp-content\/uploads\/photo-gallery\/imported_from_media_libray\/thumb\/Spotkanie_Warszawa-2024-scaled.jpg?bwg=1718538944\"                 data-src=\"https:\/\/www.rodzinaravensbruck.pl\/wp-content\/uploads\/photo-gallery\/imported_from_media_libray\/thumb\/Spotkanie_Warszawa-2024-scaled.jpg?bwg=1718538944\"                 data-width=\"500.00\"                 data-height=\"375.00\"                 alt=\"Spotkanie_Warszawa 2024\"                 title=\"Spotkanie_Warszawa 2024\" \/>                      <\/div>        <\/a>                <a  class=\"bwg-a bwg_lightbox bwg_lightbox_0\" href=\"https:\/\/www.rodzinaravensbruck.pl\/wp-content\/uploads\/photo-gallery\/imported_from_media_libray\/Spotkanie-Warszawa_2024-3-scaled.jpg?bwg=1718538944\" data-image-id=\"35\" data-elementor-open-lightbox=\"no\">          <div class=\"bwg_mosaic_thumb_spun_0 bwg-item0 bwg-mosaic-thumb-span \">            <img decoding=\"async\" class=\"bwg_mosaic_thumb_0 skip-lazy bwg_img_clear bwg_img_custom \"                 id=\"35\"                 src=\"https:\/\/www.rodzinaravensbruck.pl\/wp-content\/uploads\/photo-gallery\/imported_from_media_libray\/thumb\/Spotkanie-Warszawa_2024-3-scaled.jpg?bwg=1718538944\"                 data-src=\"https:\/\/www.rodzinaravensbruck.pl\/wp-content\/uploads\/photo-gallery\/imported_from_media_libray\/thumb\/Spotkanie-Warszawa_2024-3-scaled.jpg?bwg=1718538944\"                 data-width=\"500.00\"                 data-height=\"375.00\"                 alt=\"Spotkanie-Warszawa_2024-3\"                 title=\"Spotkanie-Warszawa_2024-3\" \/>                      <\/div>        <\/a>                <a  class=\"bwg-a bwg_lightbox bwg_lightbox_0\" href=\"https:\/\/www.rodzinaravensbruck.pl\/wp-content\/uploads\/photo-gallery\/imported_from_media_libray\/Warszawa_Spotkanie-2024-scaled.jpg?bwg=1718538944\" data-image-id=\"36\" data-elementor-open-lightbox=\"no\">          <div class=\"bwg_mosaic_thumb_spun_0 bwg-item0 bwg-mosaic-thumb-span \">            <img decoding=\"async\" class=\"bwg_mosaic_thumb_0 skip-lazy bwg_img_clear bwg_img_custom \"                 id=\"36\"                 src=\"https:\/\/www.rodzinaravensbruck.pl\/wp-content\/uploads\/photo-gallery\/imported_from_media_libray\/thumb\/Warszawa_Spotkanie-2024-scaled.jpg?bwg=1718538944\"                 data-src=\"https:\/\/www.rodzinaravensbruck.pl\/wp-content\/uploads\/photo-gallery\/imported_from_media_libray\/thumb\/Warszawa_Spotkanie-2024-scaled.jpg?bwg=1718538944\"                 data-width=\"500.00\"                 data-height=\"375.00\"                 alt=\"Warszawa_Spotkanie 2024\"                 title=\"Warszawa_Spotkanie 2024\" \/>                      <\/div>        <\/a>                <a  class=\"bwg-a bwg_lightbox bwg_lightbox_0\" href=\"https:\/\/www.rodzinaravensbruck.pl\/wp-content\/uploads\/photo-gallery\/imported_from_media_libray\/Warszawa-Spotkanie-20224-rozmowy-scaled.jpg?bwg=1718538944\" data-image-id=\"37\" data-elementor-open-lightbox=\"no\">          <div class=\"bwg_mosaic_thumb_spun_0 bwg-item0 bwg-mosaic-thumb-span \">            <img decoding=\"async\" class=\"bwg_mosaic_thumb_0 skip-lazy bwg_img_clear bwg_img_custom \"                 id=\"37\"                 src=\"https:\/\/www.rodzinaravensbruck.pl\/wp-content\/uploads\/photo-gallery\/imported_from_media_libray\/thumb\/Warszawa-Spotkanie-20224-rozmowy-scaled.jpg?bwg=1718538944\"                 data-src=\"https:\/\/www.rodzinaravensbruck.pl\/wp-content\/uploads\/photo-gallery\/imported_from_media_libray\/thumb\/Warszawa-Spotkanie-20224-rozmowy-scaled.jpg?bwg=1718538944\"                 data-width=\"500.00\"                 data-height=\"375.00\"                 alt=\"Warszawa-Spotkanie 20224-rozmowy\"                 title=\"Warszawa-Spotkanie 20224-rozmowy\" \/>                      <\/div>        <\/a>            <\/div>    <\/div>    <style>      \/*pagination styles*\/      #bwg_container1_0 #bwg_container2_0 .tablenav-pages_0 {\t\t\t\ttext-align: center;\t\t\t\tfont-size: 12px;\t\t\t\tfont-family: Ubuntu;\t\t\t\tfont-weight: bold;\t\t\t\tcolor: #666666;\t\t\t\tmargin: 6px 0 4px;\t\t\t\tdisplay: block;      }      @media only screen and (max-width : 320px) {      #bwg_container1_0 #bwg_container2_0 .displaying-num_0 {     \t display: none;      }      }      #bwg_container1_0 #bwg_container2_0 .displaying-num_0 {\t\t\t\tfont-size: 12px;\t\t\t\tfont-family: Ubuntu;\t\t\t\tfont-weight: bold;\t\t\t\tcolor: #666666;\t\t\t\tmargin-right: 10px;\t\t\t\tvertical-align: middle;      }      #bwg_container1_0 #bwg_container2_0 .paging-input_0 {\t\t\t\tfont-size: 12px;\t\t\t\tfont-family: Ubuntu;\t\t\t\tfont-weight: bold;\t\t\t\tcolor: #666666;\t\t\t\tvertical-align: middle;      }      #bwg_container1_0 #bwg_container2_0 .tablenav-pages_0 a.disabled,      #bwg_container1_0 #bwg_container2_0 .tablenav-pages_0 a.disabled:hover,      #bwg_container1_0 #bwg_container2_0 .tablenav-pages_0 a.disabled:focus,\t\t\t#bwg_container1_0 #bwg_container2_0 .tablenav-pages_0 input.bwg_current_page {\t\t\t\tcursor: default;\t\t\t\tcolor: rgba(102, 102, 102, 0.5);      }      #bwg_container1_0 #bwg_container2_0 .tablenav-pages_0 a,      #bwg_container1_0 #bwg_container2_0 .tablenav-pages_0 input.bwg_current_page {\t\t\t\tcursor: pointer;\t\t\t\ttext-align: center;\t\t\t\tfont-size: 12px;\t\t\t\tfont-family: Ubuntu;\t\t\t\tfont-weight: bold;\t\t\t\tcolor: #666666;\t\t\t\ttext-decoration: none;\t\t\t\tpadding: 3px 6px;\t\t\t\tmargin: 0;\t\t\t\tborder-radius: 0;\t\t\t\tborder-style: solid;\t\t\t\tborder-width: 1px;\t\t\t\tborder-color: #E3E3E3;\t\t\t\t\t\t\t\tbackground-color: rgba(255, 255, 255, 1.00);\t\t\t\tbox-shadow: 0;\t\t\t\ttransition: all 0.3s ease 0s;-webkit-transition: all 0.3s ease 0s;      }      <\/style>      <span class=\"bwg_nav_cont_0\">              <div class=\"tablenav-pages_0\">                  <\/div>                <input type=\"hidden\" id=\"page_number_0\" name=\"page_number_0\" value=\"1\" \/>      <script type=\"text\/javascript\">        if( jQuery('.bwg_nav_cont_0').length > 1 ) {          jQuery('.bwg_nav_cont_0').first().remove()        }        function spider_page_0(cur, x, y, load_more) {          if (typeof load_more == \"undefined\") {            var load_more = false;          }          if (jQuery(cur).hasClass('disabled')) {            return false;          }          var items_county_0 = 1;          switch (y) {            case 1:              if (x >= items_county_0) {                document.getElementById('page_number_0').value = items_county_0;              }              else {                document.getElementById('page_number_0').value = x + 1;              }              break;            case 2:              document.getElementById('page_number_0').value = items_county_0;              break;            case -1:              if (x == 1) {                document.getElementById('page_number_0').value = 1;              }              else {                document.getElementById('page_number_0').value = x - 1;              }              break;            case -2:              document.getElementById('page_number_0').value = 1;              break;\t\t\t\t\t\tcase 0:              document.getElementById('page_number_0').value = x;              break;            default:              document.getElementById('page_number_0').value = 1;          }          bwg_ajax('gal_front_form_0', '0', 'bwg_thumbnails_mosaic_0', '0', '', 'gallery', 0, '', '', load_more, '', 1);        }                    jQuery('.first-page-0').on('click', function () {              spider_page_0(this, 1, -2, 'numeric');              return false;            });            jQuery('.prev-page-0').on('click', function () {              spider_page_0(this, 1, -1, 'numeric');              return false;            });            jQuery('.next-page-0').on('click', function () {              spider_page_0(this, 1, 1, 'numeric');              return false;            });            jQuery('.last-page-0').on('click', function () {              spider_page_0(this, 1, 2, 'numeric');              return false;            });        \t\t\t\t\/* Change page on input enter. *\/        function bwg_change_page_0( e, that ) {          if (  e.key == 'Enter' ) {            var to_page = parseInt(jQuery(that).val());            var pages_count = jQuery(that).parents(\".pagination-links\").data(\"pages-count\");            var current_url_param = jQuery(that).attr('data-url-info');            if (to_page > pages_count) {              to_page = 1;            }\t \t\t\t\t\t\t\t\t\t\t\t\tspider_page_0(this, to_page, 0, 'numeric');\t\t\t\t\t\t\treturn false;\t\t\t\t\t\t          }          return true;        }        jQuery('.bwg_load_btn_0').on('click', function () {            spider_page_0(this, 1, 1, true);            return false;        });      <\/script>      <\/span>                <\/div>        <\/form>        <style>          #bwg_container1_0 #bwg_container2_0 #spider_popup_overlay_0 {          background-color: #EEEEEE;          opacity: 0.60;          }          <\/style>        <div id=\"bwg_spider_popup_loading_0\" class=\"bwg_spider_popup_loading\"><\/div>        <div id=\"spider_popup_overlay_0\" class=\"spider_popup_overlay\" onclick=\"spider_destroypopup(1000)\"><\/div>        <input type=\"hidden\" id=\"bwg_random_seed_0\" value=\"141104198\">                <\/div>    <\/div>    <script>      if (document.readyState === 'complete') {        if( typeof bwg_main_ready == 'function' ) {          if ( jQuery(\"#bwg_container1_0\").height() ) {            bwg_main_ready(jQuery(\"#bwg_container1_0\"));          }        }      } else {        document.addEventListener('DOMContentLoaded', function() {          if( typeof bwg_main_ready == 'function' ) {            if ( jQuery(\"#bwg_container1_0\").height() ) {             bwg_main_ready(jQuery(\"#bwg_container1_0\"));            }          }        });      }    <\/script>    <\/p>\n<p><\/span><\/p>\n<p>&nbsp;<\/p>\n<p><span style=\"color: #000000;\">Opracowa\u0142a: El\u017cbieta Kuta, nagrania ze spotkania i zdj\u0119cia autorki<\/span><\/p>\n","protected":false},"excerpt":{"rendered":"<p>Panel 1 \u2013 wsp\u00f3lne i nie wsp\u00f3lne do\u015bwiadczenia Polak\u00f3w, Rom\u00f3w, \u017byd\u00f3w \u2013 obywateli Drugiej Rzeczpospolitej \u2013 podczas niemieckiej okupacji \u015awiadectwa Jana i Stefanii Wernik: \u00a0Poruszaj\u0105ce \u015bwiadectwa &#8211; Ona urodzi\u0142a si\u0119 w KL Auschwitz. On prze\u017cy\u0142 rze\u017a wo\u0142y\u0144sk\u0105, w kt\u00f3rej straci\u0142 ojca. Po\u0142\u0105czy\u0142a ich mi\u0142o\u015b\u0107 przypiecz\u0119towana ma\u0142\u017ce\u0144stwem. Jako uczestnicy spotkania w Warszawie mieli\u015bmy szcz\u0119\u015bcie pozna\u0107 i &hellip; <\/p>\n<p class=\"link-more\"><a href=\"https:\/\/www.rodzinaravensbruck.pl\/index.php\/2024\/06\/16\/zjazd-bylych-wiezniow-obozow-koncentracyjnych-warszawa-7-9-czerwca-2024\/\" class=\"more-link\">Czytaj dalej<span class=\"screen-reader-text\"> \u201eZJAZD BY\u0141YCH WI\u0118\u0179NI\u00d3W OBOZ\u00d3W KONCENTRACYJNYCH  WARSZAWA 7-9 CZERWCA 2024\u201d<\/span><\/a><\/p>\n","protected":false},"author":1,"featured_media":3985,"comment_status":"closed","ping_status":"open","sticky":false,"template":"","format":"standard","meta":{"ngg_post_thumbnail":0,"footnotes":""},"categories":[27],"tags":[],"class_list":["post-3974","post","type-post","status-publish","format-standard","has-post-thumbnail","hentry","category-wydarzenia"],"_links":{"self":[{"href":"https:\/\/www.rodzinaravensbruck.pl\/index.php\/wp-json\/wp\/v2\/posts\/3974","targetHints":{"allow":["GET"]}}],"collection":[{"href":"https:\/\/www.rodzinaravensbruck.pl\/index.php\/wp-json\/wp\/v2\/posts"}],"about":[{"href":"https:\/\/www.rodzinaravensbruck.pl\/index.php\/wp-json\/wp\/v2\/types\/post"}],"author":[{"embeddable":true,"href":"https:\/\/www.rodzinaravensbruck.pl\/index.php\/wp-json\/wp\/v2\/users\/1"}],"replies":[{"embeddable":true,"href":"https:\/\/www.rodzinaravensbruck.pl\/index.php\/wp-json\/wp\/v2\/comments?post=3974"}],"version-history":[{"count":8,"href":"https:\/\/www.rodzinaravensbruck.pl\/index.php\/wp-json\/wp\/v2\/posts\/3974\/revisions"}],"predecessor-version":[{"id":3999,"href":"https:\/\/www.rodzinaravensbruck.pl\/index.php\/wp-json\/wp\/v2\/posts\/3974\/revisions\/3999"}],"wp:featuredmedia":[{"embeddable":true,"href":"https:\/\/www.rodzinaravensbruck.pl\/index.php\/wp-json\/wp\/v2\/media\/3985"}],"wp:attachment":[{"href":"https:\/\/www.rodzinaravensbruck.pl\/index.php\/wp-json\/wp\/v2\/media?parent=3974"}],"wp:term":[{"taxonomy":"category","embeddable":true,"href":"https:\/\/www.rodzinaravensbruck.pl\/index.php\/wp-json\/wp\/v2\/categories?post=3974"},{"taxonomy":"post_tag","embeddable":true,"href":"https:\/\/www.rodzinaravensbruck.pl\/index.php\/wp-json\/wp\/v2\/tags?post=3974"}],"curies":[{"name":"wp","href":"https:\/\/api.w.org\/{rel}","templated":true}]}}