{"id":4096,"date":"2024-10-10T20:11:01","date_gmt":"2024-10-10T18:11:01","guid":{"rendered":"https:\/\/www.rodzinaravensbruck.pl\/?p=4096"},"modified":"2024-10-10T20:11:21","modified_gmt":"2024-10-10T18:11:21","slug":"sladami-wiezniarek-z-hitlerowskiego-wiezienia-na-zamku-w-lublinie-miejsca-okrutnych-przesluchan-przez-gestapo-w-domu-pod-zegarem-trafily-do-kl-ravensbruck","status":"publish","type":"post","link":"https:\/\/www.rodzinaravensbruck.pl\/index.php\/2024\/10\/10\/sladami-wiezniarek-z-hitlerowskiego-wiezienia-na-zamku-w-lublinie-miejsca-okrutnych-przesluchan-przez-gestapo-w-domu-pod-zegarem-trafily-do-kl-ravensbruck\/","title":{"rendered":"\u015aladami wi\u0119\u017aniarek \u2013 z hitlerowskiego wi\u0119zienia na Zamku w Lublinie, miejsca okrutnych przes\u0142ucha\u0144 przez gestapo w domu \u201ePod Zegarem\u201d trafi\u0142y do KL Ravensbr\u00fcck"},"content":{"rendered":"<p>Wyjazd edukacyjny harcerzy z 5 Tarnowskiej Dru\u017cyny Harcerskiej im. Janusza Korczaka i uczni\u00f3w Szko\u0142y Podstawowej im. Stanis\u0142awa Wyspia\u0144skiego w \u017babnie do Muzeum Martyrologii \u201ePod Zegarem\u201d oraz do Muzeum Narodowego w Lublinie odby\u0142 si\u0119 4 pa\u017adziernika 2024. M\u0142odzie\u017cy towarzyszyli nauczyciele, podharcmistrzyni Renata Kawula. \u00a0Stowarzyszenie \u201eRodzina Wi\u0119\u017aniarek Niemieckiego Obozu Koncentracyjnego Ravensbr\u00fcck\u201d reprezentowa\u0142a dr Monika Kwiatkowska.<!--more--><\/p>\n<p>Wrzesie\u0144 jest miesi\u0105cem pami\u0119ci o wi\u0119\u017aniarkach wywo\u017conych z r\u00f3\u017cnych rejon\u00f3w \u00a0Polski do KL Ravensbr\u00fcck w tzw. transportach specjalnych, sondertransportach. Pierwszy transport specjalny lubelsko-warszawski mia\u0142 miejsce 23 wrze\u015bnia1941 r. z dw\u00f3ch ci\u0119\u017ckich wi\u0119zie\u0144, z Zamku Lubelskiego i z Pawiaka. Przed wywiezieniem do obozu kobiety by\u0142y brutalnie przes\u0142uchiwane w areszcie gestapo \u201ePod Zegarem\u201d (obecnie oddzia\u0142 Martyrologii), przesz\u0142y przez ci\u0119\u017ckie wi\u0119zienie na Zamku by trafi\u0107 z wyrokiem \u015bmierci za dzia\u0142alno\u015b\u0107 konspiracyjn\u0105 do KL Ravensbr\u00fcck.<\/p>\n<p>Zbiorowa egzekucja Polek z tego transportu odby\u0142a si\u0119 w obozie 18 kwietnia 1942. Niemcy rozstrzelali 14 Polek, w\u015br\u00f3d nich m\u0142od\u0105 poetk\u0119 Gra\u017cyn\u0119 Chrostowsk\u0105 wraz z siostr\u0105 Apoloni\u0105 (Pol\u0105). Wi\u0119\u017aniarki z transport\u00f3w lubelsko-warszawskich poddawane by\u0142y bestialskim pseudomedycznym operacjom zaka\u017anym, kostnym, mi\u0119\u015bniowym i nerwowym. Nazwane \u201ekr\u00f3likami\u201d, wszystkie mia\u0142y zgin\u0105\u0107, aby \u015bwiat si\u0119 o nich nie dowiedzia\u0142 nigdy.<\/p>\n<p>Przeszli\u015bmy Ich \u015bladami.<\/p>\n<ul>\n<li>Muzeum Martyrologii \u201ePod Zegarem\u201d \u2013 miejsce przes\u0142ucha\u0144 przez gestapo. Dramat wojennych czas\u00f3w w opowie\u015bci \u0141ukasza Krzysiaka (kustosza muzeum), przedstawiony na filmach, na wystawie pt. \u201eDziewcz\u0119ta w KL Ravensbr\u00fcck\u201d, gdzie harcerka przeczyta\u0142a wiersz Gra\u017cyny Chrostowskiej pt. \u201e<em>Gdzie\u015b zab\u0142\u0105kany\u2026.<\/em>\u201d. napisany w pa\u017adzierniku 1941 r., po przyje\u017adzie do obozu. Ka\u017cdy uczestnik dosta\u0142 ksi\u0105\u017ck\u0119 pt. \u201eDziewcz\u0119ta w KL Ravensbr\u00fcck\u201d Barbary Oratowskiej, za co bardzo dzi\u0119kujemy.<\/li>\n<li>Muzeum Narodowe na Zamku (w tym roku min\u0119\u0142a 80 rocznica likwidacji wi\u0119zienia) \u2013 historia Zamku w r\u00f3\u017cnych okresach, kaplica Tr\u00f3jcy \u015awi\u0119tej, baszta zwana Don\u017con, mauzoleum, podziemia wie\u017cy zamkowej (z\u0142o\u017cenie kwiat\u00f3w, \u015bwiat\u0142o pami\u0119ci, minuta ciszy pami\u0119ci Ofiar, pami\u0119\u0107 dzielnych Polak\u00f3w, kt\u00f3rzy oddali \u017cycie za Ojczyzn\u0119), wystawy malarstwa (Jana Matejki, \u201eUnia Lubelska\u201d i \u201ePrzyj\u0119cie \u017byd\u00f3w do Polski\u201d), rze\u017ab Xawerego Wolskiego.<\/li>\n<\/ul>\n<p>Ich heroizm, niez\u0142omno\u015b\u0107, wierno\u015b\u0107 idea\u0142om patriotycznym niech b\u0119dzie dla nas przyk\u0142adem. By\u0142a to wa\u017cna lekcja historii i patriotyzmu.<\/p>\n<p>Opracowanie: dr Monika Kwiatkowska<\/p>\n<p>Zdj\u0119cia: Marcin Kawula<\/p>\n<p><span style=\"font-family: times new roman, times, serif;\"><em>\u00a0Post scriptum<\/em><\/span><\/p>\n<p><span style=\"font-family: times new roman, times, serif;\"><em>Obserwuj\u0105c zachowania harcerek i harcerzy, a tak\u017ce po rozmowie z Nimi musz\u0119 przyzna\u0107, \u017ce by\u0142 to dla Nich wa\u017cny wyjazd i \u017cywa lekcja historii. Jestem przekonana, \u017ce zostanie ten wyjazd w ich pami\u0119ci. Jak sami m\u00f3wi\u0105, do tej pory wiele wycieczek to rekreacja, zabawa, a tutaj zobaczyli , us\u0142yszeli o harcerkach, dziewcz\u0119tach, kobietach, kt\u00f3re w\u0142\u0105czy\u0142y si\u0119 w s\u0142u\u017cbie pomocniczej i przyst\u0105pi\u0142y do walki konspiracyjnej m.in. jako \u0142\u0105czniczki.<\/em><\/span><br \/>\n<span style=\"font-family: times new roman, times, serif;\"><em>M\u0142odzie\u017c ogl\u0105da\u0142a w ciszy i zadumie filmy, kt\u00f3re pokazywa\u0142y Lublin w czasie II wojny. S\u0142uchaj\u0105c informacji przekazywanych przez Pana \u0141ukasza, kustosza tego muzeum, starali si\u0119 zrozumie\u0107 jak okrutne okoliczno\u015bci wojny zmuszaj\u0105 do wybor\u00f3w, kt\u00f3re stawiaj\u0105 ludzkie \u017cycie na szali. W rozmowach ze starszymi harcerzami us\u0142ysza\u0142am, \u017ce u\u015bwiadomili sobie bezcelowo\u015b\u0107 i absurd przemocy, kt\u00f3rej do\u015bwiadcza\u0142y harcerki. O niez\u0142omno\u015bci ludzkiego ducha pomimo cierpienia i poni\u017cania. M\u0142odsi harcerze byli pe\u0142ni podziwu dla rysunk\u00f3w, kt\u00f3re by\u0142y wykonywane dla rodze\u0144stwa m.in. rysunek Myszki Miki. Zwr\u00f3cili te\u017c uwag\u0119 na pami\u0105tki z obozu w Ravensbruck, czy te\u017c na pami\u0105tki dr Wandy P\u00f3\u0142tawskiej.<\/em><\/span><br \/>\n<span style=\"font-family: times new roman, times, serif;\"><em>Podczas minuty ciszy na Zamku w celi, gdzie sk\u0142adane s\u0105 wi\u0105zanki, na twarzach harcerzy pojawi\u0142a si\u0119 zaduma i smutek.<\/em><\/span><br \/>\n<span style=\"font-family: times new roman, times, serif;\"><em>Renata Kawula, podharcmistrzyni 5 Tarnowskiej Dru\u017cyny Harcerskiej w \u017babnie<\/em><\/span><\/p>\n<p>&nbsp;<\/p>\n<style id=\"bwg-style-0\">      #bwg_container1_0 #bwg_container2_0 #bwg_mosaic_thumbnails_div_0 {        width: 100%;        position: relative;        background-color: rgba(255, 255, 255, 0.00);        text-align: center;        justify-content: center;                  margin-left: auto;          margin-right: auto;                    padding-left: 2px;          padding-top: 2px;                }          #bwg_container1_0 #bwg_container2_0 .bwg_mosaic_thumb_spun_0 {        display: block;        position: absolute;\t\t\t\tborder-radius: 0;\t\t\t\tborder: 0px none #CCCCCC;    \t\t    \t\tbackground-color:rgba(0,0,0, 0.30);        -moz-box-sizing: content-box !important;        -webkit-box-sizing: content-box !important;        box-sizing: content-box !important;      }\t\t\t#bwg_container1_0 #bwg_container2_0 .bwg_mosaic_thumb_0 {\t\t\t\tdisplay: block;\t\t\t\t-moz-box-sizing: content-box !important;\t\t\t\t-webkit-box-sizing: content-box !important;\t\t\t\tbox-sizing: content-box !important;\t\t\t\tmargin: 0;\t\t\t\topacity: 1.00;\t\t\t}      #bwg_container1_0 #bwg_container2_0 .bwg_mosaic_thumb_spun_0:hover {        opacity: 1;        backface-visibility: hidden;        -webkit-backface-visibility: hidden;        -moz-backface-visibility: hidden;        -ms-backface-visibility: hidden;        z-index: 102;      }\t     @media only screen and (min-width: 480px) {\t\t#bwg_container1_0 #bwg_container2_0 .bwg-container-0.bwg-mosaic-thumbnails .bwg-item0 img {\t\t\t-webkit-transition: -webkit-transform .3s; transition: transform .3s;\t\t}\t\t#bwg_container1_0 #bwg_container2_0 .bwg-container-0.bwg-mosaic-thumbnails .bwg-item0 img:hover {\t\t\t-ms-transform: scale(1.08);\t\t\t-webkit-transform: scale(1.08);\t\t\ttransform: scale(1.08);\t\t}\t\t      }\t      #bwg_container1_0 #bwg_container2_0 .bwg_mosaic_thumbnails_0 {        background-color: rgba(255, 255, 255, 0.00);        font-size: 0;        position: relative;        text-align: center;        display: inline-block;        visibility: hidden;              }\t  \/*image title styles*\/      #bwg_container1_0 #bwg_container2_0 .bwg_mosaic_title_spun1_0,      #bwg_container1_0 #bwg_container2_0 .bwg-mosaic-thumbnails .bwg_ecommerce_spun1_0 {        position: absolute;        display: block;        opacity: 0;        box-sizing: border-box;        text-align: center;\t\t\t\ttop: 50%;\t\t\t\tleft: 50%;\t\t\t\ttransform: translate(-50%, -50%);      }      #bwg_container1_0 #bwg_container2_0 .bwg-mosaic-thumbnails .bwg_mosaic_title_spun2_0,      #bwg_container1_0 #bwg_container2_0 .bwg-mosaic-thumbnails .bwg_ecommerce_spun2_0 {\t\t    color: #323A45;        font-family: Ubuntu;        font-size: 16px;        font-weight: bold;        text-shadow: ;        vertical-align: middle;        word-wrap: break-word;      }            .bwg_mosaic_play_icon_spun_0 {        display: table;        position: absolute;        left: -10000px;        top: 0px;        opacity: 0;      }      .bwg_mosaic_play_icon_0 {        color: #323A45;        font-size: 32px;        vertical-align: middle;        display: table-cell !important;        z-index: 1;        text-align: center;        margin: 0 auto;      }      #bwg_container1_0 #bwg_container2_0 .bwg_gal_title_0 {        background-color: rgba(0, 0, 0, 0);        color: #323A45;        display: block;        font-family: Ubuntu;        font-size: 16px;        font-weight: bold;        padding: 2px;        text-shadow: ;        text-align: center;      }            @media screen and (max-width: 350px) {      div[class^=\"bwg_mosaic_thumbnails_\"],      span[class^=\"bwg_mosaic_thumb_spun_\"] {      width: 100% !important;      }      img[class^=\"bwg_mosaic_thumb_\"] {      width: 100% !important;      height: auto !important;      margin: 0px auto !important;      }      }      <\/style>    <div id=\"bwg_container1_0\"         class=\"bwg_container bwg_thumbnail bwg_thumbnails_mosaic \"         data-right-click-protection=\"0\"         data-bwg=\"0\"         data-scroll=\"0\"         data-gallery-type=\"thumbnails_mosaic\"         data-gallery-view-type=\"thumbnails_mosaic\"         data-current-url=\"\/index.php\/wp-json\/wp\/v2\/posts\/4096\"         data-lightbox-url=\"https:\/\/www.rodzinaravensbruck.pl\/wp-admin\/admin-ajax.php?action=GalleryBox&#038;current_view=0&#038;gallery_id=6&#038;tag=0&#038;theme_id=1&#038;shortcode_id=14&#038;sort_by=order&#038;order_by=asc&#038;current_url=%2Findex.php%2Fwp-json%2Fwp%2Fv2%2Fposts%2F4096\"         data-gallery-id=\"6\"         data-popup-width=\"800\"         data-popup-height=\"500\"         data-is-album=\"gallery\"         data-buttons-position=\"bottom\">      <div id=\"bwg_container2_0\">             <div id=\"ajax_loading_0\" class=\"bwg_loading_div_1\">      <div class=\"bwg_loading_div_2\">        <div class=\"bwg_loading_div_3\">          <div id=\"loading_div_0\" class=\"bwg_spider_ajax_loading\">          <\/div>        <\/div>      <\/div>    <\/div>            <form id=\"gal_front_form_0\"              class=\"bwg-hidden\"              method=\"post\"              action=\"#\"              data-current=\"0\"              data-shortcode-id=\"14\"              data-gallery-type=\"thumbnails_mosaic\"              data-gallery-id=\"6\"              data-tag=\"0\"              data-album-id=\"0\"              data-theme-id=\"1\"              data-ajax-url=\"https:\/\/www.rodzinaravensbruck.pl\/wp-admin\/admin-ajax.php?action=bwg_frontend_data\">          <div id=\"bwg_container3_0\" class=\"bwg-background bwg-background-0\">                <div id=\"bwg_mosaic_thumbnails_div_0\"         class=\"bwg-container-0 bwg-container bwg-mosaic-thumbnails\"         data-bwg=\"0\"         data-mosaic-direction=\"vertical\"         data-resizable=\"0\"         data-width=\"250\"         data-height=\"250\"         data-total-width=\"100\"         data-block-id=\"bwg_thumbnails_mosaic_0\"         data-thumb-padding=\"2\"         data-thumb-border=\"0\"         data-title-margin=\"2px\"         data-image-title=\"none\"         data-play-icon=\"1\"         data-ecommerce-icon=\"none\"         data-gallery-id=\"6\"         data-lightbox-url=\"https:\/\/www.rodzinaravensbruck.pl\/wp-admin\/admin-ajax.php?action=GalleryBox&#038;current_view=0&#038;gallery_id=6&#038;tag=0&#038;theme_id=1&#038;shortcode_id=14&#038;sort_by=order&#038;order_by=asc&#038;current_url=%2Findex.php%2Fwp-json%2Fwp%2Fv2%2Fposts%2F4096\"         data-mosaic-thumb-transition=\"1\"         style=\"visibility: hidden\" >      <div id=\"bwg_thumbnails_mosaic_0\" class=\"bwg_mosaic_thumbnails_0\">                  <a  class=\"bwg-a bwg_lightbox bwg_lightbox_0\" href=\"https:\/\/www.rodzinaravensbruck.pl\/wp-content\/uploads\/photo-gallery\/imported_from_media_libray\/WhatsApp-Image-2024-10-06-at-14.08.30-1.jpeg?bwg=1728583824\" data-image-id=\"52\" data-elementor-open-lightbox=\"no\">          <div class=\"bwg_mosaic_thumb_spun_0 bwg-item0 bwg-mosaic-thumb-span \">            <img decoding=\"async\" class=\"bwg_mosaic_thumb_0 skip-lazy bwg_img_clear bwg_img_custom \"                 id=\"52\"                 src=\"https:\/\/www.rodzinaravensbruck.pl\/wp-content\/uploads\/photo-gallery\/imported_from_media_libray\/thumb\/WhatsApp-Image-2024-10-06-at-14.08.30-1.jpeg?bwg=1728583824\"                 data-src=\"https:\/\/www.rodzinaravensbruck.pl\/wp-content\/uploads\/photo-gallery\/imported_from_media_libray\/thumb\/WhatsApp-Image-2024-10-06-at-14.08.30-1.jpeg?bwg=1728583824\"                 data-width=\"225.00\"                 data-height=\"500.00\"                 alt=\"WhatsApp Image 2024-10-06 at 14.08.30 (1)\"                 title=\"WhatsApp Image 2024-10-06 at 14.08.30 (1)\" \/>                      <\/div>        <\/a>                <a  class=\"bwg-a bwg_lightbox bwg_lightbox_0\" href=\"https:\/\/www.rodzinaravensbruck.pl\/wp-content\/uploads\/photo-gallery\/imported_from_media_libray\/WhatsApp-Image-2024-10-06-at-14.08.30-2.jpeg?bwg=1728583824\" data-image-id=\"53\" data-elementor-open-lightbox=\"no\">          <div class=\"bwg_mosaic_thumb_spun_0 bwg-item0 bwg-mosaic-thumb-span \">            <img decoding=\"async\" class=\"bwg_mosaic_thumb_0 skip-lazy bwg_img_clear bwg_img_custom \"                 id=\"53\"                 src=\"https:\/\/www.rodzinaravensbruck.pl\/wp-content\/uploads\/photo-gallery\/imported_from_media_libray\/thumb\/WhatsApp-Image-2024-10-06-at-14.08.30-2.jpeg?bwg=1728583824\"                 data-src=\"https:\/\/www.rodzinaravensbruck.pl\/wp-content\/uploads\/photo-gallery\/imported_from_media_libray\/thumb\/WhatsApp-Image-2024-10-06-at-14.08.30-2.jpeg?bwg=1728583824\"                 data-width=\"500.00\"                 data-height=\"225.00\"                 alt=\"WhatsApp Image 2024-10-06 at 14.08.30 (2)\"                 title=\"WhatsApp Image 2024-10-06 at 14.08.30 (2)\" \/>                      <\/div>        <\/a>                <a  class=\"bwg-a bwg_lightbox bwg_lightbox_0\" href=\"https:\/\/www.rodzinaravensbruck.pl\/wp-content\/uploads\/photo-gallery\/imported_from_media_libray\/WhatsApp-Image-2024-10-06-at-14.08.30-3.jpeg?bwg=1728583824\" data-image-id=\"54\" data-elementor-open-lightbox=\"no\">          <div class=\"bwg_mosaic_thumb_spun_0 bwg-item0 bwg-mosaic-thumb-span \">            <img decoding=\"async\" class=\"bwg_mosaic_thumb_0 skip-lazy bwg_img_clear bwg_img_custom \"                 id=\"54\"                 src=\"https:\/\/www.rodzinaravensbruck.pl\/wp-content\/uploads\/photo-gallery\/imported_from_media_libray\/thumb\/WhatsApp-Image-2024-10-06-at-14.08.30-3.jpeg?bwg=1728583824\"                 data-src=\"https:\/\/www.rodzinaravensbruck.pl\/wp-content\/uploads\/photo-gallery\/imported_from_media_libray\/thumb\/WhatsApp-Image-2024-10-06-at-14.08.30-3.jpeg?bwg=1728583824\"                 data-width=\"225.00\"                 data-height=\"500.00\"                 alt=\"WhatsApp Image 2024-10-06 at 14.08.30 (3)\"                 title=\"WhatsApp Image 2024-10-06 at 14.08.30 (3)\" \/>                      <\/div>        <\/a>                <a  class=\"bwg-a bwg_lightbox bwg_lightbox_0\" href=\"https:\/\/www.rodzinaravensbruck.pl\/wp-content\/uploads\/photo-gallery\/imported_from_media_libray\/WhatsApp-Image-2024-10-06-at-14.08.30-4.jpeg?bwg=1728583824\" data-image-id=\"55\" data-elementor-open-lightbox=\"no\">          <div class=\"bwg_mosaic_thumb_spun_0 bwg-item0 bwg-mosaic-thumb-span \">            <img decoding=\"async\" class=\"bwg_mosaic_thumb_0 skip-lazy bwg_img_clear bwg_img_custom \"                 id=\"55\"                 src=\"https:\/\/www.rodzinaravensbruck.pl\/wp-content\/uploads\/photo-gallery\/imported_from_media_libray\/thumb\/WhatsApp-Image-2024-10-06-at-14.08.30-4.jpeg?bwg=1728583824\"                 data-src=\"https:\/\/www.rodzinaravensbruck.pl\/wp-content\/uploads\/photo-gallery\/imported_from_media_libray\/thumb\/WhatsApp-Image-2024-10-06-at-14.08.30-4.jpeg?bwg=1728583824\"                 data-width=\"225.00\"                 data-height=\"500.00\"                 alt=\"WhatsApp Image 2024-10-06 at 14.08.30 (4)\"                 title=\"WhatsApp Image 2024-10-06 at 14.08.30 (4)\" \/>                      <\/div>        <\/a>                <a  class=\"bwg-a bwg_lightbox bwg_lightbox_0\" href=\"https:\/\/www.rodzinaravensbruck.pl\/wp-content\/uploads\/photo-gallery\/imported_from_media_libray\/WhatsApp-Image-2024-10-06-at-14.08.30-5.jpeg?bwg=1728583824\" data-image-id=\"56\" data-elementor-open-lightbox=\"no\">          <div class=\"bwg_mosaic_thumb_spun_0 bwg-item0 bwg-mosaic-thumb-span \">            <img decoding=\"async\" class=\"bwg_mosaic_thumb_0 skip-lazy bwg_img_clear bwg_img_custom \"                 id=\"56\"                 src=\"https:\/\/www.rodzinaravensbruck.pl\/wp-content\/uploads\/photo-gallery\/imported_from_media_libray\/thumb\/WhatsApp-Image-2024-10-06-at-14.08.30-5.jpeg?bwg=1728583824\"                 data-src=\"https:\/\/www.rodzinaravensbruck.pl\/wp-content\/uploads\/photo-gallery\/imported_from_media_libray\/thumb\/WhatsApp-Image-2024-10-06-at-14.08.30-5.jpeg?bwg=1728583824\"                 data-width=\"500.00\"                 data-height=\"225.00\"                 alt=\"WhatsApp Image 2024-10-06 at 14.08.30 (5)\"                 title=\"WhatsApp Image 2024-10-06 at 14.08.30 (5)\" \/>                      <\/div>        <\/a>                <a  class=\"bwg-a bwg_lightbox bwg_lightbox_0\" href=\"https:\/\/www.rodzinaravensbruck.pl\/wp-content\/uploads\/photo-gallery\/imported_from_media_libray\/WhatsApp-Image-2024-10-06-at-14.08.30-6.jpeg?bwg=1728583824\" data-image-id=\"57\" data-elementor-open-lightbox=\"no\">          <div class=\"bwg_mosaic_thumb_spun_0 bwg-item0 bwg-mosaic-thumb-span \">            <img decoding=\"async\" class=\"bwg_mosaic_thumb_0 skip-lazy bwg_img_clear bwg_img_custom \"                 id=\"57\"                 src=\"https:\/\/www.rodzinaravensbruck.pl\/wp-content\/uploads\/photo-gallery\/imported_from_media_libray\/thumb\/WhatsApp-Image-2024-10-06-at-14.08.30-6.jpeg?bwg=1728583824\"                 data-src=\"https:\/\/www.rodzinaravensbruck.pl\/wp-content\/uploads\/photo-gallery\/imported_from_media_libray\/thumb\/WhatsApp-Image-2024-10-06-at-14.08.30-6.jpeg?bwg=1728583824\"                 data-width=\"500.00\"                 data-height=\"225.00\"                 alt=\"WhatsApp Image 2024-10-06 at 14.08.30 (6)\"                 title=\"WhatsApp Image 2024-10-06 at 14.08.30 (6)\" \/>                      <\/div>        <\/a>                <a  class=\"bwg-a bwg_lightbox bwg_lightbox_0\" href=\"https:\/\/www.rodzinaravensbruck.pl\/wp-content\/uploads\/photo-gallery\/imported_from_media_libray\/WhatsApp-Image-2024-10-06-at-14.08.30.jpeg?bwg=1728583824\" data-image-id=\"58\" data-elementor-open-lightbox=\"no\">          <div class=\"bwg_mosaic_thumb_spun_0 bwg-item0 bwg-mosaic-thumb-span \">            <img decoding=\"async\" class=\"bwg_mosaic_thumb_0 skip-lazy bwg_img_clear bwg_img_custom \"                 id=\"58\"                 src=\"https:\/\/www.rodzinaravensbruck.pl\/wp-content\/uploads\/photo-gallery\/imported_from_media_libray\/thumb\/WhatsApp-Image-2024-10-06-at-14.08.30.jpeg?bwg=1728583824\"                 data-src=\"https:\/\/www.rodzinaravensbruck.pl\/wp-content\/uploads\/photo-gallery\/imported_from_media_libray\/thumb\/WhatsApp-Image-2024-10-06-at-14.08.30.jpeg?bwg=1728583824\"                 data-width=\"500.00\"                 data-height=\"225.00\"                 alt=\"WhatsApp Image 2024-10-06 at 14.08.30\"                 title=\"WhatsApp Image 2024-10-06 at 14.08.30\" \/>                      <\/div>        <\/a>                <a  class=\"bwg-a bwg_lightbox bwg_lightbox_0\" href=\"https:\/\/www.rodzinaravensbruck.pl\/wp-content\/uploads\/photo-gallery\/imported_from_media_libray\/WhatsApp-Image-2024-10-06-at-14.08.31-1.jpeg?bwg=1728583824\" data-image-id=\"59\" data-elementor-open-lightbox=\"no\">          <div class=\"bwg_mosaic_thumb_spun_0 bwg-item0 bwg-mosaic-thumb-span \">            <img decoding=\"async\" class=\"bwg_mosaic_thumb_0 skip-lazy bwg_img_clear bwg_img_custom \"                 id=\"59\"                 src=\"https:\/\/www.rodzinaravensbruck.pl\/wp-content\/uploads\/photo-gallery\/imported_from_media_libray\/thumb\/WhatsApp-Image-2024-10-06-at-14.08.31-1.jpeg?bwg=1728583824\"                 data-src=\"https:\/\/www.rodzinaravensbruck.pl\/wp-content\/uploads\/photo-gallery\/imported_from_media_libray\/thumb\/WhatsApp-Image-2024-10-06-at-14.08.31-1.jpeg?bwg=1728583824\"                 data-width=\"225.00\"                 data-height=\"500.00\"                 alt=\"WhatsApp Image 2024-10-06 at 14.08.31 (1)\"                 title=\"WhatsApp Image 2024-10-06 at 14.08.31 (1)\" \/>                      <\/div>        <\/a>                <a  class=\"bwg-a bwg_lightbox bwg_lightbox_0\" href=\"https:\/\/www.rodzinaravensbruck.pl\/wp-content\/uploads\/photo-gallery\/imported_from_media_libray\/WhatsApp-Image-2024-10-06-at-14.08.31-2.jpeg?bwg=1728583824\" data-image-id=\"60\" data-elementor-open-lightbox=\"no\">          <div class=\"bwg_mosaic_thumb_spun_0 bwg-item0 bwg-mosaic-thumb-span \">            <img decoding=\"async\" class=\"bwg_mosaic_thumb_0 skip-lazy bwg_img_clear bwg_img_custom \"                 id=\"60\"                 src=\"https:\/\/www.rodzinaravensbruck.pl\/wp-content\/uploads\/photo-gallery\/imported_from_media_libray\/thumb\/WhatsApp-Image-2024-10-06-at-14.08.31-2.jpeg?bwg=1728583824\"                 data-src=\"https:\/\/www.rodzinaravensbruck.pl\/wp-content\/uploads\/photo-gallery\/imported_from_media_libray\/thumb\/WhatsApp-Image-2024-10-06-at-14.08.31-2.jpeg?bwg=1728583824\"                 data-width=\"500.00\"                 data-height=\"375.00\"                 alt=\"WhatsApp Image 2024-10-06 at 14.08.31 (2)\"                 title=\"WhatsApp Image 2024-10-06 at 14.08.31 (2)\" \/>                      <\/div>        <\/a>                <a  class=\"bwg-a bwg_lightbox bwg_lightbox_0\" href=\"https:\/\/www.rodzinaravensbruck.pl\/wp-content\/uploads\/photo-gallery\/imported_from_media_libray\/WhatsApp-Image-2024-10-06-at-14.08.31-3.jpeg?bwg=1728583824\" data-image-id=\"61\" data-elementor-open-lightbox=\"no\">          <div class=\"bwg_mosaic_thumb_spun_0 bwg-item0 bwg-mosaic-thumb-span \">            <img decoding=\"async\" class=\"bwg_mosaic_thumb_0 skip-lazy bwg_img_clear bwg_img_custom \"                 id=\"61\"                 src=\"https:\/\/www.rodzinaravensbruck.pl\/wp-content\/uploads\/photo-gallery\/imported_from_media_libray\/thumb\/WhatsApp-Image-2024-10-06-at-14.08.31-3.jpeg?bwg=1728583824\"                 data-src=\"https:\/\/www.rodzinaravensbruck.pl\/wp-content\/uploads\/photo-gallery\/imported_from_media_libray\/thumb\/WhatsApp-Image-2024-10-06-at-14.08.31-3.jpeg?bwg=1728583824\"                 data-width=\"375.00\"                 data-height=\"500.00\"                 alt=\"WhatsApp Image 2024-10-06 at 14.08.31 (3)\"                 title=\"WhatsApp Image 2024-10-06 at 14.08.31 (3)\" \/>                      <\/div>        <\/a>                <a  class=\"bwg-a bwg_lightbox bwg_lightbox_0\" href=\"https:\/\/www.rodzinaravensbruck.pl\/wp-content\/uploads\/photo-gallery\/imported_from_media_libray\/WhatsApp-Image-2024-10-06-at-14.08.31-4.jpeg?bwg=1728583824\" data-image-id=\"62\" data-elementor-open-lightbox=\"no\">          <div class=\"bwg_mosaic_thumb_spun_0 bwg-item0 bwg-mosaic-thumb-span \">            <img decoding=\"async\" class=\"bwg_mosaic_thumb_0 skip-lazy bwg_img_clear bwg_img_custom \"                 id=\"62\"                 src=\"https:\/\/www.rodzinaravensbruck.pl\/wp-content\/uploads\/photo-gallery\/imported_from_media_libray\/thumb\/WhatsApp-Image-2024-10-06-at-14.08.31-4.jpeg?bwg=1728583824\"                 data-src=\"https:\/\/www.rodzinaravensbruck.pl\/wp-content\/uploads\/photo-gallery\/imported_from_media_libray\/thumb\/WhatsApp-Image-2024-10-06-at-14.08.31-4.jpeg?bwg=1728583824\"                 data-width=\"375.00\"                 data-height=\"500.00\"                 alt=\"WhatsApp Image 2024-10-06 at 14.08.31 (4)\"                 title=\"WhatsApp Image 2024-10-06 at 14.08.31 (4)\" \/>                      <\/div>        <\/a>                <a  class=\"bwg-a bwg_lightbox bwg_lightbox_0\" href=\"https:\/\/www.rodzinaravensbruck.pl\/wp-content\/uploads\/photo-gallery\/imported_from_media_libray\/WhatsApp-Image-2024-10-06-at-14.08.31-5.jpeg?bwg=1728583824\" data-image-id=\"63\" data-elementor-open-lightbox=\"no\">          <div class=\"bwg_mosaic_thumb_spun_0 bwg-item0 bwg-mosaic-thumb-span \">            <img decoding=\"async\" class=\"bwg_mosaic_thumb_0 skip-lazy bwg_img_clear bwg_img_custom \"                 id=\"63\"                 src=\"https:\/\/www.rodzinaravensbruck.pl\/wp-content\/uploads\/photo-gallery\/imported_from_media_libray\/thumb\/WhatsApp-Image-2024-10-06-at-14.08.31-5.jpeg?bwg=1728583824\"                 data-src=\"https:\/\/www.rodzinaravensbruck.pl\/wp-content\/uploads\/photo-gallery\/imported_from_media_libray\/thumb\/WhatsApp-Image-2024-10-06-at-14.08.31-5.jpeg?bwg=1728583824\"                 data-width=\"375.00\"                 data-height=\"500.00\"                 alt=\"WhatsApp Image 2024-10-06 at 14.08.31 (5)\"                 title=\"WhatsApp Image 2024-10-06 at 14.08.31 (5)\" \/>                      <\/div>        <\/a>                <a  class=\"bwg-a bwg_lightbox bwg_lightbox_0\" href=\"https:\/\/www.rodzinaravensbruck.pl\/wp-content\/uploads\/photo-gallery\/imported_from_media_libray\/WhatsApp-Image-2024-10-06-at-14.08.31.jpeg?bwg=1728583824\" data-image-id=\"64\" data-elementor-open-lightbox=\"no\">          <div class=\"bwg_mosaic_thumb_spun_0 bwg-item0 bwg-mosaic-thumb-span \">            <img decoding=\"async\" class=\"bwg_mosaic_thumb_0 skip-lazy bwg_img_clear bwg_img_custom \"                 id=\"64\"                 src=\"https:\/\/www.rodzinaravensbruck.pl\/wp-content\/uploads\/photo-gallery\/imported_from_media_libray\/thumb\/WhatsApp-Image-2024-10-06-at-14.08.31.jpeg?bwg=1728583824\"                 data-src=\"https:\/\/www.rodzinaravensbruck.pl\/wp-content\/uploads\/photo-gallery\/imported_from_media_libray\/thumb\/WhatsApp-Image-2024-10-06-at-14.08.31.jpeg?bwg=1728583824\"                 data-width=\"500.00\"                 data-height=\"225.00\"                 alt=\"WhatsApp Image 2024-10-06 at 14.08.31\"                 title=\"WhatsApp Image 2024-10-06 at 14.08.31\" \/>                      <\/div>        <\/a>                <a  class=\"bwg-a bwg_lightbox bwg_lightbox_0\" href=\"https:\/\/www.rodzinaravensbruck.pl\/wp-content\/uploads\/photo-gallery\/imported_from_media_libray\/WhatsApp-Image-2024-10-06-at-14.08.32-1.jpeg?bwg=1728583824\" data-image-id=\"65\" data-elementor-open-lightbox=\"no\">          <div class=\"bwg_mosaic_thumb_spun_0 bwg-item0 bwg-mosaic-thumb-span \">            <img decoding=\"async\" class=\"bwg_mosaic_thumb_0 skip-lazy bwg_img_clear bwg_img_custom \"                 id=\"65\"                 src=\"https:\/\/www.rodzinaravensbruck.pl\/wp-content\/uploads\/photo-gallery\/imported_from_media_libray\/thumb\/WhatsApp-Image-2024-10-06-at-14.08.32-1.jpeg?bwg=1728583824\"                 data-src=\"https:\/\/www.rodzinaravensbruck.pl\/wp-content\/uploads\/photo-gallery\/imported_from_media_libray\/thumb\/WhatsApp-Image-2024-10-06-at-14.08.32-1.jpeg?bwg=1728583824\"                 data-width=\"225.00\"                 data-height=\"500.00\"                 alt=\"WhatsApp Image 2024-10-06 at 14.08.32 (1)\"                 title=\"WhatsApp Image 2024-10-06 at 14.08.32 (1)\" \/>                      <\/div>        <\/a>                <a  class=\"bwg-a bwg_lightbox bwg_lightbox_0\" href=\"https:\/\/www.rodzinaravensbruck.pl\/wp-content\/uploads\/photo-gallery\/imported_from_media_libray\/WhatsApp-Image-2024-10-06-at-14.08.32-2.jpeg?bwg=1728583824\" data-image-id=\"66\" data-elementor-open-lightbox=\"no\">          <div class=\"bwg_mosaic_thumb_spun_0 bwg-item0 bwg-mosaic-thumb-span \">            <img decoding=\"async\" class=\"bwg_mosaic_thumb_0 skip-lazy bwg_img_clear bwg_img_custom \"                 id=\"66\"                 src=\"https:\/\/www.rodzinaravensbruck.pl\/wp-content\/uploads\/photo-gallery\/imported_from_media_libray\/thumb\/WhatsApp-Image-2024-10-06-at-14.08.32-2.jpeg?bwg=1728583824\"                 data-src=\"https:\/\/www.rodzinaravensbruck.pl\/wp-content\/uploads\/photo-gallery\/imported_from_media_libray\/thumb\/WhatsApp-Image-2024-10-06-at-14.08.32-2.jpeg?bwg=1728583824\"                 data-width=\"500.00\"                 data-height=\"375.00\"                 alt=\"WhatsApp Image 2024-10-06 at 14.08.32 (2)\"                 title=\"WhatsApp Image 2024-10-06 at 14.08.32 (2)\" \/>                      <\/div>        <\/a>                <a  class=\"bwg-a bwg_lightbox bwg_lightbox_0\" href=\"https:\/\/www.rodzinaravensbruck.pl\/wp-content\/uploads\/photo-gallery\/imported_from_media_libray\/WhatsApp-Image-2024-10-06-at-14.08.32.jpeg?bwg=1728583824\" data-image-id=\"67\" data-elementor-open-lightbox=\"no\">          <div class=\"bwg_mosaic_thumb_spun_0 bwg-item0 bwg-mosaic-thumb-span \">            <img decoding=\"async\" class=\"bwg_mosaic_thumb_0 skip-lazy bwg_img_clear bwg_img_custom \"                 id=\"67\"                 src=\"https:\/\/www.rodzinaravensbruck.pl\/wp-content\/uploads\/photo-gallery\/imported_from_media_libray\/thumb\/WhatsApp-Image-2024-10-06-at-14.08.32.jpeg?bwg=1728583824\"                 data-src=\"https:\/\/www.rodzinaravensbruck.pl\/wp-content\/uploads\/photo-gallery\/imported_from_media_libray\/thumb\/WhatsApp-Image-2024-10-06-at-14.08.32.jpeg?bwg=1728583824\"                 data-width=\"500.00\"                 data-height=\"375.00\"                 alt=\"WhatsApp Image 2024-10-06 at 14.08.32\"                 title=\"WhatsApp Image 2024-10-06 at 14.08.32\" \/>                      <\/div>        <\/a>                <a  class=\"bwg-a bwg_lightbox bwg_lightbox_0\" href=\"https:\/\/www.rodzinaravensbruck.pl\/wp-content\/uploads\/photo-gallery\/imported_from_media_libray\/WhatsApp-Image-2024-10-06-at-14.08.33.jpeg?bwg=1728583824\" data-image-id=\"68\" data-elementor-open-lightbox=\"no\">          <div class=\"bwg_mosaic_thumb_spun_0 bwg-item0 bwg-mosaic-thumb-span \">            <img decoding=\"async\" class=\"bwg_mosaic_thumb_0 skip-lazy bwg_img_clear bwg_img_custom \"                 id=\"68\"                 src=\"https:\/\/www.rodzinaravensbruck.pl\/wp-content\/uploads\/photo-gallery\/imported_from_media_libray\/thumb\/WhatsApp-Image-2024-10-06-at-14.08.33.jpeg?bwg=1728583824\"                 data-src=\"https:\/\/www.rodzinaravensbruck.pl\/wp-content\/uploads\/photo-gallery\/imported_from_media_libray\/thumb\/WhatsApp-Image-2024-10-06-at-14.08.33.jpeg?bwg=1728583824\"                 data-width=\"225.00\"                 data-height=\"500.00\"                 alt=\"WhatsApp Image 2024-10-06 at 14.08.33\"                 title=\"WhatsApp Image 2024-10-06 at 14.08.33\" \/>                      <\/div>        <\/a>            <\/div>    <\/div>    <style>      \/*pagination styles*\/      #bwg_container1_0 #bwg_container2_0 .tablenav-pages_0 {\t\t\t\ttext-align: center;\t\t\t\tfont-size: 12px;\t\t\t\tfont-family: Ubuntu;\t\t\t\tfont-weight: bold;\t\t\t\tcolor: #666666;\t\t\t\tmargin: 6px 0 4px;\t\t\t\tdisplay: block;      }      @media only screen and (max-width : 320px) {      #bwg_container1_0 #bwg_container2_0 .displaying-num_0 {     \t display: none;      }      }      #bwg_container1_0 #bwg_container2_0 .displaying-num_0 {\t\t\t\tfont-size: 12px;\t\t\t\tfont-family: Ubuntu;\t\t\t\tfont-weight: bold;\t\t\t\tcolor: #666666;\t\t\t\tmargin-right: 10px;\t\t\t\tvertical-align: middle;      }      #bwg_container1_0 #bwg_container2_0 .paging-input_0 {\t\t\t\tfont-size: 12px;\t\t\t\tfont-family: Ubuntu;\t\t\t\tfont-weight: bold;\t\t\t\tcolor: #666666;\t\t\t\tvertical-align: middle;      }      #bwg_container1_0 #bwg_container2_0 .tablenav-pages_0 a.disabled,      #bwg_container1_0 #bwg_container2_0 .tablenav-pages_0 a.disabled:hover,      #bwg_container1_0 #bwg_container2_0 .tablenav-pages_0 a.disabled:focus,\t\t\t#bwg_container1_0 #bwg_container2_0 .tablenav-pages_0 input.bwg_current_page {\t\t\t\tcursor: default;\t\t\t\tcolor: rgba(102, 102, 102, 0.5);      }      #bwg_container1_0 #bwg_container2_0 .tablenav-pages_0 a,      #bwg_container1_0 #bwg_container2_0 .tablenav-pages_0 input.bwg_current_page {\t\t\t\tcursor: pointer;\t\t\t\ttext-align: center;\t\t\t\tfont-size: 12px;\t\t\t\tfont-family: Ubuntu;\t\t\t\tfont-weight: bold;\t\t\t\tcolor: #666666;\t\t\t\ttext-decoration: none;\t\t\t\tpadding: 3px 6px;\t\t\t\tmargin: 0;\t\t\t\tborder-radius: 0;\t\t\t\tborder-style: solid;\t\t\t\tborder-width: 1px;\t\t\t\tborder-color: #E3E3E3;\t\t\t\t\t\t\t\tbackground-color: rgba(255, 255, 255, 1.00);\t\t\t\tbox-shadow: 0;\t\t\t\ttransition: all 0.3s ease 0s;-webkit-transition: all 0.3s ease 0s;      }      <\/style>      <span class=\"bwg_nav_cont_0\">              <div class=\"tablenav-pages_0\">                  <\/div>                <input type=\"hidden\" id=\"page_number_0\" name=\"page_number_0\" value=\"1\" \/>      <script type=\"text\/javascript\">        if( jQuery('.bwg_nav_cont_0').length > 1 ) {          jQuery('.bwg_nav_cont_0').first().remove()        }        function spider_page_0(cur, x, y, load_more) {          if (typeof load_more == \"undefined\") {            var load_more = false;          }          if (jQuery(cur).hasClass('disabled')) {            return false;          }          var items_county_0 = 1;          switch (y) {            case 1:              if (x >= items_county_0) {                document.getElementById('page_number_0').value = items_county_0;              }              else {                document.getElementById('page_number_0').value = x + 1;              }              break;            case 2:              document.getElementById('page_number_0').value = items_county_0;              break;            case -1:              if (x == 1) {                document.getElementById('page_number_0').value = 1;              }              else {                document.getElementById('page_number_0').value = x - 1;              }              break;            case -2:              document.getElementById('page_number_0').value = 1;              break;\t\t\t\t\t\tcase 0:              document.getElementById('page_number_0').value = x;              break;            default:              document.getElementById('page_number_0').value = 1;          }          bwg_ajax('gal_front_form_0', '0', 'bwg_thumbnails_mosaic_0', '0', '', 'gallery', 0, '', '', load_more, '', 1);        }                    jQuery('.first-page-0').on('click', function () {              spider_page_0(this, 1, -2, 'numeric');              return false;            });            jQuery('.prev-page-0').on('click', function () {              spider_page_0(this, 1, -1, 'numeric');              return false;            });            jQuery('.next-page-0').on('click', function () {              spider_page_0(this, 1, 1, 'numeric');              return false;            });            jQuery('.last-page-0').on('click', function () {              spider_page_0(this, 1, 2, 'numeric');              return false;            });        \t\t\t\t\/* Change page on input enter. *\/        function bwg_change_page_0( e, that ) {          if (  e.key == 'Enter' ) {            var to_page = parseInt(jQuery(that).val());            var pages_count = jQuery(that).parents(\".pagination-links\").data(\"pages-count\");            var current_url_param = jQuery(that).attr('data-url-info');            if (to_page > pages_count) {              to_page = 1;            }\t \t\t\t\t\t\t\t\t\t\t\t\tspider_page_0(this, to_page, 0, 'numeric');\t\t\t\t\t\t\treturn false;\t\t\t\t\t\t          }          return true;        }        jQuery('.bwg_load_btn_0').on('click', function () {            spider_page_0(this, 1, 1, true);            return false;        });      <\/script>      <\/span>                <\/div>        <\/form>        <style>          #bwg_container1_0 #bwg_container2_0 #spider_popup_overlay_0 {          background-color: #EEEEEE;          opacity: 0.60;          }          <\/style>        <div id=\"bwg_spider_popup_loading_0\" class=\"bwg_spider_popup_loading\"><\/div>        <div id=\"spider_popup_overlay_0\" class=\"spider_popup_overlay\" onclick=\"spider_destroypopup(1000)\"><\/div>        <input type=\"hidden\" id=\"bwg_random_seed_0\" value=\"1148258364\">                <\/div>    <\/div>    <script>      if (document.readyState === 'complete') {        if( typeof bwg_main_ready == 'function' ) {          if ( jQuery(\"#bwg_container1_0\").height() ) {            bwg_main_ready(jQuery(\"#bwg_container1_0\"));          }        }      } else {        document.addEventListener('DOMContentLoaded', function() {          if( typeof bwg_main_ready == 'function' ) {            if ( jQuery(\"#bwg_container1_0\").height() ) {             bwg_main_ready(jQuery(\"#bwg_container1_0\"));            }          }        });      }    <\/script>    \n","protected":false},"excerpt":{"rendered":"<p>Wyjazd edukacyjny harcerzy z 5 Tarnowskiej Dru\u017cyny Harcerskiej im. Janusza Korczaka i uczni\u00f3w Szko\u0142y Podstawowej im. Stanis\u0142awa Wyspia\u0144skiego w \u017babnie do Muzeum Martyrologii \u201ePod Zegarem\u201d oraz do Muzeum Narodowego w Lublinie odby\u0142 si\u0119 4 pa\u017adziernika 2024. M\u0142odzie\u017cy towarzyszyli nauczyciele, podharcmistrzyni Renata Kawula. \u00a0Stowarzyszenie \u201eRodzina Wi\u0119\u017aniarek Niemieckiego Obozu Koncentracyjnego Ravensbr\u00fcck\u201d reprezentowa\u0142a dr Monika Kwiatkowska.<\/p>\n","protected":false},"author":1,"featured_media":4111,"comment_status":"closed","ping_status":"open","sticky":false,"template":"","format":"standard","meta":{"ngg_post_thumbnail":0,"footnotes":""},"categories":[4],"tags":[],"class_list":["post-4096","post","type-post","status-publish","format-standard","has-post-thumbnail","hentry","category-aktualnosci"],"_links":{"self":[{"href":"https:\/\/www.rodzinaravensbruck.pl\/index.php\/wp-json\/wp\/v2\/posts\/4096","targetHints":{"allow":["GET"]}}],"collection":[{"href":"https:\/\/www.rodzinaravensbruck.pl\/index.php\/wp-json\/wp\/v2\/posts"}],"about":[{"href":"https:\/\/www.rodzinaravensbruck.pl\/index.php\/wp-json\/wp\/v2\/types\/post"}],"author":[{"embeddable":true,"href":"https:\/\/www.rodzinaravensbruck.pl\/index.php\/wp-json\/wp\/v2\/users\/1"}],"replies":[{"embeddable":true,"href":"https:\/\/www.rodzinaravensbruck.pl\/index.php\/wp-json\/wp\/v2\/comments?post=4096"}],"version-history":[{"count":2,"href":"https:\/\/www.rodzinaravensbruck.pl\/index.php\/wp-json\/wp\/v2\/posts\/4096\/revisions"}],"predecessor-version":[{"id":4116,"href":"https:\/\/www.rodzinaravensbruck.pl\/index.php\/wp-json\/wp\/v2\/posts\/4096\/revisions\/4116"}],"wp:featuredmedia":[{"embeddable":true,"href":"https:\/\/www.rodzinaravensbruck.pl\/index.php\/wp-json\/wp\/v2\/media\/4111"}],"wp:attachment":[{"href":"https:\/\/www.rodzinaravensbruck.pl\/index.php\/wp-json\/wp\/v2\/media?parent=4096"}],"wp:term":[{"taxonomy":"category","embeddable":true,"href":"https:\/\/www.rodzinaravensbruck.pl\/index.php\/wp-json\/wp\/v2\/categories?post=4096"},{"taxonomy":"post_tag","embeddable":true,"href":"https:\/\/www.rodzinaravensbruck.pl\/index.php\/wp-json\/wp\/v2\/tags?post=4096"}],"curies":[{"name":"wp","href":"https:\/\/api.w.org\/{rel}","templated":true}]}}