{"id":4400,"date":"2024-11-26T11:05:31","date_gmt":"2024-11-26T10:05:31","guid":{"rendered":"https:\/\/www.rodzinaravensbruck.pl\/?p=4400"},"modified":"2024-11-27T11:24:02","modified_gmt":"2024-11-27T10:24:02","slug":"materialy-do-odsluchania-i-przeczytania-dotycza-kl-ravensbruck","status":"publish","type":"post","link":"https:\/\/www.rodzinaravensbruck.pl\/index.php\/2024\/11\/26\/materialy-do-odsluchania-i-przeczytania-dotycza-kl-ravensbruck\/","title":{"rendered":"Materia\u0142y do ods\u0142uchania i przeczytania dotycz\u0105 KL Ravensbr\u00fcck"},"content":{"rendered":"\n<p>Koncerty \u201eSi\u0142a Mi\u0142o\u015bci\u201d<\/p>\n<p>Link do koncertu \u201eSi\u0142a Mi\u0142o\u015bci\u201d, kt\u00f3ry odby\u0142 si\u0119 w Warszawie w maju 2023: <a href=\"https:\/\/www.rodzinaravensbruck.pl\/index.php\/2023\/07\/19\/sila-milosci-koncert-pamieci-ofiar-obozu-w-ravensbruck-xii-edycja-warszawa\/\">https:\/\/www.rodzinaravensbruck.pl\/index.php\/2023\/07\/19\/sila-milosci-koncert-pamieci-ofiar-obozu-w-ravensbruck-xii-edycja-warszawa\/<\/a><\/p>\n<p>Koncert Pro Memoria 4 grudna 2023 Filharmonia Krakowska: <a href=\"https:\/\/www.rodzinaravensbruck.pl\/index.php\/2023\/12\/10\/koncert-pro-memoria-epitafium-dla-sp-profesor-wandy-poltawskiej\/\">https:\/\/www.rodzinaravensbruck.pl\/index.php\/2023\/12\/10\/koncert-pro-memoria-epitafium-dla-sp-profesor-wandy-poltawskiej\/<\/a><\/p>\n<p>&nbsp;<\/p>\n<p>Linki do nagra\u0144 audycji w Radiowych<\/p>\n<p>RADIO KAtowice<\/p>\n<p><strong>2024: <\/strong>\u201eDziewczyny dziewczynom\u201d &#8211; reporta\u017c Agnieszki Loch w realizacji Jacka Kurkowskiego zatytu\u0142owany \u201eDziewczyny dziewczynom\u201d. W miejscu, kt\u00f3re kojarzy si\u0119 ze \u015bmierci\u0105 i zniewoleniem, obozie koncentracyjnym Ravensbr\u00fcck w Niemczech, spotka\u0142y si\u0119 dwa pokolenia dziewcz\u0105t. Jedne to Dziewczyny, kt\u00f3re swoj\u0105 m\u0142odo\u015b\u0107 prze\u017cywa\u0142y 85 lat temu w Ravensbr\u00fcck, drugie s\u0105 wsp\u00f3\u0142czesnymi nastolatkami, kt\u00f3re przejecha\u0142y do obozu odwiedzi\u0107 duchy m\u0142odych wi\u0119\u017aniarek: <a href=\"https:\/\/podcasty.radio.katowice.pl\/reportaz-dziewczyny-dziewczynom\/\">https:\/\/podcasty.radio.katowice.pl\/reportaz-dziewczyny-dziewczynom\/<\/a><\/p>\n<p>&nbsp;<\/p>\n<p>Radio Krak\u00f3w<\/p>\n<p><strong>2023: <\/strong>audycja Wojciecha Jakubowskiego po powrocie z 78.rocznicy wyzwolenia obozu: <a href=\"https:\/\/www.radiokrakow.pl\/audycje\/o-niemieckim-piekle-kobiet-na-ziemi-w-ravensbrueck\/\">https:\/\/www.radiokrakow.pl\/audycje\/o-niemieckim-piekle-kobiet-na-ziemi-w-ravensbrueck\/<\/a><\/p>\n<p><strong>2023:<\/strong> <a href=\"https:\/\/www.radiokrakow.pl\/koncerty\/koncert-pro-memoria-dla-sw-pamieci-profesor-wandy-poltawskiej\/\">https:\/\/www.radiokrakow.pl\/koncerty\/koncert-pro-memoria-dla-sw-pamieci-profesor-wandy-poltawskiej\/<\/a><\/p>\n<p><strong>2022<\/strong> zapowied\u017a koncertu \u201eSi\u0142a Mi\u0142o\u015bci\u201d:<\/p>\n<p><a href=\"https:\/\/www.radiokrakow.pl\/audycje\/koncert-sila-milosci\">https:\/\/www.radiokrakow.pl\/audycje\/koncert-sila-milosci<\/a><strong>2020: <\/strong>koncert \u201eSi\u0142a Mi\u0142o\u015bci\u201d we wrze\u015bniu, pandemia <a href=\"https:\/\/www.radiokrakow.pl\/audycje\/sila-milosci\">https:\/\/www.radiokrakow.pl\/audycje\/sila-milosci<\/a><\/p>\n<p><strong>2021:<\/strong> s\u0142uchowisko o 76. rocznicy oswobodzenia\/ewakuacji KL Ravensbr\u00fcck: <a href=\"https:\/\/www.radiokrakow.pl\/aktualnosci\/76-rocznica-wyzwolenia-obozu-zaglady-ravensbrueck\">https:\/\/www.radiokrakow.pl\/aktualnosci\/76-rocznica-wyzwolenia-obozu-zaglady-ravensbrueck<\/a><\/p>\n<p><strong>2020 <\/strong>o s\u0142uchowisku \u201eNoc Wigilijna\u201d wg Zofii Poci\u0142owskiej-Kann: <a href=\"https:\/\/www.radiokrakow.pl\/audycje\/wieczorny-gosc\/noc-wigilijna\/\">https:\/\/www.radiokrakow.pl\/audycje\/wieczorny-gosc\/noc-wigilijna\/<\/a><\/p>\n<p>&nbsp;<\/p>\n<p>S\u0142uchowiska:<\/p>\n<p>Noc Wigilijna: <a href=\"https:\/\/www.youtube.com\/watch?v=72PaDl-5N1E\">https:\/\/www.youtube.com\/watch?v=72PaDl-5N1E<\/a><\/p>\n<p>\u017bycie dla \u017cycia:&nbsp; <a href=\"https:\/\/ipn.gov.pl\/pl\/historia-z-ipn\/157265,Doktor-Wanda-Poltawska-Zycie-dla-zycia.html\">https:\/\/ipn.gov.pl\/pl\/historia-z-ipn\/157265,Doktor-Wanda-Poltawska-Zycie-dla-zycia.html<\/a><\/p>\n<p>Janina Adamczyk: chemiczka: <a href=\"https:\/\/www.youtube.com\/watch?v=gxNwSe8q7SE\">https:\/\/www.youtube.com\/watch?v=gxNwSe8q7SE<\/a><\/p>\n<p>&nbsp;<\/p>\n<p>Filmy:<\/p>\n<p><strong>&#8222;Marsz \u015amierci&#8221;: <\/strong>&nbsp;<a href=\"https:\/\/www.youtube.com\/watch?v=C7YIcf2u65M\">https:\/\/www.youtube.com\/watch?v=C7YIcf2u65M<\/a><\/p>\n<p>Film o KL Ravensbr\u00fcck, podob\u00f3z w Chojnej \u2013 premiera 21 luty 2024:<\/p>\n<p>Film dokumentalny &#8222;Marsz \u015amierci&#8221; stworzony zosta\u0142 na podstawie zezna\u0144 dw\u00f3ch \u015bwiadk\u00f3w filii obozu Ravensbr\u00fcck w K\u00f6nigsberg in der Neumark &#8211; Anny Jelinowskiej i Hanny Krzewskiej-Lis. Scenariusz i Re\u017cyseria: Przemys\u0142aw Kawe\u0144ski Zdj\u0119cia: Przemys\u0142aw Kawe\u0144ski \u015awiat\u0142o i D\u017awi\u0119k: Przemys\u0142aw Kawe\u0144ski Monta\u017c: Przemys\u0142aw Kawe\u0144ski Ud\u017awi\u0119kowienie: Dariusz Kowal<\/p>\n<p><strong>\u201eW odm\u0119tach Ravensbr\u00fcck\u201d<\/strong> &#8211; realizacja w 2020 r<\/p>\n<p><a href=\"https:\/\/vod.tvp.pl\/video\/w-odmetach-ravensbrck,w-odmetach-ravensbrck,51937600\">https:\/\/vod.tvp.pl\/video\/w-odmetach-ravensbrck,w-odmetach-ravensbrck,51937600<\/a><\/p>\n<p>Film pt.: \u201cW odm\u0119tach Ravensbr\u00fcck\u201d- &nbsp;\u017bycie, niewolnicza praca, cierpienie, t\u0119sknota, eksperymenty pseudomedyczne dokonywane na wi\u0119\u017aniarkach, \u015bmier\u0107, egzekucje, dzieci w obozie, nadzorczynie i ich psy\u2026<\/p>\n<p><strong>\u201ePrzypadek Johanny Langefelt\u201d<\/strong> \u2013 <strong>realizacja 2019<\/strong><\/p>\n<p><a href=\"https:\/\/www.cda.pl\/video\/6366608b9\">https:\/\/www.cda.pl\/video\/6366608b9<\/a><\/p>\n<p>Nieznana historia Johanny Langefeld, komendantki stra\u017cniczek SS w Auschwitz i Ravensbruck, kt\u00f3ra po wojnie uciek\u0142a z polskiego wi\u0119zienia dzi\u0119ki pomocy jej by\u0142ych wi\u0119\u017aniarek. <br>re\u017cyseria: W\u0142adys\u0142aw Jurkow \/ Gerburg Rohde-Dahl<\/p>\n<p><strong>\u201eZa krat\u0105 s\u0105 zielone drzewa..\u201d&nbsp; &#8211; realizacja 2018<\/strong><\/p>\n<p><a href=\"https:\/\/www.youtube.com\/watch?v=iANOZfJzuDQ\">https:\/\/www.youtube.com\/watch?v=iANOZfJzuDQ<\/a><\/p>\n<p>Film dokumentalny to wzruszaj\u0105ca opowie\u015b\u0107 o wojennej historii Polski ukazana przez pryzmat kr\u00f3tkiego \u017cycia pojedynczego cz\u0142owieka, Gra\u017cyny Chrostowskiej, poetki, rozstrzelanej w KL Ravensbr\u00fcck razem z siostr\u0105 Apoloni\u0105 (Pol\u0105) w zbiorowej egzekucji Polek 18 kwietnia 1942<\/p>\n<p>Produkcja: Stowarzyszenie Telewizja Regionalna &#8211; Stowarzyszenie Europejskie; Muzeum Lubelskie w Lublinie &#8211; Oddzia\u0142 Martyrologii &#8222;Pod Zegarem&#8221;, 2018.<\/p>\n<p>&nbsp;<\/p>\n<p>Opracowania w ALMA MATER:<\/p>\n<p><strong>\u2013 <\/strong>Artyku\u0142y o historii obozu, edukacji, \u017cyciu religijnym i artystycznym, tajnej dru\u017cynie harcerskiej \u201eMury, o stowarzyszeniu w ALMA MATER nr 245, 31 listopada 2023, periodyku wydawanym przez Uniwersytet Jagiello\u0144ski; dost\u0119pne w wersji elektronicznej:<br>Ewelina Ma\u0142achowska: https:\/\/issuu.com\/alma-mater\/docs\/alma_mater_245\/64<br>https:\/\/issuu.com\/alma-mater\/docs\/alma_mater_245\/67<br>Maria Lorens: https:\/\/issuu.com\/alma-mater\/docs\/alma_mater_245\/69 <br>El\u017cbieta Kuta: https:\/\/issuu.com\/alma-mater\/docs\/alma_mater_245\/72<\/p>\n<p>&nbsp;<\/p>\n","protected":false},"excerpt":{"rendered":"<p>Koncerty \u201eSi\u0142a Mi\u0142o\u015bci\u201d Link do koncertu \u201eSi\u0142a Mi\u0142o\u015bci\u201d, kt\u00f3ry odby\u0142 si\u0119 w Warszawie w maju 2023: https:\/\/www.rodzinaravensbruck.pl\/index.php\/2023\/07\/19\/sila-milosci-koncert-pamieci-ofiar-obozu-w-ravensbruck-xii-edycja-warszawa\/ Koncert Pro Memoria 4 grudna 2023 Filharmonia Krakowska: https:\/\/www.rodzinaravensbruck.pl\/index.php\/2023\/12\/10\/koncert-pro-memoria-epitafium-dla-sp-profesor-wandy-poltawskiej\/ &nbsp; Linki do nagra\u0144 audycji w Radiowych RADIO KAtowice 2024: \u201eDziewczyny dziewczynom\u201d &#8211; reporta\u017c Agnieszki Loch w realizacji Jacka Kurkowskiego zatytu\u0142owany \u201eDziewczyny dziewczynom\u201d. W miejscu, kt\u00f3re kojarzy si\u0119 ze &hellip; <\/p>\n<p class=\"link-more\"><a href=\"https:\/\/www.rodzinaravensbruck.pl\/index.php\/2024\/11\/26\/materialy-do-odsluchania-i-przeczytania-dotycza-kl-ravensbruck\/\" class=\"more-link\">Czytaj dalej<span class=\"screen-reader-text\"> \u201eMateria\u0142y do ods\u0142uchania i przeczytania dotycz\u0105 KL Ravensbr\u00fcck\u201d<\/span><\/a><\/p>\n","protected":false},"author":1,"featured_media":0,"comment_status":"closed","ping_status":"open","sticky":false,"template":"","format":"standard","meta":{"ngg_post_thumbnail":0,"footnotes":""},"categories":[75],"tags":[],"class_list":["post-4400","post","type-post","status-publish","format-standard","hentry","category-materialy-audio-wideo"],"_links":{"self":[{"href":"https:\/\/www.rodzinaravensbruck.pl\/index.php\/wp-json\/wp\/v2\/posts\/4400","targetHints":{"allow":["GET"]}}],"collection":[{"href":"https:\/\/www.rodzinaravensbruck.pl\/index.php\/wp-json\/wp\/v2\/posts"}],"about":[{"href":"https:\/\/www.rodzinaravensbruck.pl\/index.php\/wp-json\/wp\/v2\/types\/post"}],"author":[{"embeddable":true,"href":"https:\/\/www.rodzinaravensbruck.pl\/index.php\/wp-json\/wp\/v2\/users\/1"}],"replies":[{"embeddable":true,"href":"https:\/\/www.rodzinaravensbruck.pl\/index.php\/wp-json\/wp\/v2\/comments?post=4400"}],"version-history":[{"count":1,"href":"https:\/\/www.rodzinaravensbruck.pl\/index.php\/wp-json\/wp\/v2\/posts\/4400\/revisions"}],"predecessor-version":[{"id":4401,"href":"https:\/\/www.rodzinaravensbruck.pl\/index.php\/wp-json\/wp\/v2\/posts\/4400\/revisions\/4401"}],"wp:attachment":[{"href":"https:\/\/www.rodzinaravensbruck.pl\/index.php\/wp-json\/wp\/v2\/media?parent=4400"}],"wp:term":[{"taxonomy":"category","embeddable":true,"href":"https:\/\/www.rodzinaravensbruck.pl\/index.php\/wp-json\/wp\/v2\/categories?post=4400"},{"taxonomy":"post_tag","embeddable":true,"href":"https:\/\/www.rodzinaravensbruck.pl\/index.php\/wp-json\/wp\/v2\/tags?post=4400"}],"curies":[{"name":"wp","href":"https:\/\/api.w.org\/{rel}","templated":true}]}}