{"id":4502,"date":"2025-01-21T21:12:20","date_gmt":"2025-01-21T20:12:20","guid":{"rendered":"https:\/\/www.rodzinaravensbruck.pl\/?p=4502"},"modified":"2025-01-21T21:12:20","modified_gmt":"2025-01-21T20:12:20","slug":"zaproszenie-na-uczestniczenie-w-czytaniu-w-dniu-27-stycznia-2025-r","status":"publish","type":"post","link":"https:\/\/www.rodzinaravensbruck.pl\/index.php\/2025\/01\/21\/zaproszenie-na-uczestniczenie-w-czytaniu-w-dniu-27-stycznia-2025-r\/","title":{"rendered":"Zaproszenie na uczestniczenie w czytaniu w dniu 27 stycznia 2025 r"},"content":{"rendered":"\n<p>\u201eMy\u015bl o \u015bmierci budzi we mnie ch\u0119\u0107 \u017cycia\u201d \u2013 rok 1945 w osobistych \u015bwiadectwach<\/p>\n<p>Drodzy Przyjaciele Muzeum Pami\u0119ci Ravensbr\u00fcck,<\/p>\n<p>Serdecznie zapraszamy do wzi\u0119cia udzia\u0142u w naszym wydarzeniu 27 stycznia 2025 r., w Dniu Pami\u0119ci Ofiar Narodowego Socjalizmu. W Muzeum Pami\u0119ci Ravensbr\u00fcck tradycj\u0105 sta\u0142o si\u0119, \u017ce przyjaciele muzeum spotykaj\u0105 si\u0119 na wsp\u00f3lnym czytaniu. W tym roku lektura po\u015bwi\u0119cona jest wspomnieniom i osobistym \u015bwiadectwom wi\u0119\u017ani\u00f3w i ocala\u0142ych na temat zako\u0144czenia wojny, wyzwolenia i powrotu do \u017cycia w 1945 roku. <!--more--><\/p>\n<p>Podczas czytania b\u0119dziemy przedstawia\u0107 wspomnienia kobiet i m\u0119\u017cczyzn: Jakie do\u015bwiadczenia by\u0142y zwi\u0105zane z &nbsp;wyzwoleniem? Jak wi\u0119\u017aniowie prze\u017cyli ostatnie dni? I jak ze \u015bwiadomo\u015bci\u0105 \u015bmierci odnale\u017ali ch\u0119\u0107 ponownego \u017cycia, jak pisa\u0142a Wanda P\u00f3\u0142tawska? Czytanie b\u0119dzie w j\u0119zyku niemieckim, z kilkoma fragmentami tekstu w j\u0119zyku angielskim.<\/p>\n<p>W dniu 27 stycznia 2025 roku oferujemy dwie formy czytania:<\/p>\n<p>11:00\u201313:00: Czytanie w sali widowiskowej Muzeum Pami\u0119ci Ravensbr\u00fcck.<\/p>\n<p>19:00\u201321:00: Czytanie na platformie wideo \u201eZoom\u201d.<\/p>\n<p>Do aktywnego uczestnictwa niezb\u0119dny b\u0119dzie komputer stacjonarny, laptop lub smartfon ze stabilnym \u0142\u0105czem internetowym, kamera i mikrofon. Bior\u0105c udzia\u0142, wyra\u017casz zgod\u0119 na transmisj\u0119 czytania na \u017cywo w serwisie YouTube.<\/p>\n<p>B\u0119dzie nam mi\u0142o, je\u015bli zechc\u0105 Pa\u0144stwo wzi\u0105\u0107 udzia\u0142 \u2013 ponownie lub po raz pierwszy. <strong>Prosimy o kontakt do 25 stycznia 2025 r.<\/strong> (za po\u015brednictwem Ingrid Bettwieser: bettwieser@ravensbrueck.de). Zostanie wys\u0142any po potwierdzeniu. Prosimy o informacj\u0119, w kt\u00f3rym czytaniu chcieliby Pa\u0144stwo wzi\u0105\u0107 udzia\u0142. Nadal dost\u0119pne s\u0105 poni\u017csze teksty:<\/p>\n<p>7a<\/p>\n<p>8<\/p>\n<p>9a<\/p>\n<p>10a<\/p>\n<p>12a<\/p>\n<p>13a<\/p>\n<p>14a, 14b<\/p>\n<p>15a<\/p>\n<p>21a<\/p>\n<p>26a, 26b, 26c, 26e, 26f, 26g<\/p>\n<p>27a<\/p>\n<p>28a, 28b<\/p>\n<p>29a, 29c, 29d, 29e<\/p>\n<p>31, 31a, 31b<\/p>\n<p>23a<\/p>\n<p>33a, 33b<\/p>\n<p>34a<\/p>\n<p>35a<\/p>\n<p>38<\/p>\n<p>39a<\/p>\n<p>40,<\/p>\n<p>41, 41a<\/p>\n<p>42a<\/p>\n<p>45a, 45b<\/p>\n<p>47a<\/p>\n<p>50a<\/p>\n<p>51<\/p>\n<p>52b<\/p>\n<p>53a<\/p>\n<p>55<\/p>\n<p>56<\/p>\n<p>57, 57a<\/p>\n<p>58<\/p>\n<p>60, 60al 60b<\/p>\n<p>61<\/p>\n<p>61a<\/p>\n<p>62<\/p>\n<p>63a<\/p>\n<p>67, 67a<\/p>\n<p>68<\/p>\n<p>71<\/p>\n<p>72<\/p>\n<p>73<\/p>\n<p>Pozdrawiam serdecznie,<\/p>\n<p>Doktor Andrea Genest<\/p>\n<p>Dyrektor Muzeum Pami\u0119ci Ravensbr\u00fcck<\/p>\n<p>Do pobrania przes\u0142ane przez organizator\u00f3w fragmenty tekst\u00f3w do czytania:<\/p>\n\n\n\n\n\n<div data-wp-interactive=\"core\/file\" class=\"wp-block-file\"><object data-wp-bind--hidden=\"!state.hasPdfPreview\" hidden class=\"wp-block-file__embed\" data=\"https:\/\/www.rodzinaravensbruck.pl\/wp-content\/uploads\/2025\/01\/Skript-Lesung-2025-POLNISCH.pdf\" type=\"application\/pdf\" style=\"width:100%;height:600px\" aria-label=\"Osadzone z Skript Lesung 2025 POLNISCH.\"><\/object><a id=\"wp-block-file--media-b47a9da0-d726-4d5e-8735-df5847ea904e\" href=\"https:\/\/www.rodzinaravensbruck.pl\/wp-content\/uploads\/2025\/01\/Skript-Lesung-2025-POLNISCH.pdf\">Skript Lesung 2025 POLNISCH<\/a><a href=\"https:\/\/www.rodzinaravensbruck.pl\/wp-content\/uploads\/2025\/01\/Skript-Lesung-2025-POLNISCH.pdf\" class=\"wp-block-file__button wp-element-button\" download aria-describedby=\"wp-block-file--media-b47a9da0-d726-4d5e-8735-df5847ea904e\">Pobierz<\/a><\/div>\n\n\n","protected":false},"excerpt":{"rendered":"<p>\u201eMy\u015bl o \u015bmierci budzi we mnie ch\u0119\u0107 \u017cycia\u201d \u2013 rok 1945 w osobistych \u015bwiadectwach Drodzy Przyjaciele Muzeum Pami\u0119ci Ravensbr\u00fcck, Serdecznie zapraszamy do wzi\u0119cia udzia\u0142u w naszym wydarzeniu 27 stycznia 2025 r., w Dniu Pami\u0119ci Ofiar Narodowego Socjalizmu. W Muzeum Pami\u0119ci Ravensbr\u00fcck tradycj\u0105 sta\u0142o si\u0119, \u017ce przyjaciele muzeum spotykaj\u0105 si\u0119 na wsp\u00f3lnym czytaniu. W tym roku &hellip; <\/p>\n<p class=\"link-more\"><a href=\"https:\/\/www.rodzinaravensbruck.pl\/index.php\/2025\/01\/21\/zaproszenie-na-uczestniczenie-w-czytaniu-w-dniu-27-stycznia-2025-r\/\" class=\"more-link\">Czytaj dalej<span class=\"screen-reader-text\"> \u201eZaproszenie na uczestniczenie w czytaniu w dniu 27 stycznia 2025 r\u201d<\/span><\/a><\/p>\n","protected":false},"author":1,"featured_media":4503,"comment_status":"closed","ping_status":"open","sticky":false,"template":"","format":"standard","meta":{"ngg_post_thumbnail":0,"footnotes":""},"categories":[4],"tags":[],"class_list":["post-4502","post","type-post","status-publish","format-standard","has-post-thumbnail","hentry","category-aktualnosci"],"_links":{"self":[{"href":"https:\/\/www.rodzinaravensbruck.pl\/index.php\/wp-json\/wp\/v2\/posts\/4502","targetHints":{"allow":["GET"]}}],"collection":[{"href":"https:\/\/www.rodzinaravensbruck.pl\/index.php\/wp-json\/wp\/v2\/posts"}],"about":[{"href":"https:\/\/www.rodzinaravensbruck.pl\/index.php\/wp-json\/wp\/v2\/types\/post"}],"author":[{"embeddable":true,"href":"https:\/\/www.rodzinaravensbruck.pl\/index.php\/wp-json\/wp\/v2\/users\/1"}],"replies":[{"embeddable":true,"href":"https:\/\/www.rodzinaravensbruck.pl\/index.php\/wp-json\/wp\/v2\/comments?post=4502"}],"version-history":[{"count":1,"href":"https:\/\/www.rodzinaravensbruck.pl\/index.php\/wp-json\/wp\/v2\/posts\/4502\/revisions"}],"predecessor-version":[{"id":4506,"href":"https:\/\/www.rodzinaravensbruck.pl\/index.php\/wp-json\/wp\/v2\/posts\/4502\/revisions\/4506"}],"wp:featuredmedia":[{"embeddable":true,"href":"https:\/\/www.rodzinaravensbruck.pl\/index.php\/wp-json\/wp\/v2\/media\/4503"}],"wp:attachment":[{"href":"https:\/\/www.rodzinaravensbruck.pl\/index.php\/wp-json\/wp\/v2\/media?parent=4502"}],"wp:term":[{"taxonomy":"category","embeddable":true,"href":"https:\/\/www.rodzinaravensbruck.pl\/index.php\/wp-json\/wp\/v2\/categories?post=4502"},{"taxonomy":"post_tag","embeddable":true,"href":"https:\/\/www.rodzinaravensbruck.pl\/index.php\/wp-json\/wp\/v2\/tags?post=4502"}],"curies":[{"name":"wp","href":"https:\/\/api.w.org\/{rel}","templated":true}]}}