{"id":4669,"date":"2025-02-12T21:17:11","date_gmt":"2025-02-12T20:17:11","guid":{"rendered":"https:\/\/www.rodzinaravensbruck.pl\/?p=4669"},"modified":"2025-02-12T21:17:12","modified_gmt":"2025-02-12T20:17:12","slug":"plomien-ducha-wiara-i-nauczanie-bl-natalii-tulasiewicz","status":"publish","type":"post","link":"https:\/\/www.rodzinaravensbruck.pl\/index.php\/2025\/02\/12\/plomien-ducha-wiara-i-nauczanie-bl-natalii-tulasiewicz\/","title":{"rendered":"P\u0142omie\u0144 Ducha Wiara i nauczanie b\u0142. Natalii Tu\u0142asiewicz"},"content":{"rendered":"\n\n\n<p>Poni\u017cej link do formularza zg\u0142oszeniowego:<br><a href=\"https:\/\/docs.google.com\/forms\/d\/e\/1FAIpQLSfX8gwM93JX-7zi-PSLJ5C9BR2R9ZEsHJvhzk-IadwDh8VoOg\/viewform?fbclid=IwY2xjawIYnr9leHRuA2FlbQIxMAABHSWHi7UiAoqKDbeE6suKBz6ADGC6TMX7zmo-ME5BNq7C1UTkOWnxpaE64w_aem_gFBHJUBtg515oB3QnJRQaw\">https:\/\/docs.google.com\/forms\/d\/e\/1FAIpQLSfX8gwM93JX-7zi-PSLJ5C9BR2R9ZEsHJvhzk-IadwDh8VoOg\/viewform?fbclid=IwY2xjawIYnr9leHRuA2FlbQIxMAABHSWHi7UiAoqKDbeE6suKBz6ADGC6TMX7zmo-ME5BNq7C1UTkOWnxpaE64w_aem_gFBHJUBtg515oB3QnJRQaw<\/a><\/p>\n\n\n\n<p><!--more--><\/p>\n\n\n\n<figure class=\"wp-block-image size-large\"><img loading=\"lazy\" decoding=\"async\" width=\"724\" height=\"1024\" src=\"https:\/\/www.rodzinaravensbruck.pl\/wp-content\/uploads\/2025\/02\/Plakat-Krakow-724x1024.jpg\" alt=\"\" class=\"wp-image-4670\" srcset=\"https:\/\/www.rodzinaravensbruck.pl\/wp-content\/uploads\/2025\/02\/Plakat-Krakow-724x1024.jpg 724w, https:\/\/www.rodzinaravensbruck.pl\/wp-content\/uploads\/2025\/02\/Plakat-Krakow-212x300.jpg 212w, https:\/\/www.rodzinaravensbruck.pl\/wp-content\/uploads\/2025\/02\/Plakat-Krakow-768x1086.jpg 768w, https:\/\/www.rodzinaravensbruck.pl\/wp-content\/uploads\/2025\/02\/Plakat-Krakow.jpg 849w\" sizes=\"auto, (max-width: 724px) 100vw, 724px\" \/><\/figure>\n","protected":false},"excerpt":{"rendered":"<p>Poni\u017cej link do formularza zg\u0142oszeniowego:https:\/\/docs.google.com\/forms\/d\/e\/1FAIpQLSfX8gwM93JX-7zi-PSLJ5C9BR2R9ZEsHJvhzk-IadwDh8VoOg\/viewform?fbclid=IwY2xjawIYnr9leHRuA2FlbQIxMAABHSWHi7UiAoqKDbeE6suKBz6ADGC6TMX7zmo-ME5BNq7C1UTkOWnxpaE64w_aem_gFBHJUBtg515oB3QnJRQaw<\/p>\n","protected":false},"author":1,"featured_media":4670,"comment_status":"closed","ping_status":"open","sticky":false,"template":"","format":"standard","meta":{"ngg_post_thumbnail":0,"footnotes":""},"categories":[4],"tags":[],"class_list":["post-4669","post","type-post","status-publish","format-standard","has-post-thumbnail","hentry","category-aktualnosci"],"_links":{"self":[{"href":"https:\/\/www.rodzinaravensbruck.pl\/index.php\/wp-json\/wp\/v2\/posts\/4669","targetHints":{"allow":["GET"]}}],"collection":[{"href":"https:\/\/www.rodzinaravensbruck.pl\/index.php\/wp-json\/wp\/v2\/posts"}],"about":[{"href":"https:\/\/www.rodzinaravensbruck.pl\/index.php\/wp-json\/wp\/v2\/types\/post"}],"author":[{"embeddable":true,"href":"https:\/\/www.rodzinaravensbruck.pl\/index.php\/wp-json\/wp\/v2\/users\/1"}],"replies":[{"embeddable":true,"href":"https:\/\/www.rodzinaravensbruck.pl\/index.php\/wp-json\/wp\/v2\/comments?post=4669"}],"version-history":[{"count":1,"href":"https:\/\/www.rodzinaravensbruck.pl\/index.php\/wp-json\/wp\/v2\/posts\/4669\/revisions"}],"predecessor-version":[{"id":4671,"href":"https:\/\/www.rodzinaravensbruck.pl\/index.php\/wp-json\/wp\/v2\/posts\/4669\/revisions\/4671"}],"wp:featuredmedia":[{"embeddable":true,"href":"https:\/\/www.rodzinaravensbruck.pl\/index.php\/wp-json\/wp\/v2\/media\/4670"}],"wp:attachment":[{"href":"https:\/\/www.rodzinaravensbruck.pl\/index.php\/wp-json\/wp\/v2\/media?parent=4669"}],"wp:term":[{"taxonomy":"category","embeddable":true,"href":"https:\/\/www.rodzinaravensbruck.pl\/index.php\/wp-json\/wp\/v2\/categories?post=4669"},{"taxonomy":"post_tag","embeddable":true,"href":"https:\/\/www.rodzinaravensbruck.pl\/index.php\/wp-json\/wp\/v2\/tags?post=4669"}],"curies":[{"name":"wp","href":"https:\/\/api.w.org\/{rel}","templated":true}]}}