{"id":4687,"date":"2025-02-26T22:02:58","date_gmt":"2025-02-26T21:02:58","guid":{"rendered":"https:\/\/www.rodzinaravensbruck.pl\/?p=4687"},"modified":"2025-02-26T22:02:58","modified_gmt":"2025-02-26T21:02:58","slug":"vi-ogolnopolski-konkurs-plastyczny-w-kregu-poezji-i-prozy-lagrowej-wiezniarek-kl-ravensbruck","status":"publish","type":"post","link":"https:\/\/www.rodzinaravensbruck.pl\/index.php\/2025\/02\/26\/vi-ogolnopolski-konkurs-plastyczny-w-kregu-poezji-i-prozy-lagrowej-wiezniarek-kl-ravensbruck\/","title":{"rendered":"VI Og\u00f3lnopolski Konkurs Plastyczny\u00a0\u201eW kr\u0119gu poezji i prozy lagrowej wi\u0119\u017aniarek KL Ravensbr\u00fcck\u201d."},"content":{"rendered":"\n<p><br><strong>VI Og\u00f3lnopolski Konkurs Plastyczny\u00a0\u201eW kr\u0119gu poezji i prozy lagrowej wi\u0119\u017aniarek KL Ravensbr\u00fcck\u201d.<\/strong><br><br>Tematem prac ma by\u0107 do wyboru:<br>\u00b7\u00a0\u00a0\u00a0\u00a0\u00a0\u00a0\u00a0\u00a0 plastyczna interpretacja wiersza poetek obozowych z KL Ravensbr\u00fcck,<br>\u00b7\u00a0\u00a0\u00a0\u00a0\u00a0\u00a0\u00a0\u00a0 plastyczna interpretacja fragmentu prozy poobozowej KL Ravensbr\u00fcck,<br>\u00b7\u00a0\u00a0\u00a0\u00a0\u00a0\u00a0\u00a0\u00a0 portret jednej z wi\u0119\u017aniarek KL Ravensbr\u00fcck.<br><br>Konkurs organizowany jest w dw\u00f3ch kategoriach wiekowych:<br>KATEGORIA I \u2013 uczniowie klas VII \u2013 VIII szk\u00f3\u0142 podstawowych,<br>KATRGORIA II \u2013 m\u0142odzie\u017c szk\u00f3\u0142 ponadpodstawowych.<\/p>\n\n\n\n<p><!--more--><br>Do ka\u017cdej pracy nale\u017cy do\u0142\u0105czy\u0107 fragment utworu (wiersz lub proza) b\u0119d\u0105cego inspiracj\u0105 do powstania pracy plastycznej wraz z tytu\u0142em i autorem lub imi\u0119 i nazwisko osoby przedstawionej na portrecie wraz z kr\u00f3tk\u0105 informacj\u0105 na temat tej osoby.<br><br>Termin nadsy\u0142ania prac:&nbsp;<strong>do 21 marca 2025 r. <\/strong>Prace konkursowe nale\u017cy dostarczy\u0107 osobi\u015bcie lub przes\u0142a\u0107 na adres:<br><br>Szko\u0142a Podstawowa im. Kr\u00f3lowej Korony Polskiej w K\u0142odnem<br>K\u0142odne 144<br>34-654 M\u0119cina<\/p>\n\n\n\n<p>Uroczyste podsumowanie konkursu oraz wr\u0119czenie nagr\u00f3d odb\u0119dzie si\u0119&nbsp;10 kwietnia 2025 r. o godz. 12.00 w sali kameralnej Limanowskiego Domu Kultury (Limanowa, ul. Bronis\u0142awa Czecha 4).<\/p>\n\n\n\n<p><em>Roman Ciesielczyk<\/em><\/p>\n\n\n\n<p>Szko\u0142a Podstawowa im. Kr\u00f3lowej Korony Polskiej w K\u0142odnem<br>K\u0142odne 144<br>34-654 M\u0119cina<br>tel. 18 33 27 006<\/p>\n\n\n\n<p>Do pobrania:<\/p>\n\n\n\n<p><a href=\"https:\/\/www.rodzinaravensbruck.pl\/wp-content\/uploads\/2025\/02\/KARTA-ZGLOSZENIA-konkursu-plastycznego-2025.pdf\" data-type=\"link\" data-id=\"https:\/\/www.rodzinaravensbruck.pl\/wp-content\/uploads\/2025\/02\/regulamin-VI-konkursu-plastycznego-Ravensbruck-2024-2025.pdf\" target=\"_blank\" rel=\"noreferrer noopener\">karta zg\u0142oszenia<\/a><\/p>\n\n\n\n<p><a href=\"https:\/\/www.rodzinaravensbruck.pl\/wp-content\/uploads\/2025\/02\/Klauzula-informacyjna.pdf\" data-type=\"link\" data-id=\"https:\/\/www.rodzinaravensbruck.pl\/wp-content\/uploads\/2025\/02\/Klauzula-informacyjna.pdf\" target=\"_blank\" rel=\"noreferrer noopener\">klauzula informacyjna (RODO)<\/a><\/p>\n\n\n\n<p><a href=\"https:\/\/www.rodzinaravensbruck.pl\/wp-content\/uploads\/2025\/02\/regulamin-VI-konkursu-plastycznego-Ravensbruck-2024-2025.pdf\" data-type=\"link\" data-id=\"https:\/\/www.rodzinaravensbruck.pl\/wp-content\/uploads\/2025\/02\/regulamin-VI-konkursu-plastycznego-Ravensbruck-2024-2025.pdf\" target=\"_blank\" rel=\"noreferrer noopener\">regulamin konkursu<\/a><\/p>\n\n\n\n\n\n\n","protected":false},"excerpt":{"rendered":"<p>VI Og\u00f3lnopolski Konkurs Plastyczny\u00a0\u201eW kr\u0119gu poezji i prozy lagrowej wi\u0119\u017aniarek KL Ravensbr\u00fcck\u201d. Tematem prac ma by\u0107 do wyboru:\u00b7\u00a0\u00a0\u00a0\u00a0\u00a0\u00a0\u00a0\u00a0 plastyczna interpretacja wiersza poetek obozowych z KL Ravensbr\u00fcck,\u00b7\u00a0\u00a0\u00a0\u00a0\u00a0\u00a0\u00a0\u00a0 plastyczna interpretacja fragmentu prozy poobozowej KL Ravensbr\u00fcck,\u00b7\u00a0\u00a0\u00a0\u00a0\u00a0\u00a0\u00a0\u00a0 portret jednej z wi\u0119\u017aniarek KL Ravensbr\u00fcck. Konkurs organizowany jest w dw\u00f3ch kategoriach wiekowych:KATEGORIA I \u2013 uczniowie klas VII \u2013 VIII szk\u00f3\u0142 podstawowych,KATRGORIA &hellip; <\/p>\n<p class=\"link-more\"><a href=\"https:\/\/www.rodzinaravensbruck.pl\/index.php\/2025\/02\/26\/vi-ogolnopolski-konkurs-plastyczny-w-kregu-poezji-i-prozy-lagrowej-wiezniarek-kl-ravensbruck\/\" class=\"more-link\">Czytaj dalej<span class=\"screen-reader-text\"> \u201eVI Og\u00f3lnopolski Konkurs Plastyczny\u00a0\u201eW kr\u0119gu poezji i prozy lagrowej wi\u0119\u017aniarek KL Ravensbr\u00fcck\u201d.\u201d<\/span><\/a><\/p>\n","protected":false},"author":1,"featured_media":4694,"comment_status":"closed","ping_status":"open","sticky":false,"template":"","format":"standard","meta":{"ngg_post_thumbnail":0,"footnotes":""},"categories":[76],"tags":[],"class_list":["post-4687","post","type-post","status-publish","format-standard","has-post-thumbnail","hentry","category-edukacja"],"_links":{"self":[{"href":"https:\/\/www.rodzinaravensbruck.pl\/index.php\/wp-json\/wp\/v2\/posts\/4687","targetHints":{"allow":["GET"]}}],"collection":[{"href":"https:\/\/www.rodzinaravensbruck.pl\/index.php\/wp-json\/wp\/v2\/posts"}],"about":[{"href":"https:\/\/www.rodzinaravensbruck.pl\/index.php\/wp-json\/wp\/v2\/types\/post"}],"author":[{"embeddable":true,"href":"https:\/\/www.rodzinaravensbruck.pl\/index.php\/wp-json\/wp\/v2\/users\/1"}],"replies":[{"embeddable":true,"href":"https:\/\/www.rodzinaravensbruck.pl\/index.php\/wp-json\/wp\/v2\/comments?post=4687"}],"version-history":[{"count":1,"href":"https:\/\/www.rodzinaravensbruck.pl\/index.php\/wp-json\/wp\/v2\/posts\/4687\/revisions"}],"predecessor-version":[{"id":4695,"href":"https:\/\/www.rodzinaravensbruck.pl\/index.php\/wp-json\/wp\/v2\/posts\/4687\/revisions\/4695"}],"wp:featuredmedia":[{"embeddable":true,"href":"https:\/\/www.rodzinaravensbruck.pl\/index.php\/wp-json\/wp\/v2\/media\/4694"}],"wp:attachment":[{"href":"https:\/\/www.rodzinaravensbruck.pl\/index.php\/wp-json\/wp\/v2\/media?parent=4687"}],"wp:term":[{"taxonomy":"category","embeddable":true,"href":"https:\/\/www.rodzinaravensbruck.pl\/index.php\/wp-json\/wp\/v2\/categories?post=4687"},{"taxonomy":"post_tag","embeddable":true,"href":"https:\/\/www.rodzinaravensbruck.pl\/index.php\/wp-json\/wp\/v2\/tags?post=4687"}],"curies":[{"name":"wp","href":"https:\/\/api.w.org\/{rel}","templated":true}]}}