{"id":4941,"date":"2025-04-02T10:23:23","date_gmt":"2025-04-02T08:23:23","guid":{"rendered":"https:\/\/www.rodzinaravensbruck.pl\/?p=4941"},"modified":"2025-04-02T10:58:09","modified_gmt":"2025-04-02T08:58:09","slug":"zaproszenia","status":"publish","type":"post","link":"https:\/\/www.rodzinaravensbruck.pl\/index.php\/2025\/04\/02\/zaproszenia\/","title":{"rendered":"Zaproszenia"},"content":{"rendered":"\n<ul>\n<li>XV Diecezjalny Kongres Nauczycieli w Rzeszowie w 80. Rocznic\u0119 \u015bmierci b\u0142ogos\u0142awionej Natalii Tu\u0142asiewicz pt.: &#8222;Tu wszystko si\u0119 zacz\u0119\u0142o&#8221; odb\u0119dzie si\u0119 5 kwietnia 2025 r. : o godz. 9:00 msza \u015bw., konferencja rozpocznie si\u0119 o godz. 10:00 w Auli Instytutu Pastoralno-Teologicznego, ulica Witolda 11a w Rzeszowie.<\/li>\n<\/ul>\n<p><!--more--><\/p>\n\n\n\n<figure class=\"wp-block-image size-full\"><img loading=\"lazy\" decoding=\"async\" width=\"960\" height=\"720\" src=\"https:\/\/www.rodzinaravensbruck.pl\/wp-content\/uploads\/2025\/04\/Sympozjum-w-Rzeszowie-5.04.2025.jpg\" alt=\"\" class=\"wp-image-4945\" srcset=\"https:\/\/www.rodzinaravensbruck.pl\/wp-content\/uploads\/2025\/04\/Sympozjum-w-Rzeszowie-5.04.2025.jpg 960w, https:\/\/www.rodzinaravensbruck.pl\/wp-content\/uploads\/2025\/04\/Sympozjum-w-Rzeszowie-5.04.2025-300x225.jpg 300w, https:\/\/www.rodzinaravensbruck.pl\/wp-content\/uploads\/2025\/04\/Sympozjum-w-Rzeszowie-5.04.2025-768x576.jpg 768w\" sizes=\"auto, (max-width: 706px) 89vw, (max-width: 767px) 82vw, 740px\" \/><\/figure>\n\n\n\n<ul>\n<li>Msza \u015bw. na Jasnej G\u00f3rze w Cz\u0119stochowie w intencji wi\u0119\u017aniarek Niemieckiego Obozu Koncentracyjnego Ravensbr\u00fcck w 80.rocznic\u0119 wyzwolenia obozu zostanie odprawiona 5 kwietnia 2025 r. o godz. 11:00 w Kapicy Cudownego Obrazu Matki Bo\u017cej.<br>\n<p>Zapraszamy do wsp\u00f3lnej modlitwy!<\/p>\n<\/li>\n<\/ul>\n\n\n\n<figure class=\"wp-block-image size-full\"><img loading=\"lazy\" decoding=\"async\" width=\"960\" height=\"720\" src=\"https:\/\/www.rodzinaravensbruck.pl\/wp-content\/uploads\/2025\/04\/Msza-sw.-w-Czestochowie.jpg\" alt=\"\" class=\"wp-image-4944\" srcset=\"https:\/\/www.rodzinaravensbruck.pl\/wp-content\/uploads\/2025\/04\/Msza-sw.-w-Czestochowie.jpg 960w, https:\/\/www.rodzinaravensbruck.pl\/wp-content\/uploads\/2025\/04\/Msza-sw.-w-Czestochowie-300x225.jpg 300w, https:\/\/www.rodzinaravensbruck.pl\/wp-content\/uploads\/2025\/04\/Msza-sw.-w-Czestochowie-768x576.jpg 768w\" sizes=\"auto, (max-width: 706px) 89vw, (max-width: 767px) 82vw, 740px\" \/><\/figure>\n\n\n\n<ul>\n<li>Gala Fina\u0142owa XI edycji Og\u00f3lnopolskiego Konkursu Recytatorskiego im. Wandy P\u00f3\u0142tawskiej \u201eW kr\u0119gu poezji i prozy lagrowej wi\u0119\u017aniarek KL Ravensbr\u00fcck\u201d, odb\u0119dzie si\u0119 9 kwietnia 2025 r. o godz. 10:00 w Rudzie \u015al\u0105skiej w Teatrze Impresaryjnym m. Henryka Bisty<\/li>\n<\/ul>\n\n\n\n<figure class=\"wp-block-image size-full\"><img loading=\"lazy\" decoding=\"async\" width=\"960\" height=\"720\" src=\"https:\/\/www.rodzinaravensbruck.pl\/wp-content\/uploads\/2025\/04\/Gala-konkursu-Ruda-Slaska-9.04.2025.jpg\" alt=\"\" class=\"wp-image-4943\" srcset=\"https:\/\/www.rodzinaravensbruck.pl\/wp-content\/uploads\/2025\/04\/Gala-konkursu-Ruda-Slaska-9.04.2025.jpg 960w, https:\/\/www.rodzinaravensbruck.pl\/wp-content\/uploads\/2025\/04\/Gala-konkursu-Ruda-Slaska-9.04.2025-300x225.jpg 300w, https:\/\/www.rodzinaravensbruck.pl\/wp-content\/uploads\/2025\/04\/Gala-konkursu-Ruda-Slaska-9.04.2025-768x576.jpg 768w\" sizes=\"auto, (max-width: 706px) 89vw, (max-width: 767px) 82vw, 740px\" \/><\/figure>\n\n\n\n<ul>\n<li>Fina\u0142 VI Og\u00f3lnopolskiego Konkursu Plastycznego&nbsp;\u201eW kr\u0119gu poezji i prozy lagrowej wi\u0119\u017aniarek KL Ravensbr\u00fcck\u201d odb\u0119dzie si\u0119 10 kwietnia 2025 r. o godz. 12:00 w sali kameralnej Limanowskiego Domu Kultury<br><br><\/li>\n<\/ul>\n\n\n\n<figure class=\"wp-block-image size-full\"><img loading=\"lazy\" decoding=\"async\" width=\"960\" height=\"720\" src=\"https:\/\/www.rodzinaravensbruck.pl\/wp-content\/uploads\/2025\/04\/Gala-konkursu-plastycznego-Limanowa-10.04.2025.jpg\" alt=\"\" class=\"wp-image-4942\" srcset=\"https:\/\/www.rodzinaravensbruck.pl\/wp-content\/uploads\/2025\/04\/Gala-konkursu-plastycznego-Limanowa-10.04.2025.jpg 960w, https:\/\/www.rodzinaravensbruck.pl\/wp-content\/uploads\/2025\/04\/Gala-konkursu-plastycznego-Limanowa-10.04.2025-300x225.jpg 300w, https:\/\/www.rodzinaravensbruck.pl\/wp-content\/uploads\/2025\/04\/Gala-konkursu-plastycznego-Limanowa-10.04.2025-768x576.jpg 768w\" sizes=\"auto, (max-width: 706px) 89vw, (max-width: 767px) 82vw, 740px\" \/><\/figure>\n","protected":false},"excerpt":{"rendered":"<p>XV Diecezjalny Kongres Nauczycieli w Rzeszowie w 80. Rocznic\u0119 \u015bmierci b\u0142ogos\u0142awionej Natalii Tu\u0142asiewicz pt.: &#8222;Tu wszystko si\u0119 zacz\u0119\u0142o&#8221; odb\u0119dzie si\u0119 5 kwietnia 2025 r. : o godz. 9:00 msza \u015bw., konferencja rozpocznie si\u0119 o godz. 10:00 w Auli Instytutu Pastoralno-Teologicznego, ulica Witolda 11a w Rzeszowie.<\/p>\n","protected":false},"author":1,"featured_media":2042,"comment_status":"closed","ping_status":"open","sticky":false,"template":"","format":"standard","meta":{"ngg_post_thumbnail":0,"footnotes":""},"categories":[4],"tags":[],"class_list":["post-4941","post","type-post","status-publish","format-standard","has-post-thumbnail","hentry","category-aktualnosci"],"_links":{"self":[{"href":"https:\/\/www.rodzinaravensbruck.pl\/index.php\/wp-json\/wp\/v2\/posts\/4941","targetHints":{"allow":["GET"]}}],"collection":[{"href":"https:\/\/www.rodzinaravensbruck.pl\/index.php\/wp-json\/wp\/v2\/posts"}],"about":[{"href":"https:\/\/www.rodzinaravensbruck.pl\/index.php\/wp-json\/wp\/v2\/types\/post"}],"author":[{"embeddable":true,"href":"https:\/\/www.rodzinaravensbruck.pl\/index.php\/wp-json\/wp\/v2\/users\/1"}],"replies":[{"embeddable":true,"href":"https:\/\/www.rodzinaravensbruck.pl\/index.php\/wp-json\/wp\/v2\/comments?post=4941"}],"version-history":[{"count":3,"href":"https:\/\/www.rodzinaravensbruck.pl\/index.php\/wp-json\/wp\/v2\/posts\/4941\/revisions"}],"predecessor-version":[{"id":4962,"href":"https:\/\/www.rodzinaravensbruck.pl\/index.php\/wp-json\/wp\/v2\/posts\/4941\/revisions\/4962"}],"wp:featuredmedia":[{"embeddable":true,"href":"https:\/\/www.rodzinaravensbruck.pl\/index.php\/wp-json\/wp\/v2\/media\/2042"}],"wp:attachment":[{"href":"https:\/\/www.rodzinaravensbruck.pl\/index.php\/wp-json\/wp\/v2\/media?parent=4941"}],"wp:term":[{"taxonomy":"category","embeddable":true,"href":"https:\/\/www.rodzinaravensbruck.pl\/index.php\/wp-json\/wp\/v2\/categories?post=4941"},{"taxonomy":"post_tag","embeddable":true,"href":"https:\/\/www.rodzinaravensbruck.pl\/index.php\/wp-json\/wp\/v2\/tags?post=4941"}],"curies":[{"name":"wp","href":"https:\/\/api.w.org\/{rel}","templated":true}]}}