{"id":4963,"date":"2025-03-31T10:59:00","date_gmt":"2025-03-31T08:59:00","guid":{"rendered":"https:\/\/www.rodzinaravensbruck.pl\/?p=4963"},"modified":"2025-04-02T11:01:40","modified_gmt":"2025-04-02T09:01:40","slug":"zaproszenie-na-seminarium","status":"publish","type":"post","link":"https:\/\/www.rodzinaravensbruck.pl\/index.php\/2025\/03\/31\/zaproszenie-na-seminarium\/","title":{"rendered":"Zaproszenie na seminarium"},"content":{"rendered":"\n<p>Szanowni Pa\u0144stwo,<\/p>\n<p>W ramach wsp\u00f3\u0142pracy naszego Stowarzyszenia z Muzeum Polak\u00f3w Ratuj\u0105cych \u017byd\u00f3w podczas II wojny \u015bwiatowej im. Rodziny Ulm\u00f3w w Markowej zapraszamy Pa\u0144stwa na ciekawe seminarium z cyklu KZ syndrom&nbsp; (dzisiejsza nazwa Zesp\u00f3l Stresu Pourazowego). Jest to kolejne spotkanie z tego cyklu. Poprzednie odby\u0142y si\u0119 w Krakowie z wyk\u0142adami dr Micha\u0142a Mielim\u0105ki, kt\u00f3ry przedstawia\u0142 epigenetyczny przekaz traumy na kolejne pokolenia oraz prof. Krzysztofa Rutkowskiego o KZ &nbsp;syndromie z Collegium Medicum Uniwersytetu Jagiello\u0144skiego.<!--more--><\/p>\n<p>Prelegentkami tego seminarium b\u0119d\u0105: Dr Maria Buko, autorka ksi\u0105\u017cki Pog\u0142osy (<a href=\"https:\/\/www.rodzinaravensbruck.pl\/index.php\/2021\/01\/20\/refleksje-po-przeczytaniu-ksiazki-poglosy-autorstwa-marii-buko\/\">https:\/\/www.rodzinaravensbruck.pl\/index.php\/2021\/01\/20\/refleksje-po-przeczytaniu-ksiazki-poglosy-autorstwa-marii-buko\/<\/a>) opartej na wywiadach z II pokoleniem wi\u0119\u017ani\u00f3w oboz\u00f3w koncentracyjnych oraz prof. Katarzyna Schier, lekarz psychiatra, &nbsp;&nbsp;kt\u00f3ra komentowa\u0142a w tej ksi\u0105\u017cce, przeprowadzone wywiady w aspekcie traumy II pokolenia.<\/p>\n<p>Zapraszamy na seminarium.<\/p>\n","protected":false},"excerpt":{"rendered":"<p>Szanowni Pa\u0144stwo, W ramach wsp\u00f3\u0142pracy naszego Stowarzyszenia z Muzeum Polak\u00f3w Ratuj\u0105cych \u017byd\u00f3w podczas II wojny \u015bwiatowej im. Rodziny Ulm\u00f3w w Markowej zapraszamy Pa\u0144stwa na ciekawe seminarium z cyklu KZ syndrom&nbsp; (dzisiejsza nazwa Zesp\u00f3l Stresu Pourazowego). Jest to kolejne spotkanie z tego cyklu. Poprzednie odby\u0142y si\u0119 w Krakowie z wyk\u0142adami dr Micha\u0142a Mielim\u0105ki, kt\u00f3ry przedstawia\u0142 epigenetyczny &hellip; <\/p>\n<p class=\"link-more\"><a href=\"https:\/\/www.rodzinaravensbruck.pl\/index.php\/2025\/03\/31\/zaproszenie-na-seminarium\/\" class=\"more-link\">Czytaj dalej<span class=\"screen-reader-text\"> \u201eZaproszenie na seminarium\u201d<\/span><\/a><\/p>\n","protected":false},"author":1,"featured_media":4964,"comment_status":"closed","ping_status":"open","sticky":false,"template":"","format":"standard","meta":{"ngg_post_thumbnail":0,"footnotes":""},"categories":[4],"tags":[],"class_list":["post-4963","post","type-post","status-publish","format-standard","has-post-thumbnail","hentry","category-aktualnosci"],"_links":{"self":[{"href":"https:\/\/www.rodzinaravensbruck.pl\/index.php\/wp-json\/wp\/v2\/posts\/4963","targetHints":{"allow":["GET"]}}],"collection":[{"href":"https:\/\/www.rodzinaravensbruck.pl\/index.php\/wp-json\/wp\/v2\/posts"}],"about":[{"href":"https:\/\/www.rodzinaravensbruck.pl\/index.php\/wp-json\/wp\/v2\/types\/post"}],"author":[{"embeddable":true,"href":"https:\/\/www.rodzinaravensbruck.pl\/index.php\/wp-json\/wp\/v2\/users\/1"}],"replies":[{"embeddable":true,"href":"https:\/\/www.rodzinaravensbruck.pl\/index.php\/wp-json\/wp\/v2\/comments?post=4963"}],"version-history":[{"count":1,"href":"https:\/\/www.rodzinaravensbruck.pl\/index.php\/wp-json\/wp\/v2\/posts\/4963\/revisions"}],"predecessor-version":[{"id":4965,"href":"https:\/\/www.rodzinaravensbruck.pl\/index.php\/wp-json\/wp\/v2\/posts\/4963\/revisions\/4965"}],"wp:featuredmedia":[{"embeddable":true,"href":"https:\/\/www.rodzinaravensbruck.pl\/index.php\/wp-json\/wp\/v2\/media\/4964"}],"wp:attachment":[{"href":"https:\/\/www.rodzinaravensbruck.pl\/index.php\/wp-json\/wp\/v2\/media?parent=4963"}],"wp:term":[{"taxonomy":"category","embeddable":true,"href":"https:\/\/www.rodzinaravensbruck.pl\/index.php\/wp-json\/wp\/v2\/categories?post=4963"},{"taxonomy":"post_tag","embeddable":true,"href":"https:\/\/www.rodzinaravensbruck.pl\/index.php\/wp-json\/wp\/v2\/tags?post=4963"}],"curies":[{"name":"wp","href":"https:\/\/api.w.org\/{rel}","templated":true}]}}