{"id":5241,"date":"2025-05-19T18:15:08","date_gmt":"2025-05-19T16:15:08","guid":{"rendered":"https:\/\/www.rodzinaravensbruck.pl\/?p=5241"},"modified":"2025-05-19T21:43:56","modified_gmt":"2025-05-19T19:43:56","slug":"zaproszenie-na-wystawe-pt-powroty-do-domu","status":"publish","type":"post","link":"https:\/\/www.rodzinaravensbruck.pl\/index.php\/2025\/05\/19\/zaproszenie-na-wystawe-pt-powroty-do-domu\/","title":{"rendered":"Zaproszenie na wystaw\u0119 pt. \u201ePowroty do Domu\u201d"},"content":{"rendered":"\n\n\n<p><strong>Przed 80 laty, pod koniec kwietnia 1945 roku z obozu Ravensbr\u00fcck wysz\u0142y ostatnie wi\u0119\u017aniarki zza muru z drutem kolczastym pod napi\u0119ciem. Wysz\u0142y, wyp\u0119dzone w marszu \u015bmierci, nie sz\u0142y w kierunku swoich dom\u00f3w w Polsce, lecz w g\u0142\u0105b Rzeszy Niemieckiej. Z tego marszu wiele nie wr\u00f3ci\u0142o. <\/strong><!--more--><\/p>\n<p><strong>O Ich Powrotach jest wystawa pt. \u201ePowroty do Domu\u201d, kt\u00f3rej wernisa\u017c odb\u0119dzie si\u0119 28 maja (\u015broda) 2025 r. w Muzeum Martyrologii \u201ePod Zegarem\u201d w Lublinie.<\/strong><\/p>\n<p><strong>Zapraszamy.<\/strong><\/p>\n\n\n\n<p><a href=\"https:\/\/www.rodzinaravensbruck.pl\/wp-content\/uploads\/2025\/05\/zaproszenie.elektronikcdr.pdf\" target=\"_blank\" rel=\"noopener\"><strong>Zaproszenie do pobrania<\/strong><\/a><\/p>\n","protected":false},"excerpt":{"rendered":"<p>Przed 80 laty, pod koniec kwietnia 1945 roku z obozu Ravensbr\u00fcck wysz\u0142y ostatnie wi\u0119\u017aniarki zza muru z drutem kolczastym pod napi\u0119ciem. Wysz\u0142y, wyp\u0119dzone w marszu \u015bmierci, nie sz\u0142y w kierunku swoich dom\u00f3w w Polsce, lecz w g\u0142\u0105b Rzeszy Niemieckiej. Z tego marszu wiele nie wr\u00f3ci\u0142o.<\/p>\n","protected":false},"author":1,"featured_media":5246,"comment_status":"closed","ping_status":"open","sticky":false,"template":"","format":"standard","meta":{"ngg_post_thumbnail":0,"footnotes":""},"categories":[4],"tags":[],"class_list":["post-5241","post","type-post","status-publish","format-standard","has-post-thumbnail","hentry","category-aktualnosci"],"_links":{"self":[{"href":"https:\/\/www.rodzinaravensbruck.pl\/index.php\/wp-json\/wp\/v2\/posts\/5241","targetHints":{"allow":["GET"]}}],"collection":[{"href":"https:\/\/www.rodzinaravensbruck.pl\/index.php\/wp-json\/wp\/v2\/posts"}],"about":[{"href":"https:\/\/www.rodzinaravensbruck.pl\/index.php\/wp-json\/wp\/v2\/types\/post"}],"author":[{"embeddable":true,"href":"https:\/\/www.rodzinaravensbruck.pl\/index.php\/wp-json\/wp\/v2\/users\/1"}],"replies":[{"embeddable":true,"href":"https:\/\/www.rodzinaravensbruck.pl\/index.php\/wp-json\/wp\/v2\/comments?post=5241"}],"version-history":[{"count":1,"href":"https:\/\/www.rodzinaravensbruck.pl\/index.php\/wp-json\/wp\/v2\/posts\/5241\/revisions"}],"predecessor-version":[{"id":5245,"href":"https:\/\/www.rodzinaravensbruck.pl\/index.php\/wp-json\/wp\/v2\/posts\/5241\/revisions\/5245"}],"wp:featuredmedia":[{"embeddable":true,"href":"https:\/\/www.rodzinaravensbruck.pl\/index.php\/wp-json\/wp\/v2\/media\/5246"}],"wp:attachment":[{"href":"https:\/\/www.rodzinaravensbruck.pl\/index.php\/wp-json\/wp\/v2\/media?parent=5241"}],"wp:term":[{"taxonomy":"category","embeddable":true,"href":"https:\/\/www.rodzinaravensbruck.pl\/index.php\/wp-json\/wp\/v2\/categories?post=5241"},{"taxonomy":"post_tag","embeddable":true,"href":"https:\/\/www.rodzinaravensbruck.pl\/index.php\/wp-json\/wp\/v2\/tags?post=5241"}],"curies":[{"name":"wp","href":"https:\/\/api.w.org\/{rel}","templated":true}]}}