{"id":5259,"date":"2025-05-29T16:59:49","date_gmt":"2025-05-29T14:59:49","guid":{"rendered":"https:\/\/www.rodzinaravensbruck.pl\/?p=5259"},"modified":"2025-05-29T17:00:32","modified_gmt":"2025-05-29T15:00:32","slug":"pamietamy-o-wiezniarkach-z-podobozu-w-grunebergu-uroczystosci-2-05-2025","status":"publish","type":"post","link":"https:\/\/www.rodzinaravensbruck.pl\/index.php\/2025\/05\/29\/pamietamy-o-wiezniarkach-z-podobozu-w-grunebergu-uroczystosci-2-05-2025\/","title":{"rendered":"Pami\u0119tamy o Wi\u0119\u017aniarkach z podobozu w Gr\u00fcnebergu.- uroczysto\u015bci 2.05.2025"},"content":{"rendered":"\n<p>2 maja bie\u017c\u0105cego roku wraz z moim m\u0119\u017cem i c\u00f3rk\u0105 wzi\u0119li\u015bmy udzia\u0142 w uroczysto\u015bci uczczenia pami\u0119ci Wi\u0119\u017aniarek podobozu Gr\u00fcneberg, ok. 40 km na po\u0142udnie od Ravensbr\u00fcck. Uroczysto\u015b\u0107 ta zosta\u0142a po raz drugi zorganizowana przez kongregacj\u0119 ko\u015bcio\u0142a protestanckiego i lokalne w\u0142adze tej miejscowo\u015bci.<\/p>\n<p>Nasza rodzina wzi\u0119\u0142a w niej udzia\u0142, reprezentuj\u0105c Stowarzyszenie Rodzina Wi\u0119\u017aniarek Niemieckiego Obozu Koncentracyjnego Ravensbr\u00fcck. Inaczej ni\u017c w ubieg\u0142ym roku, kiedy to ca\u0142a du\u017ca grupa cz\u0142onki\u0144 i cz\u0142onk\u00f3w naszego stowarzyszenia wraz z liczn\u0105 grup\u0105 harcerek i harcerzy z r\u00f3\u017cnych stron Polski uczestniczy\u0142a w podobnej uroczysto\u015bci. Tym razem ze strony stowarzyszenia by\u0142o nas tylko troje oraz p. Ma\u0142gorzata Holec z Kanady, kt\u00f3rej krewna by\u0142a wi\u0119\u017aniark\u0105 KL Ravensbr\u00fcck.<!--more--><\/p>\n<p>Obchody rozpocz\u0119\u0142y si\u0119 o godzinie 15:00 w Miejscu Pami\u0119ci Podobozu Gr\u00fcneberg, przed tablic\u0105 upami\u0119tniaj\u0105c\u0105 by\u0142e Wi\u0119\u017aniarki, przem\u00f3wieniem p. Emily Mari\u00ebn \u2013 przedstawicielki kongregacji Ko\u015bcio\u0142a w Gr\u00fcnebergu. W czasie uroczysto\u015bci g\u0142os zabrali r\u00f3wnie\u017c m.in. p. Hanna Nowakowska \u2013 prezeska warszawskiego Klubu Ravensbr\u00fcck oraz wiceprzewodnicz\u0105ca Rady Obozu Ravensbr\u00fcck, jak r\u00f3wnie\u017c ks. Robert Ogrodnik \u2013 kapelan Klubu Ravensbr\u00fcck. Nast\u0119pnie g\u0142os zabrali przedstawiciel IPN ze Szczecina oraz ja w imieniu \u201eRodziny Ravensbr\u00fcck\u201d. Zebranych: miejscow\u0105 spo\u0142eczno\u015b\u0107 oraz przyby\u0142ych go\u015bci powita\u0142 r\u00f3wnie\u017c pastor miejscowego ko\u015bcio\u0142a Vinzent Dirzus. Oddaj\u0105c ho\u0142d przed tablic\u0105 upami\u0119tniaj\u0105c\u0105, zebrani z\u0142o\u017cyli wie\u0144ce i kwiaty oraz zapalili znicze. Nast\u0119pnie udali\u015bmy si\u0119 do ko\u015bcio\u0142a, gdzie odby\u0142y si\u0119 modlitwy. Jedna z \u017cyj\u0105cych wi\u0119\u017aniarek, p. Barbara Piotrowska, zabra\u0142a g\u0142os. Jak w ubieg\u0142ym roku towarzyszy\u0142a nam muzyka Fryderyka Chopina, a cz\u0142onkinie kongregacji przygotowa\u0142y pocz\u0119stunek.<\/p>\n<p>Z wdzi\u0119czno\u015bci\u0105 przyj\u0119li\u015bmy wszelkie starania maj\u0105ce na celu stworzenie atmosfery spotkania pe\u0142nej godno\u015bci i wzajemnego szacunku i przyjaznych odniesie\u0144.<\/p>\n<p>&nbsp;<\/p>\n<p>El\u017cbieta Zeiske-Krawczyk<\/p>\n\n\n\n\n\n<style id=\"bwg-style-0\">      #bwg_container1_0 #bwg_container2_0 .bwg_masonry_thumb_0 {        text-align: center;        display: inline-block;        vertical-align: middle;      \t          width: 100% !important;;      \t        margin: 0;        opacity: 1.00;      }\t\t\t\t\t\t      #bwg_container1_0 #bwg_container2_0 .bwg-container-0.bwg-masonry-thumbnails .bwg-item,      #bwg_container1_0 #bwg_container2_0 .bwg-container-temp0.bwg-masonry-thumbnails .bwg-item {        padding: calc(4px \/ 2);\t\t\t\t      }      #bwg_container1_0 #bwg_container2_0 .bwg-container-0.bwg-masonry-thumbnails .bwg-item0 {      \t        background-color:rgba(0,0,0, 0.30);        border: 0px none #CCCCCC;\t\t\t\topacity: 1.00;        border-radius: 0;      }      #bwg_container1_0 #bwg_container2_0 .bwg-container-0.bwg-masonry-thumbnails .bwg-item1 img {        max-height: none;\t\t\t\t        \tmax-width: calc(250px + (4px + 0px));\t\t\t\t      }\t\t\t\t\t\t\t@media only screen and (min-width: 480px) {\t\t\t\t\t#bwg_container1_0 #bwg_container2_0 .bwg-container-0.bwg-masonry-thumbnails .bwg-item1 img {\t\t\t\t\t\t-webkit-transition: -webkit-transform .3s; transition: transform .3s;\t\t\t\t\t}\t\t\t\t\t#bwg_container1_0 #bwg_container2_0 .bwg-container-0.bwg-masonry-thumbnails .bwg-item1 img:hover {\t\t\t\t\t\t-ms-transform: scale(1.08);\t\t\t\t\t\t-webkit-transform: scale(1.08);\t\t\t\t\t\ttransform: scale(1.08);\t\t\t\t\t}\t\t\t\t\t\t\t\t\t}\t\t\t\t\t\t\t\t\t#bwg_container1_0 #bwg_container2_0 .bwg-container-0.bwg-masonry-thumbnails .bwg-title2,\t\t\t#bwg_container1_0 #bwg_container2_0 .bwg-container-temp0.bwg-masonry-thumbnails .bwg-title2,\t\t\t#bwg_container1_0 #bwg_container2_0 .bwg-container-0.bwg-masonry-thumbnails .bwg-play-icon2,\t\t\t#bwg_container1_0 #bwg_container2_0 .bwg-container-0.bwg-masonry-thumbnails .bwg-ecommerce2 {\t\t\t\tmax-height: 100%;\t\t\t\tpadding: 2px;\t\t\t\tfont-family: Ubuntu;\t\t\t\tfont-weight: bold;\t\t\t\tfont-size: 16px;\t\t\t\tcolor: #323A45;\t\t\t}\t\t\t#bwg_container1_0 #bwg_container2_0 .bwg-container-0.bwg-masonry-thumbnails .bwg-ecommerce2 {\t\t\t\tcolor: #323A45;\t\t\t}\t  \t#bwg_container1_0 #bwg_container2_0 .bwg_masonry_thumbnails_0 {\t\t\t\tposition: relative;\t\t\t\tbackground-color: rgba(255, 255, 255, 0.00);\t\t\t\tfont-size: 0;\t\t\t\t\t\t\t\t\twidth: 1254px;\t\t\t\t\tmax-width: 100%;\t\t\t\t\t\t\t\t\tmax-width: 100%;\t\t\t\t\t\t\t\t\t\t\t\t\tmargin: 0 auto;\t\t\t\t\t\t\t}\t\t\t\t\t\t\t@media only screen and (max-width: 1290px) {\t\t\t\t\t#bwg_container1_0 #bwg_container2_0 .bwg_masonry_thumbnails_0 {\t\t\t\t\t\twidth: inherit;\t\t\t\t\t}\t\t\t\t}\t\t\t\t\t\t#bwg_container1_0 #bwg_container2_0 .bwg_masonry_thumb_description_0 {        color: #323A45;        line-height: 1.4;        font-size: 16px;        font-family: Ubuntu;        text-align: justify;      }      #bwg_container1_0.bwg_thumbnails_masonry .wd_error p {        color: #323A45;      }      #bwg_container1_0 #bwg_container2_0 .bwg_gal_title_0 {        background-color: rgba(0, 0, 0, 0);        color: #323A45;        display: block;        font-family: Ubuntu;        font-size: 16px;        font-weight: bold;        padding: 2px;        text-shadow: ;        text-align: center;      }      <\/style>    <div id=\"bwg_container1_0\"         class=\"bwg_container bwg_thumbnail bwg_thumbnails_masonry \"         data-right-click-protection=\"0\"         data-bwg=\"0\"         data-scroll=\"0\"         data-gallery-type=\"thumbnails_masonry\"         data-gallery-view-type=\"thumbnails_masonry\"         data-current-url=\"\/index.php\/wp-json\/wp\/v2\/posts\/5259\"         data-lightbox-url=\"https:\/\/www.rodzinaravensbruck.pl\/wp-admin\/admin-ajax.php?action=GalleryBox&#038;current_view=0&#038;gallery_id=40&#038;tag=0&#038;theme_id=1&#038;shortcode_id=78&#038;sort_by=order&#038;order_by=asc&#038;current_url=%2Findex.php%2Fwp-json%2Fwp%2Fv2%2Fposts%2F5259\"         data-gallery-id=\"40\"         data-popup-width=\"800\"         data-popup-height=\"500\"         data-is-album=\"gallery\"         data-buttons-position=\"bottom\">      <div id=\"bwg_container2_0\">             <div id=\"ajax_loading_0\" class=\"bwg_loading_div_1\">      <div class=\"bwg_loading_div_2\">        <div class=\"bwg_loading_div_3\">          <div id=\"loading_div_0\" class=\"bwg_spider_ajax_loading\">          <\/div>        <\/div>      <\/div>    <\/div>            <form id=\"gal_front_form_0\"              class=\"bwg-hidden\"              method=\"post\"              action=\"#\"              data-current=\"0\"              data-shortcode-id=\"78\"              data-gallery-type=\"thumbnails_masonry\"              data-gallery-id=\"40\"              data-tag=\"0\"              data-album-id=\"0\"              data-theme-id=\"1\"              data-ajax-url=\"https:\/\/www.rodzinaravensbruck.pl\/wp-admin\/admin-ajax.php?action=bwg_frontend_data\">          <div id=\"bwg_container3_0\" class=\"bwg-background bwg-background-0\">                <div id=\"bwg_thumbnails_masonry_0\"         data-bwg=\"0\"         data-masonry-type=\"vertical\"         data-resizable-thumbnails=\"1\"         data-max-count=\"5\"         data-thumbnail-width=\"250\"         data-thumbnail-height=\"250\"         data-thumbnail-padding=\"4\"         data-thumbnail-border=\"0\"         data-gallery-id=\"40\"         data-lightbox-url=\"https:\/\/www.rodzinaravensbruck.pl\/wp-admin\/admin-ajax.php?action=GalleryBox&#038;current_view=0&#038;gallery_id=40&#038;tag=0&#038;theme_id=1&#038;shortcode_id=78&#038;sort_by=order&#038;order_by=asc&#038;current_url=%2Findex.php%2Fwp-json%2Fwp%2Fv2%2Fposts%2F5259\"         class=\"bwg-container-0 bwg_masonry_thumbnails_0 bwg-masonry-thumbnails bwg-masonry-vertical bwg-container bwg-border-box\">              <div class=\"bwg-item\">          <a class=\"bwg-a  bwg_lightbox\"  data-image-id=\"478\" href=\"https:\/\/www.rodzinaravensbruck.pl\/wp-content\/uploads\/photo-gallery\/imported_from_media_libray\/2.-Mai-25-XVIII.jpg?bwg=1748530737\" data-elementor-open-lightbox=\"no\">            <div class=\"bwg-item0\">              <div class=\"bwg-item1 \">      \t\t\t\t\t<img decoding=\"async\" class=\"skip-lazy bwg-masonry-thumb bwg_masonry_thumb_0 \"                       data-id=\"478\"                       data-src=\"https:\/\/www.rodzinaravensbruck.pl\/wp-content\/uploads\/photo-gallery\/imported_from_media_libray\/thumb\/2.-Mai-25-XVIII.jpg?bwg=1748530737\"                       data-width=\"500.00\"                       data-height=\"333.00\"\t\t\t\t\t\t\t\t\t\t   src=\"https:\/\/www.rodzinaravensbruck.pl\/wp-content\/uploads\/photo-gallery\/imported_from_media_libray\/thumb\/2.-Mai-25-XVIII.jpg?bwg=1748530737\"\t\t\t\t\t\t\t\t\t\t   alt=\"2. Mai 25 XVIII\"\t\t\t\t\t\t\t\t\t\t   title=\"2. Mai 25 XVIII\" \/>                <div class=\"\">                  \t\t\t\t                                            <\/div>              <\/div>            <\/div>                      <\/a>                  <\/div>              <div class=\"bwg-item\">          <a class=\"bwg-a  bwg_lightbox\"  data-image-id=\"479\" href=\"https:\/\/www.rodzinaravensbruck.pl\/wp-content\/uploads\/photo-gallery\/imported_from_media_libray\/2.-Mai-25-XVII-scaled.jpg?bwg=1748530737\" data-elementor-open-lightbox=\"no\">            <div class=\"bwg-item0\">              <div class=\"bwg-item1 \">      \t\t\t\t\t<img decoding=\"async\" class=\"skip-lazy bwg-masonry-thumb bwg_masonry_thumb_0 \"                       data-id=\"479\"                       data-src=\"https:\/\/www.rodzinaravensbruck.pl\/wp-content\/uploads\/photo-gallery\/imported_from_media_libray\/thumb\/2.-Mai-25-XVII-scaled.jpg?bwg=1748530737\"                       data-width=\"500.00\"                       data-height=\"233.00\"\t\t\t\t\t\t\t\t\t\t   src=\"https:\/\/www.rodzinaravensbruck.pl\/wp-content\/uploads\/photo-gallery\/imported_from_media_libray\/thumb\/2.-Mai-25-XVII-scaled.jpg?bwg=1748530737\"\t\t\t\t\t\t\t\t\t\t   alt=\"2. Mai 25 XVII\"\t\t\t\t\t\t\t\t\t\t   title=\"2. Mai 25 XVII\" \/>                <div class=\"\">                  \t\t\t\t                                            <\/div>              <\/div>            <\/div>                      <\/a>                  <\/div>              <div class=\"bwg-item\">          <a class=\"bwg-a  bwg_lightbox\"  data-image-id=\"480\" href=\"https:\/\/www.rodzinaravensbruck.pl\/wp-content\/uploads\/photo-gallery\/imported_from_media_libray\/2.-Mai-25-XVI-scaled.jpg?bwg=1748530737\" data-elementor-open-lightbox=\"no\">            <div class=\"bwg-item0\">              <div class=\"bwg-item1 \">      \t\t\t\t\t<img decoding=\"async\" class=\"skip-lazy bwg-masonry-thumb bwg_masonry_thumb_0 \"                       data-id=\"480\"                       data-src=\"https:\/\/www.rodzinaravensbruck.pl\/wp-content\/uploads\/photo-gallery\/imported_from_media_libray\/thumb\/2.-Mai-25-XVI-scaled.jpg?bwg=1748530737\"                       data-width=\"500.00\"                       data-height=\"233.00\"\t\t\t\t\t\t\t\t\t\t   src=\"https:\/\/www.rodzinaravensbruck.pl\/wp-content\/uploads\/photo-gallery\/imported_from_media_libray\/thumb\/2.-Mai-25-XVI-scaled.jpg?bwg=1748530737\"\t\t\t\t\t\t\t\t\t\t   alt=\"2. Mai 25 XVI\"\t\t\t\t\t\t\t\t\t\t   title=\"2. Mai 25 XVI\" \/>                <div class=\"\">                  \t\t\t\t                                            <\/div>              <\/div>            <\/div>                      <\/a>                  <\/div>              <div class=\"bwg-item\">          <a class=\"bwg-a  bwg_lightbox\"  data-image-id=\"481\" href=\"https:\/\/www.rodzinaravensbruck.pl\/wp-content\/uploads\/photo-gallery\/imported_from_media_libray\/2.-Mai-25-XV.jpg?bwg=1748530737\" data-elementor-open-lightbox=\"no\">            <div class=\"bwg-item0\">              <div class=\"bwg-item1 \">      \t\t\t\t\t<img decoding=\"async\" class=\"skip-lazy bwg-masonry-thumb bwg_masonry_thumb_0 \"                       data-id=\"481\"                       data-src=\"https:\/\/www.rodzinaravensbruck.pl\/wp-content\/uploads\/photo-gallery\/imported_from_media_libray\/thumb\/2.-Mai-25-XV.jpg?bwg=1748530737\"                       data-width=\"500.00\"                       data-height=\"333.00\"\t\t\t\t\t\t\t\t\t\t   src=\"https:\/\/www.rodzinaravensbruck.pl\/wp-content\/uploads\/photo-gallery\/imported_from_media_libray\/thumb\/2.-Mai-25-XV.jpg?bwg=1748530737\"\t\t\t\t\t\t\t\t\t\t   alt=\"2. Mai 25 XV\"\t\t\t\t\t\t\t\t\t\t   title=\"2. Mai 25 XV\" \/>                <div class=\"\">                  \t\t\t\t                                            <\/div>              <\/div>            <\/div>                      <\/a>                  <\/div>              <div class=\"bwg-item\">          <a class=\"bwg-a  bwg_lightbox\"  data-image-id=\"482\" href=\"https:\/\/www.rodzinaravensbruck.pl\/wp-content\/uploads\/photo-gallery\/imported_from_media_libray\/2.-Mai-25-XIV.jpg?bwg=1748530737\" data-elementor-open-lightbox=\"no\">            <div class=\"bwg-item0\">              <div class=\"bwg-item1 \">      \t\t\t\t\t<img decoding=\"async\" class=\"skip-lazy bwg-masonry-thumb bwg_masonry_thumb_0 \"                       data-id=\"482\"                       data-src=\"https:\/\/www.rodzinaravensbruck.pl\/wp-content\/uploads\/photo-gallery\/imported_from_media_libray\/thumb\/2.-Mai-25-XIV.jpg?bwg=1748530737\"                       data-width=\"500.00\"                       data-height=\"333.00\"\t\t\t\t\t\t\t\t\t\t   src=\"https:\/\/www.rodzinaravensbruck.pl\/wp-content\/uploads\/photo-gallery\/imported_from_media_libray\/thumb\/2.-Mai-25-XIV.jpg?bwg=1748530737\"\t\t\t\t\t\t\t\t\t\t   alt=\"2. Mai 25 XIV\"\t\t\t\t\t\t\t\t\t\t   title=\"2. Mai 25 XIV\" \/>                <div class=\"\">                  \t\t\t\t                                            <\/div>              <\/div>            <\/div>                      <\/a>                  <\/div>              <div class=\"bwg-item\">          <a class=\"bwg-a  bwg_lightbox\"  data-image-id=\"483\" href=\"https:\/\/www.rodzinaravensbruck.pl\/wp-content\/uploads\/photo-gallery\/imported_from_media_libray\/2.-Mai-25-XIII.jpg?bwg=1748530737\" data-elementor-open-lightbox=\"no\">            <div class=\"bwg-item0\">              <div class=\"bwg-item1 \">      \t\t\t\t\t<img decoding=\"async\" class=\"skip-lazy bwg-masonry-thumb bwg_masonry_thumb_0 \"                       data-id=\"483\"                       data-src=\"https:\/\/www.rodzinaravensbruck.pl\/wp-content\/uploads\/photo-gallery\/imported_from_media_libray\/thumb\/2.-Mai-25-XIII.jpg?bwg=1748530737\"                       data-width=\"500.00\"                       data-height=\"333.00\"\t\t\t\t\t\t\t\t\t\t   src=\"https:\/\/www.rodzinaravensbruck.pl\/wp-content\/uploads\/photo-gallery\/imported_from_media_libray\/thumb\/2.-Mai-25-XIII.jpg?bwg=1748530737\"\t\t\t\t\t\t\t\t\t\t   alt=\"2. Mai 25 XIII\"\t\t\t\t\t\t\t\t\t\t   title=\"2. Mai 25 XIII\" \/>                <div class=\"\">                  \t\t\t\t                                            <\/div>              <\/div>            <\/div>                      <\/a>                  <\/div>              <div class=\"bwg-item\">          <a class=\"bwg-a  bwg_lightbox\"  data-image-id=\"484\" href=\"https:\/\/www.rodzinaravensbruck.pl\/wp-content\/uploads\/photo-gallery\/imported_from_media_libray\/2.-Mai-25-XII.jpg?bwg=1748530737\" data-elementor-open-lightbox=\"no\">            <div class=\"bwg-item0\">              <div class=\"bwg-item1 \">      \t\t\t\t\t<img decoding=\"async\" class=\"skip-lazy bwg-masonry-thumb bwg_masonry_thumb_0 \"                       data-id=\"484\"                       data-src=\"https:\/\/www.rodzinaravensbruck.pl\/wp-content\/uploads\/photo-gallery\/imported_from_media_libray\/thumb\/2.-Mai-25-XII.jpg?bwg=1748530737\"                       data-width=\"500.00\"                       data-height=\"333.00\"\t\t\t\t\t\t\t\t\t\t   src=\"https:\/\/www.rodzinaravensbruck.pl\/wp-content\/uploads\/photo-gallery\/imported_from_media_libray\/thumb\/2.-Mai-25-XII.jpg?bwg=1748530737\"\t\t\t\t\t\t\t\t\t\t   alt=\"2. Mai 25 XII\"\t\t\t\t\t\t\t\t\t\t   title=\"2. Mai 25 XII\" \/>                <div class=\"\">                  \t\t\t\t                                            <\/div>              <\/div>            <\/div>                      <\/a>                  <\/div>              <div class=\"bwg-item\">          <a class=\"bwg-a  bwg_lightbox\"  data-image-id=\"485\" href=\"https:\/\/www.rodzinaravensbruck.pl\/wp-content\/uploads\/photo-gallery\/imported_from_media_libray\/2.-Mai-25-XI.jpg?bwg=1748530737\" data-elementor-open-lightbox=\"no\">            <div class=\"bwg-item0\">              <div class=\"bwg-item1 \">      \t\t\t\t\t<img decoding=\"async\" class=\"skip-lazy bwg-masonry-thumb bwg_masonry_thumb_0 \"                       data-id=\"485\"                       data-src=\"https:\/\/www.rodzinaravensbruck.pl\/wp-content\/uploads\/photo-gallery\/imported_from_media_libray\/thumb\/2.-Mai-25-XI.jpg?bwg=1748530737\"                       data-width=\"500.00\"                       data-height=\"333.00\"\t\t\t\t\t\t\t\t\t\t   src=\"https:\/\/www.rodzinaravensbruck.pl\/wp-content\/uploads\/photo-gallery\/imported_from_media_libray\/thumb\/2.-Mai-25-XI.jpg?bwg=1748530737\"\t\t\t\t\t\t\t\t\t\t   alt=\"2. Mai 25 XI\"\t\t\t\t\t\t\t\t\t\t   title=\"2. Mai 25 XI\" \/>                <div class=\"\">                  \t\t\t\t                                            <\/div>              <\/div>            <\/div>                      <\/a>                  <\/div>              <div class=\"bwg-item\">          <a class=\"bwg-a  bwg_lightbox\"  data-image-id=\"486\" href=\"https:\/\/www.rodzinaravensbruck.pl\/wp-content\/uploads\/photo-gallery\/imported_from_media_libray\/2.-Mai-25-X.jpg?bwg=1748530737\" data-elementor-open-lightbox=\"no\">            <div class=\"bwg-item0\">              <div class=\"bwg-item1 \">      \t\t\t\t\t<img decoding=\"async\" class=\"skip-lazy bwg-masonry-thumb bwg_masonry_thumb_0 \"                       data-id=\"486\"                       data-src=\"https:\/\/www.rodzinaravensbruck.pl\/wp-content\/uploads\/photo-gallery\/imported_from_media_libray\/thumb\/2.-Mai-25-X.jpg?bwg=1748530737\"                       data-width=\"500.00\"                       data-height=\"333.00\"\t\t\t\t\t\t\t\t\t\t   src=\"https:\/\/www.rodzinaravensbruck.pl\/wp-content\/uploads\/photo-gallery\/imported_from_media_libray\/thumb\/2.-Mai-25-X.jpg?bwg=1748530737\"\t\t\t\t\t\t\t\t\t\t   alt=\"2. Mai 25 X\"\t\t\t\t\t\t\t\t\t\t   title=\"2. Mai 25 X\" \/>                <div class=\"\">                  \t\t\t\t                                            <\/div>              <\/div>            <\/div>                      <\/a>                  <\/div>              <div class=\"bwg-item\">          <a class=\"bwg-a  bwg_lightbox\"  data-image-id=\"487\" href=\"https:\/\/www.rodzinaravensbruck.pl\/wp-content\/uploads\/photo-gallery\/imported_from_media_libray\/2.-Mai-25-VIII.jpg?bwg=1748530737\" data-elementor-open-lightbox=\"no\">            <div class=\"bwg-item0\">              <div class=\"bwg-item1 \">      \t\t\t\t\t<img decoding=\"async\" class=\"skip-lazy bwg-masonry-thumb bwg_masonry_thumb_0 \"                       data-id=\"487\"                       data-src=\"https:\/\/www.rodzinaravensbruck.pl\/wp-content\/uploads\/photo-gallery\/imported_from_media_libray\/thumb\/2.-Mai-25-VIII.jpg?bwg=1748530737\"                       data-width=\"500.00\"                       data-height=\"333.00\"\t\t\t\t\t\t\t\t\t\t   src=\"https:\/\/www.rodzinaravensbruck.pl\/wp-content\/uploads\/photo-gallery\/imported_from_media_libray\/thumb\/2.-Mai-25-VIII.jpg?bwg=1748530737\"\t\t\t\t\t\t\t\t\t\t   alt=\"2. Mai 25 VIII\"\t\t\t\t\t\t\t\t\t\t   title=\"2. Mai 25 VIII\" \/>                <div class=\"\">                  \t\t\t\t                                            <\/div>              <\/div>            <\/div>                      <\/a>                  <\/div>              <div class=\"bwg-item\">          <a class=\"bwg-a  bwg_lightbox\"  data-image-id=\"488\" href=\"https:\/\/www.rodzinaravensbruck.pl\/wp-content\/uploads\/photo-gallery\/imported_from_media_libray\/2.-Mai-25-VII.jpg?bwg=1748530737\" data-elementor-open-lightbox=\"no\">            <div class=\"bwg-item0\">              <div class=\"bwg-item1 \">      \t\t\t\t\t<img decoding=\"async\" class=\"skip-lazy bwg-masonry-thumb bwg_masonry_thumb_0 \"                       data-id=\"488\"                       data-src=\"https:\/\/www.rodzinaravensbruck.pl\/wp-content\/uploads\/photo-gallery\/imported_from_media_libray\/thumb\/2.-Mai-25-VII.jpg?bwg=1748530737\"                       data-width=\"500.00\"                       data-height=\"333.00\"\t\t\t\t\t\t\t\t\t\t   src=\"https:\/\/www.rodzinaravensbruck.pl\/wp-content\/uploads\/photo-gallery\/imported_from_media_libray\/thumb\/2.-Mai-25-VII.jpg?bwg=1748530737\"\t\t\t\t\t\t\t\t\t\t   alt=\"2. Mai 25 VII\"\t\t\t\t\t\t\t\t\t\t   title=\"2. Mai 25 VII\" \/>                <div class=\"\">                  \t\t\t\t                                            <\/div>              <\/div>            <\/div>                      <\/a>                  <\/div>              <div class=\"bwg-item\">          <a class=\"bwg-a  bwg_lightbox\"  data-image-id=\"489\" href=\"https:\/\/www.rodzinaravensbruck.pl\/wp-content\/uploads\/photo-gallery\/imported_from_media_libray\/2.-Mai-25-VI.jpg?bwg=1748530737\" data-elementor-open-lightbox=\"no\">            <div class=\"bwg-item0\">              <div class=\"bwg-item1 \">      \t\t\t\t\t<img decoding=\"async\" class=\"skip-lazy bwg-masonry-thumb bwg_masonry_thumb_0 \"                       data-id=\"489\"                       data-src=\"https:\/\/www.rodzinaravensbruck.pl\/wp-content\/uploads\/photo-gallery\/imported_from_media_libray\/thumb\/2.-Mai-25-VI.jpg?bwg=1748530737\"                       data-width=\"500.00\"                       data-height=\"333.00\"\t\t\t\t\t\t\t\t\t\t   src=\"https:\/\/www.rodzinaravensbruck.pl\/wp-content\/uploads\/photo-gallery\/imported_from_media_libray\/thumb\/2.-Mai-25-VI.jpg?bwg=1748530737\"\t\t\t\t\t\t\t\t\t\t   alt=\"2. Mai 25 VI\"\t\t\t\t\t\t\t\t\t\t   title=\"2. Mai 25 VI\" \/>                <div class=\"\">                  \t\t\t\t                                            <\/div>              <\/div>            <\/div>                      <\/a>                  <\/div>              <div class=\"bwg-item\">          <a class=\"bwg-a  bwg_lightbox\"  data-image-id=\"490\" href=\"https:\/\/www.rodzinaravensbruck.pl\/wp-content\/uploads\/photo-gallery\/imported_from_media_libray\/2.-Mai-25-V.jpg?bwg=1748530737\" data-elementor-open-lightbox=\"no\">            <div class=\"bwg-item0\">              <div class=\"bwg-item1 \">      \t\t\t\t\t<img decoding=\"async\" class=\"skip-lazy bwg-masonry-thumb bwg_masonry_thumb_0 \"                       data-id=\"490\"                       data-src=\"https:\/\/www.rodzinaravensbruck.pl\/wp-content\/uploads\/photo-gallery\/imported_from_media_libray\/thumb\/2.-Mai-25-V.jpg?bwg=1748530737\"                       data-width=\"500.00\"                       data-height=\"333.00\"\t\t\t\t\t\t\t\t\t\t   src=\"https:\/\/www.rodzinaravensbruck.pl\/wp-content\/uploads\/photo-gallery\/imported_from_media_libray\/thumb\/2.-Mai-25-V.jpg?bwg=1748530737\"\t\t\t\t\t\t\t\t\t\t   alt=\"2. Mai 25 V\"\t\t\t\t\t\t\t\t\t\t   title=\"2. Mai 25 V\" \/>                <div class=\"\">                  \t\t\t\t                                            <\/div>              <\/div>            <\/div>                      <\/a>                  <\/div>              <div class=\"bwg-item\">          <a class=\"bwg-a  bwg_lightbox\"  data-image-id=\"491\" href=\"https:\/\/www.rodzinaravensbruck.pl\/wp-content\/uploads\/photo-gallery\/imported_from_media_libray\/2.-Mai-25-IX.jpg?bwg=1748530737\" data-elementor-open-lightbox=\"no\">            <div class=\"bwg-item0\">              <div class=\"bwg-item1 \">      \t\t\t\t\t<img decoding=\"async\" class=\"skip-lazy bwg-masonry-thumb bwg_masonry_thumb_0 \"                       data-id=\"491\"                       data-src=\"https:\/\/www.rodzinaravensbruck.pl\/wp-content\/uploads\/photo-gallery\/imported_from_media_libray\/thumb\/2.-Mai-25-IX.jpg?bwg=1748530737\"                       data-width=\"500.00\"                       data-height=\"333.00\"\t\t\t\t\t\t\t\t\t\t   src=\"https:\/\/www.rodzinaravensbruck.pl\/wp-content\/uploads\/photo-gallery\/imported_from_media_libray\/thumb\/2.-Mai-25-IX.jpg?bwg=1748530737\"\t\t\t\t\t\t\t\t\t\t   alt=\"2. Mai 25 IX\"\t\t\t\t\t\t\t\t\t\t   title=\"2. Mai 25 IX\" \/>                <div class=\"\">                  \t\t\t\t                                            <\/div>              <\/div>            <\/div>                      <\/a>                  <\/div>              <div class=\"bwg-item\">          <a class=\"bwg-a  bwg_lightbox\"  data-image-id=\"492\" href=\"https:\/\/www.rodzinaravensbruck.pl\/wp-content\/uploads\/photo-gallery\/imported_from_media_libray\/2.-Mai-25-IV.jpg?bwg=1748530737\" data-elementor-open-lightbox=\"no\">            <div class=\"bwg-item0\">              <div class=\"bwg-item1 \">      \t\t\t\t\t<img decoding=\"async\" class=\"skip-lazy bwg-masonry-thumb bwg_masonry_thumb_0 \"                       data-id=\"492\"                       data-src=\"https:\/\/www.rodzinaravensbruck.pl\/wp-content\/uploads\/photo-gallery\/imported_from_media_libray\/thumb\/2.-Mai-25-IV.jpg?bwg=1748530737\"                       data-width=\"500.00\"                       data-height=\"333.00\"\t\t\t\t\t\t\t\t\t\t   src=\"https:\/\/www.rodzinaravensbruck.pl\/wp-content\/uploads\/photo-gallery\/imported_from_media_libray\/thumb\/2.-Mai-25-IV.jpg?bwg=1748530737\"\t\t\t\t\t\t\t\t\t\t   alt=\"2. Mai 25 IV\"\t\t\t\t\t\t\t\t\t\t   title=\"2. Mai 25 IV\" \/>                <div class=\"\">                  \t\t\t\t                                            <\/div>              <\/div>            <\/div>                      <\/a>                  <\/div>              <div class=\"bwg-item\">          <a class=\"bwg-a  bwg_lightbox\"  data-image-id=\"493\" href=\"https:\/\/www.rodzinaravensbruck.pl\/wp-content\/uploads\/photo-gallery\/imported_from_media_libray\/2.-mai-25-II.jpg?bwg=1748530737\" data-elementor-open-lightbox=\"no\">            <div class=\"bwg-item0\">              <div class=\"bwg-item1 \">      \t\t\t\t\t<img decoding=\"async\" class=\"skip-lazy bwg-masonry-thumb bwg_masonry_thumb_0 \"                       data-id=\"493\"                       data-src=\"https:\/\/www.rodzinaravensbruck.pl\/wp-content\/uploads\/photo-gallery\/imported_from_media_libray\/thumb\/2.-mai-25-II.jpg?bwg=1748530737\"                       data-width=\"500.00\"                       data-height=\"333.00\"\t\t\t\t\t\t\t\t\t\t   src=\"https:\/\/www.rodzinaravensbruck.pl\/wp-content\/uploads\/photo-gallery\/imported_from_media_libray\/thumb\/2.-mai-25-II.jpg?bwg=1748530737\"\t\t\t\t\t\t\t\t\t\t   alt=\"2. mai 25 II\"\t\t\t\t\t\t\t\t\t\t   title=\"2. mai 25 II\" \/>                <div class=\"\">                  \t\t\t\t                                            <\/div>              <\/div>            <\/div>                      <\/a>                  <\/div>              <div class=\"bwg-item\">          <a class=\"bwg-a  bwg_lightbox\"  data-image-id=\"494\" href=\"https:\/\/www.rodzinaravensbruck.pl\/wp-content\/uploads\/photo-gallery\/imported_from_media_libray\/2.-Mai-25-I.jpg?bwg=1748530737\" data-elementor-open-lightbox=\"no\">            <div class=\"bwg-item0\">              <div class=\"bwg-item1 \">      \t\t\t\t\t<img decoding=\"async\" class=\"skip-lazy bwg-masonry-thumb bwg_masonry_thumb_0 \"                       data-id=\"494\"                       data-src=\"https:\/\/www.rodzinaravensbruck.pl\/wp-content\/uploads\/photo-gallery\/imported_from_media_libray\/thumb\/2.-Mai-25-I.jpg?bwg=1748530737\"                       data-width=\"500.00\"                       data-height=\"333.00\"\t\t\t\t\t\t\t\t\t\t   src=\"https:\/\/www.rodzinaravensbruck.pl\/wp-content\/uploads\/photo-gallery\/imported_from_media_libray\/thumb\/2.-Mai-25-I.jpg?bwg=1748530737\"\t\t\t\t\t\t\t\t\t\t   alt=\"2. Mai 25 I\"\t\t\t\t\t\t\t\t\t\t   title=\"2. Mai 25 I\" \/>                <div class=\"\">                  \t\t\t\t                                            <\/div>              <\/div>            <\/div>                      <\/a>                  <\/div>          <\/div>    <style>      \/*pagination styles*\/      #bwg_container1_0 #bwg_container2_0 .tablenav-pages_0 {\t\t\t\ttext-align: center;\t\t\t\tfont-size: 12px;\t\t\t\tfont-family: Ubuntu;\t\t\t\tfont-weight: bold;\t\t\t\tcolor: #666666;\t\t\t\tmargin: 6px 0 4px;\t\t\t\tdisplay: block;      }      @media only screen and (max-width : 320px) {      #bwg_container1_0 #bwg_container2_0 .displaying-num_0 {     \t display: none;      }      }      #bwg_container1_0 #bwg_container2_0 .displaying-num_0 {\t\t\t\tfont-size: 12px;\t\t\t\tfont-family: Ubuntu;\t\t\t\tfont-weight: bold;\t\t\t\tcolor: #666666;\t\t\t\tmargin-right: 10px;\t\t\t\tvertical-align: middle;      }      #bwg_container1_0 #bwg_container2_0 .paging-input_0 {\t\t\t\tfont-size: 12px;\t\t\t\tfont-family: Ubuntu;\t\t\t\tfont-weight: bold;\t\t\t\tcolor: #666666;\t\t\t\tvertical-align: middle;      }      #bwg_container1_0 #bwg_container2_0 .tablenav-pages_0 a.disabled,      #bwg_container1_0 #bwg_container2_0 .tablenav-pages_0 a.disabled:hover,      #bwg_container1_0 #bwg_container2_0 .tablenav-pages_0 a.disabled:focus,\t\t\t#bwg_container1_0 #bwg_container2_0 .tablenav-pages_0 input.bwg_current_page {\t\t\t\tcursor: default;\t\t\t\tcolor: rgba(102, 102, 102, 0.5);      }      #bwg_container1_0 #bwg_container2_0 .tablenav-pages_0 a,      #bwg_container1_0 #bwg_container2_0 .tablenav-pages_0 input.bwg_current_page {\t\t\t\tcursor: pointer;\t\t\t\ttext-align: center;\t\t\t\tfont-size: 12px;\t\t\t\tfont-family: Ubuntu;\t\t\t\tfont-weight: bold;\t\t\t\tcolor: #666666;\t\t\t\ttext-decoration: none;\t\t\t\tpadding: 3px 6px;\t\t\t\tmargin: 0;\t\t\t\tborder-radius: 0;\t\t\t\tborder-style: solid;\t\t\t\tborder-width: 1px;\t\t\t\tborder-color: #E3E3E3;\t\t\t\t\t\t\t\tbackground-color: rgba(255, 255, 255, 1.00);\t\t\t\tbox-shadow: 0;\t\t\t\ttransition: all 0.3s ease 0s;-webkit-transition: all 0.3s ease 0s;      }      <\/style>      <span class=\"bwg_nav_cont_0\">              <div class=\"tablenav-pages_0\">                  <\/div>                <input type=\"hidden\" id=\"page_number_0\" name=\"page_number_0\" value=\"1\" \/>      <script type=\"text\/javascript\">        if( jQuery('.bwg_nav_cont_0').length > 1 ) {          jQuery('.bwg_nav_cont_0').first().remove()        }        function spider_page_0(cur, x, y, load_more) {          if (typeof load_more == \"undefined\") {            var load_more = false;          }          if (jQuery(cur).hasClass('disabled')) {            return false;          }          var items_county_0 = 1;          switch (y) {            case 1:              if (x >= items_county_0) {                document.getElementById('page_number_0').value = items_county_0;              }              else {                document.getElementById('page_number_0').value = x + 1;              }              break;            case 2:              document.getElementById('page_number_0').value = items_county_0;              break;            case -1:              if (x == 1) {                document.getElementById('page_number_0').value = 1;              }              else {                document.getElementById('page_number_0').value = x - 1;              }              break;            case -2:              document.getElementById('page_number_0').value = 1;              break;\t\t\t\t\t\tcase 0:              document.getElementById('page_number_0').value = x;              break;            default:              document.getElementById('page_number_0').value = 1;          }          bwg_ajax('gal_front_form_0', '0', 'bwg_thumbnails_masonry_0', '0', '', 'gallery', 0, '', '', load_more, '', 1);        }                    jQuery('.first-page-0').on('click', function () {              spider_page_0(this, 1, -2, 'numeric');              return false;            });            jQuery('.prev-page-0').on('click', function () {              spider_page_0(this, 1, -1, 'numeric');              return false;            });            jQuery('.next-page-0').on('click', function () {              spider_page_0(this, 1, 1, 'numeric');              return false;            });            jQuery('.last-page-0').on('click', function () {              spider_page_0(this, 1, 2, 'numeric');              return false;            });        \t\t\t\t\/* Change page on input enter. *\/        function bwg_change_page_0( e, that ) {          if (  e.key == 'Enter' ) {            var to_page = parseInt(jQuery(that).val());            var pages_count = jQuery(that).parents(\".pagination-links\").data(\"pages-count\");            var current_url_param = jQuery(that).attr('data-url-info');            if (to_page > pages_count) {              to_page = 1;            }\t \t\t\t\t\t\t\t\t\t\t\t\tspider_page_0(this, to_page, 0, 'numeric');\t\t\t\t\t\t\treturn false;\t\t\t\t\t\t          }          return true;        }        jQuery('.bwg_load_btn_0').on('click', function () {            spider_page_0(this, 1, 1, true);            return false;        });      <\/script>      <\/span>                <\/div>        <\/form>        <style>          #bwg_container1_0 #bwg_container2_0 #spider_popup_overlay_0 {          background-color: #EEEEEE;          opacity: 0.60;          }          <\/style>        <div id=\"bwg_spider_popup_loading_0\" class=\"bwg_spider_popup_loading\"><\/div>        <div id=\"spider_popup_overlay_0\" class=\"spider_popup_overlay\" onclick=\"spider_destroypopup(1000)\"><\/div>        <input type=\"hidden\" id=\"bwg_random_seed_0\" value=\"796659401\">                <\/div>    <\/div>    <script>      if (document.readyState === 'complete') {        if( typeof bwg_main_ready == 'function' ) {          if ( jQuery(\"#bwg_container1_0\").height() ) {            bwg_main_ready(jQuery(\"#bwg_container1_0\"));          }        }      } else {        document.addEventListener('DOMContentLoaded', function() {          if( typeof bwg_main_ready == 'function' ) {            if ( jQuery(\"#bwg_container1_0\").height() ) {             bwg_main_ready(jQuery(\"#bwg_container1_0\"));            }          }        });      }    <\/script>    \n","protected":false},"excerpt":{"rendered":"<p>2 maja bie\u017c\u0105cego roku wraz z moim m\u0119\u017cem i c\u00f3rk\u0105 wzi\u0119li\u015bmy udzia\u0142 w uroczysto\u015bci uczczenia pami\u0119ci Wi\u0119\u017aniarek podobozu Gr\u00fcneberg, ok. 40 km na po\u0142udnie od Ravensbr\u00fcck. Uroczysto\u015b\u0107 ta zosta\u0142a po raz drugi zorganizowana przez kongregacj\u0119 ko\u015bcio\u0142a protestanckiego i lokalne w\u0142adze tej miejscowo\u015bci. Nasza rodzina wzi\u0119\u0142a w niej udzia\u0142, reprezentuj\u0105c Stowarzyszenie Rodzina Wi\u0119\u017aniarek Niemieckiego Obozu Koncentracyjnego &hellip; <\/p>\n<p class=\"link-more\"><a href=\"https:\/\/www.rodzinaravensbruck.pl\/index.php\/2025\/05\/29\/pamietamy-o-wiezniarkach-z-podobozu-w-grunebergu-uroczystosci-2-05-2025\/\" class=\"more-link\">Czytaj dalej<span class=\"screen-reader-text\"> \u201ePami\u0119tamy o Wi\u0119\u017aniarkach z podobozu w Gr\u00fcnebergu.- uroczysto\u015bci 2.05.2025\u201d<\/span><\/a><\/p>\n","protected":false},"author":1,"featured_media":5261,"comment_status":"closed","ping_status":"open","sticky":false,"template":"","format":"standard","meta":{"ngg_post_thumbnail":0,"footnotes":""},"categories":[27],"tags":[],"class_list":["post-5259","post","type-post","status-publish","format-standard","has-post-thumbnail","hentry","category-wydarzenia"],"_links":{"self":[{"href":"https:\/\/www.rodzinaravensbruck.pl\/index.php\/wp-json\/wp\/v2\/posts\/5259","targetHints":{"allow":["GET"]}}],"collection":[{"href":"https:\/\/www.rodzinaravensbruck.pl\/index.php\/wp-json\/wp\/v2\/posts"}],"about":[{"href":"https:\/\/www.rodzinaravensbruck.pl\/index.php\/wp-json\/wp\/v2\/types\/post"}],"author":[{"embeddable":true,"href":"https:\/\/www.rodzinaravensbruck.pl\/index.php\/wp-json\/wp\/v2\/users\/1"}],"replies":[{"embeddable":true,"href":"https:\/\/www.rodzinaravensbruck.pl\/index.php\/wp-json\/wp\/v2\/comments?post=5259"}],"version-history":[{"count":1,"href":"https:\/\/www.rodzinaravensbruck.pl\/index.php\/wp-json\/wp\/v2\/posts\/5259\/revisions"}],"predecessor-version":[{"id":5278,"href":"https:\/\/www.rodzinaravensbruck.pl\/index.php\/wp-json\/wp\/v2\/posts\/5259\/revisions\/5278"}],"wp:featuredmedia":[{"embeddable":true,"href":"https:\/\/www.rodzinaravensbruck.pl\/index.php\/wp-json\/wp\/v2\/media\/5261"}],"wp:attachment":[{"href":"https:\/\/www.rodzinaravensbruck.pl\/index.php\/wp-json\/wp\/v2\/media?parent=5259"}],"wp:term":[{"taxonomy":"category","embeddable":true,"href":"https:\/\/www.rodzinaravensbruck.pl\/index.php\/wp-json\/wp\/v2\/categories?post=5259"},{"taxonomy":"post_tag","embeddable":true,"href":"https:\/\/www.rodzinaravensbruck.pl\/index.php\/wp-json\/wp\/v2\/tags?post=5259"}],"curies":[{"name":"wp","href":"https:\/\/api.w.org\/{rel}","templated":true}]}}