{"id":5316,"date":"2025-06-13T09:30:29","date_gmt":"2025-06-13T07:30:29","guid":{"rendered":"https:\/\/www.rodzinaravensbruck.pl\/?p=5316"},"modified":"2025-06-15T17:57:13","modified_gmt":"2025-06-15T15:57:13","slug":"krakow-pamieta","status":"publish","type":"post","link":"https:\/\/www.rodzinaravensbruck.pl\/index.php\/2025\/06\/13\/krakow-pamieta\/","title":{"rendered":"Krak\u00f3w pami\u0119ta"},"content":{"rendered":"\n<p>85. rocznica pierwszego masowego transportu wi\u0119\u017ani\u00f3w do KL Auschwitz z Tarnowa &#8211; Krak\u00f3w pami\u0119ta<\/p>\n\n\n\n<p>Wzi\u0119li\u015bmy udzia\u0142 13 czerwca 2025 r. w uroczysto\u015bci&nbsp; na Placu Axentowicza przy pomniku upami\u0119tniaj\u0105cym ofiary niemieckich oboz\u00f3w koncentracyjnych zorganizowane przez Krakowski Oddzia\u0142 Instytutu Pami\u0119ci Narodowej. Zosta\u0142a z\u0142o\u017cona wi\u0105zanka kwiat\u00f3w od Stowarzyszenia.<\/p>\n\n\n\n<p>Relacje z galeri\u0105 zdj\u0119\u0107 na stronach:<\/p>\n\n\n\n<p><a href=\"https:\/\/krakow.ipn.gov.pl\/pl4\/aktualnosci\/220806,Krakowskie-uroczystosci-w-przeddzien-85-rocznicy-pierwszego-masowego-transportu-.html\">https:\/\/krakow.ipn.gov.pl\/pl4\/aktualnosci\/220806,Krakowskie-uroczystosci-w-przeddzien-85-rocznicy-pierwszego-masowego-transportu-.html<\/a><\/p>\n\n\n\n<p><a href=\"https:\/\/dziennikpolski24.pl\/w-krakowie-w-przeddzien-tragicznej-rocznicy-uczczono-ofiary-nazistowskiego-terroru\/ar\/c1p2-27687433\">https:\/\/dziennikpolski24.pl\/w-krakowie-w-przeddzien-tragicznej-rocznicy-uczczono-ofiary-nazistowskiego-terroru\/ar\/c1p2-27687433<\/a><\/p>\n\n\n\n<p><\/p>\n\n\n","protected":false},"excerpt":{"rendered":"<p>85. rocznica pierwszego masowego transportu wi\u0119\u017ani\u00f3w do KL Auschwitz z Tarnowa &#8211; Krak\u00f3w pami\u0119ta Wzi\u0119li\u015bmy udzia\u0142 13 czerwca 2025 r. w uroczysto\u015bci&nbsp; na Placu Axentowicza przy pomniku upami\u0119tniaj\u0105cym ofiary niemieckich oboz\u00f3w koncentracyjnych zorganizowane przez Krakowski Oddzia\u0142 Instytutu Pami\u0119ci Narodowej. Zosta\u0142a z\u0142o\u017cona wi\u0105zanka kwiat\u00f3w od Stowarzyszenia. Relacje z galeri\u0105 zdj\u0119\u0107 na stronach: https:\/\/krakow.ipn.gov.pl\/pl4\/aktualnosci\/220806,Krakowskie-uroczystosci-w-przeddzien-85-rocznicy-pierwszego-masowego-transportu-.html https:\/\/dziennikpolski24.pl\/w-krakowie-w-przeddzien-tragicznej-rocznicy-uczczono-ofiary-nazistowskiego-terroru\/ar\/c1p2-27687433<\/p>\n","protected":false},"author":1,"featured_media":5317,"comment_status":"closed","ping_status":"open","sticky":false,"template":"","format":"standard","meta":{"ngg_post_thumbnail":0,"footnotes":""},"categories":[4],"tags":[],"class_list":["post-5316","post","type-post","status-publish","format-standard","has-post-thumbnail","hentry","category-aktualnosci"],"_links":{"self":[{"href":"https:\/\/www.rodzinaravensbruck.pl\/index.php\/wp-json\/wp\/v2\/posts\/5316","targetHints":{"allow":["GET"]}}],"collection":[{"href":"https:\/\/www.rodzinaravensbruck.pl\/index.php\/wp-json\/wp\/v2\/posts"}],"about":[{"href":"https:\/\/www.rodzinaravensbruck.pl\/index.php\/wp-json\/wp\/v2\/types\/post"}],"author":[{"embeddable":true,"href":"https:\/\/www.rodzinaravensbruck.pl\/index.php\/wp-json\/wp\/v2\/users\/1"}],"replies":[{"embeddable":true,"href":"https:\/\/www.rodzinaravensbruck.pl\/index.php\/wp-json\/wp\/v2\/comments?post=5316"}],"version-history":[{"count":3,"href":"https:\/\/www.rodzinaravensbruck.pl\/index.php\/wp-json\/wp\/v2\/posts\/5316\/revisions"}],"predecessor-version":[{"id":5321,"href":"https:\/\/www.rodzinaravensbruck.pl\/index.php\/wp-json\/wp\/v2\/posts\/5316\/revisions\/5321"}],"wp:featuredmedia":[{"embeddable":true,"href":"https:\/\/www.rodzinaravensbruck.pl\/index.php\/wp-json\/wp\/v2\/media\/5317"}],"wp:attachment":[{"href":"https:\/\/www.rodzinaravensbruck.pl\/index.php\/wp-json\/wp\/v2\/media?parent=5316"}],"wp:term":[{"taxonomy":"category","embeddable":true,"href":"https:\/\/www.rodzinaravensbruck.pl\/index.php\/wp-json\/wp\/v2\/categories?post=5316"},{"taxonomy":"post_tag","embeddable":true,"href":"https:\/\/www.rodzinaravensbruck.pl\/index.php\/wp-json\/wp\/v2\/tags?post=5316"}],"curies":[{"name":"wp","href":"https:\/\/api.w.org\/{rel}","templated":true}]}}