{"id":5806,"date":"2026-01-21T16:24:08","date_gmt":"2026-01-21T15:24:08","guid":{"rendered":"https:\/\/www.rodzinaravensbruck.pl\/?p=5806"},"modified":"2026-01-21T16:24:14","modified_gmt":"2026-01-21T15:24:14","slug":"ewa-putniorz-1931-2026","status":"publish","type":"post","link":"https:\/\/www.rodzinaravensbruck.pl\/index.php\/2026\/01\/21\/ewa-putniorz-1931-2026\/","title":{"rendered":"Ewa Putniorz 1931-2026"},"content":{"rendered":"\n<p><\/p>\n\n\n\n<p><strong>Wspomnienie o Ewie Putniorz<\/strong><\/p>\n\n\n\n<p>Ewa Putniorz z domu Suchodolska urodzi\u0142a si\u0119 w Krakowie 5 listopada 1931 roku.<\/p>\n\n\n\n<p>Ojciec, Jan Feliks Suchodolski by\u0142 in\u017cynierem kolejnictwa, matka Danuta z domu Markiewicz by\u0142a nauczycielk\u0105 j\u0119zyka francuskiego.<\/p>\n\n\n\n<p>Z rodzicami i bratem Markiem mieszkali we Lwowie przy ul. Kadeckiej.<\/p>\n\n\n\n<p>Czas wojny sp\u0119dzili w Suchej Beskidzkiej, sk\u0105d po wyzwoleniu przenie\u015bli si\u0119 do Krakowa.<\/p>\n\n\n\n<!--more-->\n\n\n\n<p>Ewa uko\u0144czy\u0142a liceum og\u00f3lnokszta\u0142c\u0105ce im. J\u00f3zefy Joteyko w Krakowie, a nast\u0119pnie technikum budowlane w specjalno\u015bci instalacje sanitarne i ogrzewanie.<\/p>\n\n\n\n<p>W 1954 roku zawar\u0142a zwi\u0105zek ma\u0142\u017ce\u0144ski z Jerzym Putniorz a dwa lata p\u00f3\u017aniej powitali na \u015bwiecie syna Andrzeja.<\/p>\n\n\n\n<p>Pracowa\u0142a w Miastoprojekt Krak\u00f3w, a p\u00f3\u017aniej do emerytury w Krakowskim Przedsi\u0119biorstwie Instalacji Sanitarnych.<\/p>\n\n\n\n<p>Kocha\u0142a muzyk\u0119 klasyczn\u0105 i przez wiele lat by\u0142a sta\u0142\u0105 bywalczyni\u0105 Filharmonii Krakowskiej.<\/p>\n\n\n\n<p>Jej pasj\u0105 by\u0142a r\u00f3wnie\u017c turystyka g\u00f3rska, do PTTK nale\u017ca\u0142a od 1962 roku.<\/p>\n\n\n\n<p>Swoim zami\u0142owaniom pozosta\u0142a wierna do czasu, gdy zdrowie i si\u0142y na to pozwala\u0142y.<\/p>\n\n\n\n<p>Uwielbia\u0142a czyta\u0107 ksi\u0105\u017cki i rozwi\u0105zywa\u0107 krzy\u017c\u00f3wki i szarady.<\/p>\n\n\n\n<p>Cieszy\u0142a si\u0119 z kolejnych wnuk\u00f3w i prawnucz\u0105t kt\u00f3re przychodzi\u0142y na \u015bwiat, pomaga\u0142a w opiece nad nimi dop\u00f3ki by\u0142a w stanie.<\/p>\n\n\n\n<p>Ogr\u00f3d dzia\u0142kowy na Senior\u00f3w Lotnictwa by\u0142 miejscem gdzie najbardziej lubi\u0142a przebywa\u0107, w mi\u0142ym towarzystwie znajomych i s\u0105siad\u00f3w, blisko przyrody i miejsca zamieszkania.<\/p>\n\n\n\n<p>Mia\u0142a 94 lata gdy odesz\u0142a 8 stycznia 2026 roku.<\/p>\n\n\n\n<p>Zosta\u0142a pochowana 14 stycznia 2026 r. na Cmentarzu Rakowickim w Krakowie.<\/p>\n\n\n\n<p>Ewa Putniorz we wspomnieniach brata Andrzeja<\/p>\n","protected":false},"excerpt":{"rendered":"<p>Wspomnienie o Ewie Putniorz Ewa Putniorz z domu Suchodolska urodzi\u0142a si\u0119 w Krakowie 5 listopada 1931 roku. Ojciec, Jan Feliks Suchodolski by\u0142 in\u017cynierem kolejnictwa, matka Danuta z domu Markiewicz by\u0142a nauczycielk\u0105 j\u0119zyka francuskiego. Z rodzicami i bratem Markiem mieszkali we Lwowie przy ul. Kadeckiej. Czas wojny sp\u0119dzili w Suchej Beskidzkiej, sk\u0105d po wyzwoleniu przenie\u015bli si\u0119 &hellip; <\/p>\n<p class=\"link-more\"><a href=\"https:\/\/www.rodzinaravensbruck.pl\/index.php\/2026\/01\/21\/ewa-putniorz-1931-2026\/\" class=\"more-link\">Czytaj dalej<span class=\"screen-reader-text\"> \u201eEwa Putniorz 1931-2026\u201d<\/span><\/a><\/p>\n","protected":false},"author":1,"featured_media":5807,"comment_status":"closed","ping_status":"open","sticky":false,"template":"","format":"standard","meta":{"ngg_post_thumbnail":0,"footnotes":""},"categories":[67],"tags":[],"class_list":["post-5806","post","type-post","status-publish","format-standard","has-post-thumbnail","hentry","category-pamietamy"],"_links":{"self":[{"href":"https:\/\/www.rodzinaravensbruck.pl\/index.php\/wp-json\/wp\/v2\/posts\/5806","targetHints":{"allow":["GET"]}}],"collection":[{"href":"https:\/\/www.rodzinaravensbruck.pl\/index.php\/wp-json\/wp\/v2\/posts"}],"about":[{"href":"https:\/\/www.rodzinaravensbruck.pl\/index.php\/wp-json\/wp\/v2\/types\/post"}],"author":[{"embeddable":true,"href":"https:\/\/www.rodzinaravensbruck.pl\/index.php\/wp-json\/wp\/v2\/users\/1"}],"replies":[{"embeddable":true,"href":"https:\/\/www.rodzinaravensbruck.pl\/index.php\/wp-json\/wp\/v2\/comments?post=5806"}],"version-history":[{"count":1,"href":"https:\/\/www.rodzinaravensbruck.pl\/index.php\/wp-json\/wp\/v2\/posts\/5806\/revisions"}],"predecessor-version":[{"id":5808,"href":"https:\/\/www.rodzinaravensbruck.pl\/index.php\/wp-json\/wp\/v2\/posts\/5806\/revisions\/5808"}],"wp:featuredmedia":[{"embeddable":true,"href":"https:\/\/www.rodzinaravensbruck.pl\/index.php\/wp-json\/wp\/v2\/media\/5807"}],"wp:attachment":[{"href":"https:\/\/www.rodzinaravensbruck.pl\/index.php\/wp-json\/wp\/v2\/media?parent=5806"}],"wp:term":[{"taxonomy":"category","embeddable":true,"href":"https:\/\/www.rodzinaravensbruck.pl\/index.php\/wp-json\/wp\/v2\/categories?post=5806"},{"taxonomy":"post_tag","embeddable":true,"href":"https:\/\/www.rodzinaravensbruck.pl\/index.php\/wp-json\/wp\/v2\/tags?post=5806"}],"curies":[{"name":"wp","href":"https:\/\/api.w.org\/{rel}","templated":true}]}}