{"id":5892,"date":"2026-03-13T13:57:22","date_gmt":"2026-03-13T12:57:22","guid":{"rendered":"https:\/\/www.rodzinaravensbruck.pl\/?p=5892"},"modified":"2026-03-13T13:58:24","modified_gmt":"2026-03-13T12:58:24","slug":"w-130-rocznice-urodzin-sp-jozefy-kantor-w-katowicach-szopienice-odbeda-sie-uroczystosci","status":"publish","type":"post","link":"https:\/\/www.rodzinaravensbruck.pl\/index.php\/2026\/03\/13\/w-130-rocznice-urodzin-sp-jozefy-kantor-w-katowicach-szopienice-odbeda-sie-uroczystosci\/","title":{"rendered":"W 130. rocznic\u0119 urodzin \u015bp. J\u00f3zefy Kantor w Katowicach Szopienice odb\u0119d\u0105 si\u0119 uroczysto\u015bci."},"content":{"rendered":"\n<p><strong>Stowarzyszenie jest wsp\u00f3\u0142organizatorem tego wydarzenia. Zapraszamy do uczestniczenia w upami\u0119tnieniu \u015bp. J\u00f3zefy Kantor.<\/strong><\/p>\n\n\n\n<p><strong>Uprzejmie prosimy o potwierdzenie uczestnictwa do 16 marca 2026 roku nr tel.: 32 2568276<\/strong><\/p>\n\n\n\n<p><strong>lub Maria Lorens, wiceprezes stowarzyszenia&nbsp; tel.: 600813655<\/strong><\/p>\n\n\n\n<!--more-->\n\n\n\n<p><strong>do pobrania zaproszenie:<\/strong> <a href=\"https:\/\/www.rodzinaravensbruck.pl\/wp-content\/uploads\/2026\/03\/Jozefa-Kantor-130.-rocznica-urodzin.jpg\" target=\"_blank\" rel=\"noreferrer noopener\">str.1<\/a> <a href=\"https:\/\/www.rodzinaravensbruck.pl\/wp-content\/uploads\/2026\/03\/Jozefa-Kantor-130.-rocznicsa-urodzin-2.jpg\" target=\"_blank\" rel=\"noreferrer noopener\">str.2<\/a><\/p>\n\n\n\n\n\n<figure class=\"wp-block-image size-large\"><img loading=\"lazy\" decoding=\"async\" width=\"1024\" height=\"717\" src=\"https:\/\/www.rodzinaravensbruck.pl\/wp-content\/uploads\/2026\/03\/Jozefa-Kantor-130.-rocznicsa-urodzin-2-1024x717.jpg\" alt=\"\" class=\"wp-image-5894\" srcset=\"https:\/\/www.rodzinaravensbruck.pl\/wp-content\/uploads\/2026\/03\/Jozefa-Kantor-130.-rocznicsa-urodzin-2-1024x717.jpg 1024w, https:\/\/www.rodzinaravensbruck.pl\/wp-content\/uploads\/2026\/03\/Jozefa-Kantor-130.-rocznicsa-urodzin-2-300x210.jpg 300w, https:\/\/www.rodzinaravensbruck.pl\/wp-content\/uploads\/2026\/03\/Jozefa-Kantor-130.-rocznicsa-urodzin-2-768x538.jpg 768w, https:\/\/www.rodzinaravensbruck.pl\/wp-content\/uploads\/2026\/03\/Jozefa-Kantor-130.-rocznicsa-urodzin-2-1536x1075.jpg 1536w, https:\/\/www.rodzinaravensbruck.pl\/wp-content\/uploads\/2026\/03\/Jozefa-Kantor-130.-rocznicsa-urodzin-2-2048x1434.jpg 2048w\" sizes=\"auto, (max-width: 706px) 89vw, (max-width: 767px) 82vw, 740px\" \/><\/figure>\n\n\n\n<figure class=\"wp-block-image size-large is-style-default\"><img loading=\"lazy\" decoding=\"async\" width=\"1024\" height=\"702\" src=\"https:\/\/www.rodzinaravensbruck.pl\/wp-content\/uploads\/2026\/03\/Jozefa-Kantor-130.-rocznica-urodzin-1024x702.jpg\" alt=\"\" class=\"wp-image-5893\" srcset=\"https:\/\/www.rodzinaravensbruck.pl\/wp-content\/uploads\/2026\/03\/Jozefa-Kantor-130.-rocznica-urodzin-1024x702.jpg 1024w, https:\/\/www.rodzinaravensbruck.pl\/wp-content\/uploads\/2026\/03\/Jozefa-Kantor-130.-rocznica-urodzin-300x206.jpg 300w, https:\/\/www.rodzinaravensbruck.pl\/wp-content\/uploads\/2026\/03\/Jozefa-Kantor-130.-rocznica-urodzin-768x526.jpg 768w, https:\/\/www.rodzinaravensbruck.pl\/wp-content\/uploads\/2026\/03\/Jozefa-Kantor-130.-rocznica-urodzin-1536x1052.jpg 1536w, https:\/\/www.rodzinaravensbruck.pl\/wp-content\/uploads\/2026\/03\/Jozefa-Kantor-130.-rocznica-urodzin-2048x1403.jpg 2048w\" sizes=\"auto, (max-width: 706px) 89vw, (max-width: 767px) 82vw, 740px\" \/><\/figure>\n\n\n\n\n","protected":false},"excerpt":{"rendered":"<p>Stowarzyszenie jest wsp\u00f3\u0142organizatorem tego wydarzenia. Zapraszamy do uczestniczenia w upami\u0119tnieniu \u015bp. J\u00f3zefy Kantor. Uprzejmie prosimy o potwierdzenie uczestnictwa do 16 marca 2026 roku nr tel.: 32 2568276 lub Maria Lorens, wiceprezes stowarzyszenia&nbsp; tel.: 600813655<\/p>\n","protected":false},"author":1,"featured_media":5893,"comment_status":"closed","ping_status":"open","sticky":false,"template":"","format":"standard","meta":{"ngg_post_thumbnail":0,"footnotes":""},"categories":[4],"tags":[],"class_list":["post-5892","post","type-post","status-publish","format-standard","has-post-thumbnail","hentry","category-aktualnosci"],"_links":{"self":[{"href":"https:\/\/www.rodzinaravensbruck.pl\/index.php\/wp-json\/wp\/v2\/posts\/5892","targetHints":{"allow":["GET"]}}],"collection":[{"href":"https:\/\/www.rodzinaravensbruck.pl\/index.php\/wp-json\/wp\/v2\/posts"}],"about":[{"href":"https:\/\/www.rodzinaravensbruck.pl\/index.php\/wp-json\/wp\/v2\/types\/post"}],"author":[{"embeddable":true,"href":"https:\/\/www.rodzinaravensbruck.pl\/index.php\/wp-json\/wp\/v2\/users\/1"}],"replies":[{"embeddable":true,"href":"https:\/\/www.rodzinaravensbruck.pl\/index.php\/wp-json\/wp\/v2\/comments?post=5892"}],"version-history":[{"count":1,"href":"https:\/\/www.rodzinaravensbruck.pl\/index.php\/wp-json\/wp\/v2\/posts\/5892\/revisions"}],"predecessor-version":[{"id":5895,"href":"https:\/\/www.rodzinaravensbruck.pl\/index.php\/wp-json\/wp\/v2\/posts\/5892\/revisions\/5895"}],"wp:featuredmedia":[{"embeddable":true,"href":"https:\/\/www.rodzinaravensbruck.pl\/index.php\/wp-json\/wp\/v2\/media\/5893"}],"wp:attachment":[{"href":"https:\/\/www.rodzinaravensbruck.pl\/index.php\/wp-json\/wp\/v2\/media?parent=5892"}],"wp:term":[{"taxonomy":"category","embeddable":true,"href":"https:\/\/www.rodzinaravensbruck.pl\/index.php\/wp-json\/wp\/v2\/categories?post=5892"},{"taxonomy":"post_tag","embeddable":true,"href":"https:\/\/www.rodzinaravensbruck.pl\/index.php\/wp-json\/wp\/v2\/tags?post=5892"}],"curies":[{"name":"wp","href":"https:\/\/api.w.org\/{rel}","templated":true}]}}