{"id":5897,"date":"2026-03-13T14:05:04","date_gmt":"2026-03-13T13:05:04","guid":{"rendered":"https:\/\/www.rodzinaravensbruck.pl\/?p=5897"},"modified":"2026-03-13T14:05:13","modified_gmt":"2026-03-13T13:05:13","slug":"vii-ogolnopolski-konkurs-plastyczny-w-kregu-poezji-i-prozy-lagrowej-wiezniarek-kl-ravensbruck","status":"publish","type":"post","link":"https:\/\/www.rodzinaravensbruck.pl\/index.php\/2026\/03\/13\/vii-ogolnopolski-konkurs-plastyczny-w-kregu-poezji-i-prozy-lagrowej-wiezniarek-kl-ravensbruck\/","title":{"rendered":"VII Og\u00f3lnopolski Konkurs Plastyczny\u00a0\u201eW kr\u0119gu poezji i prozy lagrowej wi\u0119\u017aniarek KL Ravensbr\u00fcck\u201d"},"content":{"rendered":"\n<p>Serdecznie zapraszamy na VII Og\u00f3lnopolski Konkurs Plastyczny\u00a0<strong>\u201eW kr\u0119gu poezji i prozy lagrowej wi\u0119\u017aniarek KL Ravensbr\u00fcck\u201d.<\/strong><br>Tematem prac ma by\u0107 do wyboru:<br>plastyczna interpretacja wiersza poetek obozowych z KL Ravensbr\u00fcck,<br>plastyczna interpretacja fragmentu prozy poobozowej KL Ravensbr\u00fcck,<br>portret jednej z wi\u0119\u017aniarek KL Ravensbr\u00fcck.<br>Konkurs organizowany jest w dw\u00f3ch kategoriach wiekowych:<br>KATEGORIA I \u2013 uczniowie klas VII \u2013 VIII szk\u00f3\u0142 podstawowych,<br>KATRGORIA II \u2013 m\u0142odzie\u017c szk\u00f3\u0142 ponadpodstawowych.<\/p>\n\n\n\n<p><!--more--><br>Do ka\u017cdej pracy nale\u017cy do\u0142\u0105czy\u0107 fragment utworu (wiersz lub proza) b\u0119d\u0105cego inspiracj\u0105 do powstania pracy plastycznej wraz z tytu\u0142em i autorem lub imi\u0119 i nazwisko osoby przedstawionej na portrecie wraz z kr\u00f3tk\u0105 informacj\u0105 na temat tej osoby.<br><br>Termin nadsy\u0142ania prac:&nbsp;<strong>do 20 marca 2026 r. <\/strong>Prace konkursowe nale\u017cy dostarczy\u0107 osobi\u015bcie lub przes\u0142a\u0107 na adres:<br>Szko\u0142a Podstawowa im. Kr\u00f3lowej Korony Polskiej w K\u0142odnem<br>K\u0142odne 144, 34-654 M\u0119cina<\/p>\n\n\n\n<p>Do pobrania:<\/p>\n\n\n\n<p><a href=\"https:\/\/www.rodzinaravensbruck.pl\/wp-content\/uploads\/2026\/03\/KARTA-ZGLOSZENIA-konkursu-plastycznego-2026.pdf\" target=\"_blank\" rel=\"noreferrer noopener\">Karta zg\u0142oszenia<\/a><br><a href=\"https:\/\/www.rodzinaravensbruck.pl\/wp-content\/uploads\/2026\/03\/regulamin-VII-konkursu-plastycznego-Ravensbruck-2025-2026.pdf\" target=\"_blank\" rel=\"noreferrer noopener\">Regulamin konkursu<\/a><br><a href=\"https:\/\/www.rodzinaravensbruck.pl\/wp-content\/uploads\/2026\/03\/Klauzula-informacyjna.pdf\" target=\"_blank\" rel=\"noreferrer noopener\">Klauzula<\/a><\/p>\n","protected":false},"excerpt":{"rendered":"<p>Serdecznie zapraszamy na VII Og\u00f3lnopolski Konkurs Plastyczny\u00a0\u201eW kr\u0119gu poezji i prozy lagrowej wi\u0119\u017aniarek KL Ravensbr\u00fcck\u201d.Tematem prac ma by\u0107 do wyboru:plastyczna interpretacja wiersza poetek obozowych z KL Ravensbr\u00fcck,plastyczna interpretacja fragmentu prozy poobozowej KL Ravensbr\u00fcck,portret jednej z wi\u0119\u017aniarek KL Ravensbr\u00fcck.Konkurs organizowany jest w dw\u00f3ch kategoriach wiekowych:KATEGORIA I \u2013 uczniowie klas VII \u2013 VIII szk\u00f3\u0142 podstawowych,KATRGORIA II \u2013 &hellip; <\/p>\n<p class=\"link-more\"><a href=\"https:\/\/www.rodzinaravensbruck.pl\/index.php\/2026\/03\/13\/vii-ogolnopolski-konkurs-plastyczny-w-kregu-poezji-i-prozy-lagrowej-wiezniarek-kl-ravensbruck\/\" class=\"more-link\">Czytaj dalej<span class=\"screen-reader-text\"> \u201eVII Og\u00f3lnopolski Konkurs Plastyczny\u00a0\u201eW kr\u0119gu poezji i prozy lagrowej wi\u0119\u017aniarek KL Ravensbr\u00fcck\u201d\u201d<\/span><\/a><\/p>\n","protected":false},"author":1,"featured_media":5904,"comment_status":"closed","ping_status":"open","sticky":false,"template":"","format":"standard","meta":{"ngg_post_thumbnail":0,"footnotes":""},"categories":[4],"tags":[],"class_list":["post-5897","post","type-post","status-publish","format-standard","has-post-thumbnail","hentry","category-aktualnosci"],"_links":{"self":[{"href":"https:\/\/www.rodzinaravensbruck.pl\/index.php\/wp-json\/wp\/v2\/posts\/5897","targetHints":{"allow":["GET"]}}],"collection":[{"href":"https:\/\/www.rodzinaravensbruck.pl\/index.php\/wp-json\/wp\/v2\/posts"}],"about":[{"href":"https:\/\/www.rodzinaravensbruck.pl\/index.php\/wp-json\/wp\/v2\/types\/post"}],"author":[{"embeddable":true,"href":"https:\/\/www.rodzinaravensbruck.pl\/index.php\/wp-json\/wp\/v2\/users\/1"}],"replies":[{"embeddable":true,"href":"https:\/\/www.rodzinaravensbruck.pl\/index.php\/wp-json\/wp\/v2\/comments?post=5897"}],"version-history":[{"count":1,"href":"https:\/\/www.rodzinaravensbruck.pl\/index.php\/wp-json\/wp\/v2\/posts\/5897\/revisions"}],"predecessor-version":[{"id":5905,"href":"https:\/\/www.rodzinaravensbruck.pl\/index.php\/wp-json\/wp\/v2\/posts\/5897\/revisions\/5905"}],"wp:featuredmedia":[{"embeddable":true,"href":"https:\/\/www.rodzinaravensbruck.pl\/index.php\/wp-json\/wp\/v2\/media\/5904"}],"wp:attachment":[{"href":"https:\/\/www.rodzinaravensbruck.pl\/index.php\/wp-json\/wp\/v2\/media?parent=5897"}],"wp:term":[{"taxonomy":"category","embeddable":true,"href":"https:\/\/www.rodzinaravensbruck.pl\/index.php\/wp-json\/wp\/v2\/categories?post=5897"},{"taxonomy":"post_tag","embeddable":true,"href":"https:\/\/www.rodzinaravensbruck.pl\/index.php\/wp-json\/wp\/v2\/tags?post=5897"}],"curies":[{"name":"wp","href":"https:\/\/api.w.org\/{rel}","templated":true}]}}