{"id":5928,"date":"2026-04-04T17:17:35","date_gmt":"2026-04-04T15:17:35","guid":{"rendered":"https:\/\/www.rodzinaravensbruck.pl\/?p=5928"},"modified":"2026-04-04T22:36:34","modified_gmt":"2026-04-04T20:36:34","slug":"wesolych-swiat-wielkanocnych","status":"publish","type":"post","link":"https:\/\/www.rodzinaravensbruck.pl\/index.php\/2026\/04\/04\/wesolych-swiat-wielkanocnych\/","title":{"rendered":"Weso\u0142ych \u015awi\u0105t Wielkanocnych"},"content":{"rendered":"\n<p>Jest czas smutku bole\u015bci to czas Golgoty ale potem nastaje czas rado\u015bci I nadziei to czas Zmartwychwstania Pa\u0144skiego. I tak jest w \u017cyciu. Takie jest przes\u0142anie tych \u015awi\u0105t. \u017bycz\u0119 radosnych rodzinnych \u015awi\u0105t Wielkanocnych<br>El\u017cbieta Kuta &#8211; prezes<\/p>\n\n\n","protected":false},"excerpt":{"rendered":"<p>Jest czas smutku bole\u015bci to czas Golgoty ale potem nastaje czas rado\u015bci I nadziei to czas Zmartwychwstania Pa\u0144skiego. I tak jest w \u017cyciu. Takie jest przes\u0142anie tych \u015awi\u0105t. \u017bycz\u0119 radosnych rodzinnych \u015awi\u0105t WielkanocnychEl\u017cbieta Kuta &#8211; prezes<\/p>\n","protected":false},"author":1,"featured_media":5929,"comment_status":"closed","ping_status":"open","sticky":false,"template":"","format":"standard","meta":{"ngg_post_thumbnail":0,"footnotes":""},"categories":[4],"tags":[],"class_list":["post-5928","post","type-post","status-publish","format-standard","has-post-thumbnail","hentry","category-aktualnosci"],"_links":{"self":[{"href":"https:\/\/www.rodzinaravensbruck.pl\/index.php\/wp-json\/wp\/v2\/posts\/5928","targetHints":{"allow":["GET"]}}],"collection":[{"href":"https:\/\/www.rodzinaravensbruck.pl\/index.php\/wp-json\/wp\/v2\/posts"}],"about":[{"href":"https:\/\/www.rodzinaravensbruck.pl\/index.php\/wp-json\/wp\/v2\/types\/post"}],"author":[{"embeddable":true,"href":"https:\/\/www.rodzinaravensbruck.pl\/index.php\/wp-json\/wp\/v2\/users\/1"}],"replies":[{"embeddable":true,"href":"https:\/\/www.rodzinaravensbruck.pl\/index.php\/wp-json\/wp\/v2\/comments?post=5928"}],"version-history":[{"count":2,"href":"https:\/\/www.rodzinaravensbruck.pl\/index.php\/wp-json\/wp\/v2\/posts\/5928\/revisions"}],"predecessor-version":[{"id":5931,"href":"https:\/\/www.rodzinaravensbruck.pl\/index.php\/wp-json\/wp\/v2\/posts\/5928\/revisions\/5931"}],"wp:featuredmedia":[{"embeddable":true,"href":"https:\/\/www.rodzinaravensbruck.pl\/index.php\/wp-json\/wp\/v2\/media\/5929"}],"wp:attachment":[{"href":"https:\/\/www.rodzinaravensbruck.pl\/index.php\/wp-json\/wp\/v2\/media?parent=5928"}],"wp:term":[{"taxonomy":"category","embeddable":true,"href":"https:\/\/www.rodzinaravensbruck.pl\/index.php\/wp-json\/wp\/v2\/categories?post=5928"},{"taxonomy":"post_tag","embeddable":true,"href":"https:\/\/www.rodzinaravensbruck.pl\/index.php\/wp-json\/wp\/v2\/tags?post=5928"}],"curies":[{"name":"wp","href":"https:\/\/api.w.org\/{rel}","templated":true}]}}