{"id":659,"date":"2017-07-15T17:55:44","date_gmt":"2017-07-15T15:55:44","guid":{"rendered":"http:\/\/www.rodzinaravensbruck.pl\/?p=659"},"modified":"2025-01-27T17:33:28","modified_gmt":"2025-01-27T16:33:28","slug":"niezwykla-historia-sztandaru","status":"publish","type":"post","link":"https:\/\/www.rodzinaravensbruck.pl\/index.php\/2017\/07\/15\/niezwykla-historia-sztandaru\/","title":{"rendered":"Niezwyk\u0142a historia sztandaru"},"content":{"rendered":"<p>Sztandar 13-dru\u017cyny harcerskiej \u201ewi\u0119\u017aniem\u201d KL Ravensbr\u00fcck<br>Niezwyk\u0142e losy sztandaru 13 dru\u017cyny harcerek im. Zofii Wocalewskiej przy Pa\u0144stwowym gimnazjum i liceum im. Marii Sk\u0142odowskiej Curie na Pradze w Warszawie zosta\u0142y spisane przez Jadwig\u0119 Czajk\u0119, nauczycielk\u0119 i instruktork\u0119 ZHP i wydane w 2003 r.<!--more-->W corocznych mszach \u015bw. na Jasnej G\u00f3rze w kaplicy Matki Boskiej Cz\u0119stochowskiej, kt\u00f3re obywaj\u0105 si\u0119 w intencji \u017cyj\u0105cych i zmar\u0142ych by\u0142ych wi\u0119\u017aniarek kobiecego niemieckiego obozu koncentracyjnego Ravensbr\u00fcck, uczestniczy sztandar 13 dru\u017cyny harcerek. W ostatnim spotkaniu modlitewnym na Jasnej G\u00f3rze 29 kwietnia 2017 r. niesiony przez druhny Ew\u0119 J\u00f3\u017awiak i El\u017cbiet\u0119 Litwin-Staszewsk\u0105 przypomina\u0142 o swoich dramatycznych dziejach.<br>Sztandar powsta\u0142 przed II wojn\u0105 \u015bwiatow\u0105, projekt wykona\u0142a Jadwiga Lewakowska, by\u0142a harcerka, materia\u0142 pochodzi\u0142 z at\u0142asowej sukni \u015blubnej babci Krystyny Dexter, zosta\u0142 przekazany 13-tej dru\u017cynie 11 listopada 1938 r.<br>Jakie by\u0142y wojenne losy sztandaru 13 harcerskiej dru\u017cyny i w jaki spos\u00f3b trafi\u0142 do KL Ravensbr\u00fcck? W czasie wojny by\u0142 przechowywany w mieszkaniu Jadwigi Zanowej, dyrektorki szko\u0142y. Po Powstaniu Warszawskim, mieszkanie pani Zanowej przy ulicy Mazowieckiej (\u015ar\u00f3dmie\u015bcie-P\u00f3\u0142noc) zosta\u0142o zrabowane przez Niemc\u00f3w. Sztandar, jako zawini\u0105tko, trafi\u0142 z innymi zrabowanymi rzeczami do KL Ravensbr\u00fcck, gdzie zosta\u0142 przy segregowaniu odnaleziony przez wi\u0119\u017aniarki i przekazany J\u00f3zefie Kantor, dru\u017cynowej konspiracyjnej dru\u017cyny harcerskiej \u201eMury\u201d dzia\u0142aj\u0105cej w Ravensbr\u00fcck.<br>Po wojnie, w 1947 r. sztandar powr\u00f3ci\u0142 do 13-tej dru\u017cyny. Ostatecznym miejscem \u201espoczynku\u201d sztandaru jest Skarbiec Klasztoru na Jasnej G\u00f3rze \u2013 godne miejsce!<br>Wi\u0119cej o historii sztandaru w za\u0142\u0105czonym PDF.<br>El\u017cbieta Kuta<\/p>\n\n\n<div data-wp-interactive=\"core\/file\" class=\"wp-block-file\"><object data-wp-bind--hidden=\"!state.hasPdfPreview\" hidden class=\"wp-block-file__embed\" data=\"https:\/\/www.rodzinaravensbruck.pl\/wp-content\/uploads\/2017\/07\/Historia-sztandaru.pdf\" type=\"application\/pdf\" style=\"width:100%;height:600px\" aria-label=\"Osadzone z Historia sztandaru.\"><\/object><a id=\"wp-block-file--media-fa8cf3a6-927b-4f14-914a-eb044c0cdbb3\" href=\"https:\/\/www.rodzinaravensbruck.pl\/wp-content\/uploads\/2017\/07\/Historia-sztandaru.pdf\">Historia sztandaru<\/a><a href=\"https:\/\/www.rodzinaravensbruck.pl\/wp-content\/uploads\/2017\/07\/Historia-sztandaru.pdf\" class=\"wp-block-file__button wp-element-button\" download aria-describedby=\"wp-block-file--media-fa8cf3a6-927b-4f14-914a-eb044c0cdbb3\">Pobierz<\/a><\/div>\n\n\n\n<div data-wp-interactive=\"core\/file\" class=\"wp-block-file\"><object data-wp-bind--hidden=\"!state.hasPdfPreview\" hidden class=\"wp-block-file__embed\" data=\"https:\/\/www.rodzinaravensbruck.pl\/wp-content\/uploads\/2017\/07\/Sztandar-13-WD.pdf\" type=\"application\/pdf\" style=\"width:100%;height:600px\" aria-label=\"Osadzone z Sztandar 13 WD.\"><\/object><a id=\"wp-block-file--media-b8f039af-f93d-4d74-ab7e-a2cb4ad89a98\" href=\"https:\/\/www.rodzinaravensbruck.pl\/wp-content\/uploads\/2017\/07\/Sztandar-13-WD.pdf\">Sztandar 13 WD<\/a><a href=\"https:\/\/www.rodzinaravensbruck.pl\/wp-content\/uploads\/2017\/07\/Sztandar-13-WD.pdf\" class=\"wp-block-file__button wp-element-button\" download aria-describedby=\"wp-block-file--media-b8f039af-f93d-4d74-ab7e-a2cb4ad89a98\">Pobierz<\/a><\/div>\n","protected":false},"excerpt":{"rendered":"<p>Sztandar 13-dru\u017cyny harcerskiej \u201ewi\u0119\u017aniem\u201d KL Ravensbr\u00fcckNiezwyk\u0142e losy sztandaru 13 dru\u017cyny harcerek im. Zofii Wocalewskiej przy Pa\u0144stwowym gimnazjum i liceum im. Marii Sk\u0142odowskiej Curie na Pradze w Warszawie zosta\u0142y spisane przez Jadwig\u0119 Czajk\u0119, nauczycielk\u0119 i instruktork\u0119 ZHP i wydane w 2003 r.<\/p>\n","protected":false},"author":1,"featured_media":660,"comment_status":"closed","ping_status":"open","sticky":false,"template":"","format":"standard","meta":{"ngg_post_thumbnail":0,"footnotes":""},"categories":[27],"tags":[],"class_list":["post-659","post","type-post","status-publish","format-standard","has-post-thumbnail","hentry","category-wydarzenia"],"_links":{"self":[{"href":"https:\/\/www.rodzinaravensbruck.pl\/index.php\/wp-json\/wp\/v2\/posts\/659","targetHints":{"allow":["GET"]}}],"collection":[{"href":"https:\/\/www.rodzinaravensbruck.pl\/index.php\/wp-json\/wp\/v2\/posts"}],"about":[{"href":"https:\/\/www.rodzinaravensbruck.pl\/index.php\/wp-json\/wp\/v2\/types\/post"}],"author":[{"embeddable":true,"href":"https:\/\/www.rodzinaravensbruck.pl\/index.php\/wp-json\/wp\/v2\/users\/1"}],"replies":[{"embeddable":true,"href":"https:\/\/www.rodzinaravensbruck.pl\/index.php\/wp-json\/wp\/v2\/comments?post=659"}],"version-history":[{"count":3,"href":"https:\/\/www.rodzinaravensbruck.pl\/index.php\/wp-json\/wp\/v2\/posts\/659\/revisions"}],"predecessor-version":[{"id":4575,"href":"https:\/\/www.rodzinaravensbruck.pl\/index.php\/wp-json\/wp\/v2\/posts\/659\/revisions\/4575"}],"wp:featuredmedia":[{"embeddable":true,"href":"https:\/\/www.rodzinaravensbruck.pl\/index.php\/wp-json\/wp\/v2\/media\/660"}],"wp:attachment":[{"href":"https:\/\/www.rodzinaravensbruck.pl\/index.php\/wp-json\/wp\/v2\/media?parent=659"}],"wp:term":[{"taxonomy":"category","embeddable":true,"href":"https:\/\/www.rodzinaravensbruck.pl\/index.php\/wp-json\/wp\/v2\/categories?post=659"},{"taxonomy":"post_tag","embeddable":true,"href":"https:\/\/www.rodzinaravensbruck.pl\/index.php\/wp-json\/wp\/v2\/tags?post=659"}],"curies":[{"name":"wp","href":"https:\/\/api.w.org\/{rel}","templated":true}]}}