{"id":785,"date":"2017-10-01T19:23:19","date_gmt":"2017-10-01T17:23:19","guid":{"rendered":"http:\/\/www.rodzinaravensbruck.pl\/?p=785"},"modified":"2017-10-01T19:26:47","modified_gmt":"2017-10-01T17:26:47","slug":"refleksje-po-odwiedzeniu-wystawy","status":"publish","type":"post","link":"https:\/\/www.rodzinaravensbruck.pl\/index.php\/2017\/10\/01\/refleksje-po-odwiedzeniu-wystawy\/","title":{"rendered":"Refleksje po odwiedzeniu wystawy"},"content":{"rendered":"<p>Refleksje po odwiedzeniu wystawy \u201eKamienne \u015awiadectwo- w 70. Rocznic\u0119 wyw\u00f3zki mieszka\u0144c\u00f3w do oboz\u00f3w koncentracyjnych\u201d w siedzibie IPN w Krakowie \u201ePrzystanek Historia\u201d na ulicy Dunajewskiego.<!--more--><br \/>\nW pi\u0105tkowe wrze\u015bniowe, s\u0142oneczne po\u0142udnie odwiedzi\u0142am wystaw\u0119 po\u015bwi\u0119con\u0105 pami\u0119ci mieszka\u0144c\u00f3w Podlaskiego Tykocina wywiezionych w 1944 roku do oboz\u00f3w koncentracyjnych. Kobiety i dzieci zosta\u0142y wywiezione do KL Ravensbr\u00fcck. Spodziewa\u0142am si\u0119 w\u015br\u00f3d odwiedzaj\u0105cych m\u0142odzie\u017cy szkolnej z nauczycielami historii. Nie by\u0142o nikogo. Sta\u0142am w holu i patrzy\u0142am na te twarze zastyg\u0142e na plakatach, stara\u0142am si\u0119 odczyta\u0107 \u015bwiadectwa tych, kt\u00f3rzy prze\u017cyli ale to by\u0142o niemo\u017cliwe, bo plakaty by\u0142y zawieszone wysoko i nie spos\u00f3b by\u0142o odczyta\u0107 spisane historie. Nikt z organizator\u00f3w wystawy nie podszed\u0142 do mnie aby chocia\u017c powiedzie\u0107 kilka s\u0142\u00f3w. M\u0142oda kobieta sprzedaj\u0105ca ksi\u0105\u017cki w ma\u0142ej ksi\u0119garni z publikacjami IPN na moje pytanie czy wiele go\u015bci odwiedza wystaw\u0119 odpowiedzia\u0142a lakonicznie \u017ce pojedyncze osoby, a dzisiaj pi\u0105tek wi\u0119c nie ma nikogo. A m\u0142odzie\u017c szkolna z nauczycielami? Nie ma takiego zainteresowania, odpowiedzia\u0142a.<br \/>\nPytam czy to mo\u017cliwe, aby organizowa\u0107 wystaw\u0119 dokumentuj\u0105c\u0105 tak dramatyczne wydarzenia, o kt\u00f3rych z ca\u0142\u0105 pewno\u015bci\u0105 m\u0142odzie\u017c nie wie, przywozi\u0107 materia\u0142y z dalekiego Tykocina i nie zainteresowa\u0107 szk\u00f3\u0142 i m\u0142odzie\u017cy? Chyba, \u017ce to szko\u0142y nie s\u0105 zainteresowane odkrywaniem nieznanych historii II Wojny \u015awiatowej.<br \/>\nEl\u017cbieta Kuta, Krak\u00f3w 29 wrze\u015bnia 2017 r.<\/p>\n<div id=\"grid-gallery-14-16941\" data-gg-id=\"14\" data-title=\"Wystawa\" data-grid-type=\"2\" data-offset=\"5.3\" data-area-position=\"center\" data-icons=\"\" data-preloader=\"true\" data-width=\"auto\" data-height=\"215\" data-padding=\"0\" data-quicksand=\"disabled\" data-quicksand-duration=\"none\" data-popup-theme=\"theme_6\" data-popup-type=\"pretty-photo\" data-popup-image-text=\"data-description\" data-popup-widthsize=\"auto\" data-popup-heightsize=\"auto\" data-popup-i18n-words=\"{&quot;close&quot;:&quot;close&quot;,&quot;next&quot;:&quot;next&quot;,&quot;previous&quot;:&quot;previous&quot;,&quot;start_slideshow&quot;:&quot;start slideshow&quot;,&quot;stop_slideshow&quot;:&quot;stop slideshow&quot;,&quot;image&quot;:&quot;image&quot;,&quot;of&quot;:&quot;of&quot;,&quot;prev&quot;:&quot;prev&quot;,&quot;cExpand&quot;:&quot;Expand&quot;,&quot;cPrevious&quot;:&quot;Previous&quot;,&quot;cNext&quot;:&quot;Next&quot;,&quot;cExpandStr&quot;:&quot;Expand the image&quot;,&quot;cRotate&quot;:&quot;Rotate&quot;,&quot;cDetails&quot;:&quot;Details&quot;}\" data-popup-slideshow=\"false\" data-popup-slideshow-speed=\"2500\" data-popup-hoverstop=\"false\" data-popup-slideshow-auto=\"false\" data-popup-background=\"\" data-popup-transparency=\"30\" data-popup-disable-history=\"\" data-popup-disable-changed-url=\"\" data-popup-border-type=\"\" data-popup-border-color=\"\" data-popup-border-width=\"\" data-popup-border-enable=\"\" data-fullscreen=\"false\" data-hide-tooltip=\"false\" data-caption-font-family=\"Default\" data-caption-text-size=\"140\" data-is-mobile=\"0\" data-caption-mobile=\"false\" data-hide-long-tltp-title=\"0\" data-caption-disabled-on-mobile=\"false\" data-popup-placement-type=\"0\" data-social-sharing=\"{&quot;enabled&quot;:&quot;&quot;,&quot;gallerySharing&quot;:{&quot;enabled&quot;:null,&quot;position&quot;:null},&quot;imageSharing&quot;:{&quot;enabled&quot;:null,&quot;wrapperClass&quot;:&quot; vertical &quot;},&quot;popupSharing&quot;:{&quot;enabled&quot;:null,&quot;wrapperClass&quot;:&quot; vertical &quot;}}\" class=\"grid-gallery grid-gallery-fixed \" style=\" width:100%; height:auto; margin-left:auto; margin-right:auto;position:relative;\"> <div class=\"gallery-loading\"> <div class=\"blocks\"> <div class=\"block\"><\/div> <div class=\"block\"><\/div> <div class=\"block\"><\/div> <div class=\"block\"><\/div> <\/div> <\/div> <div class=\"gallery-sharing-top\" style=\"display:none;\"> <\/div> <div id=\"photos-14\" class=\"grid-gallery-photos\"><FIGURE class=\"grid-gallery-caption\" data-grid-gallery-type=\"quarter-two-step\" data-index=\"0\" style=\"display:none;border-radius:200;; margin:2.65px; height:2150; width:auto;\" ><div class=\"crop\" style=\"\"><img decoding=\"async\" src=\"http:\/\/www.rodzinaravensbruck.pl\/wp-content\/uploads\/2017\/10\/IPN_Przystanek-Historia-287x215.jpg\" class=\"ggImg ggNotInitImg\" alt=\"IPN_Przystanek Historia\" title=\"IPN_Przystanek Historia\" data-description=\"IPN_Przystanek Historia\" data-caption=\"IPN_Przystanek Historia\" data-title=\"IPN_Przystanek Historia\" style=\" height:215px; width:auto;\" \/><\/div><FIGCAPTION class=\"\" data-alpha=\"5\" style=\"color:#ffffff; background-color:#0c0000; font-size:140; text-align:left; font-family:Default;\" ><div class=\"grid-gallery-figcaption-wrap\" style=\"\"><\/div><\/FIGCAPTION><\/FIGURE><FIGURE class=\"grid-gallery-caption\" data-grid-gallery-type=\"quarter-two-step\" data-index=\"1\" style=\"display:none;border-radius:200;; margin:2.65px; height:2150; width:auto;\" ><div class=\"crop\" style=\"\"><img decoding=\"async\" src=\"http:\/\/www.rodzinaravensbruck.pl\/wp-content\/uploads\/2017\/10\/IPN_Przystanek-Historia_Krakow-287x215.jpg\" class=\"ggImg ggNotInitImg\" alt=\"IPN_Przystanek Historia_Krakow\" title=\"IPN_Przystanek Historia_Krakow\" data-description=\"IPN_Przystanek Historia_Krakow\" data-caption=\"IPN_Przystanek Historia_Krakow\" data-title=\"IPN_Przystanek Historia_Krakow\" style=\" height:215px; width:auto;\" \/><\/div><FIGCAPTION class=\"\" data-alpha=\"5\" style=\"color:#ffffff; background-color:#0c0000; font-size:140; text-align:left; font-family:Default;\" ><div class=\"grid-gallery-figcaption-wrap\" style=\"\"><\/div><\/FIGCAPTION><\/FIGURE><FIGURE class=\"grid-gallery-caption\" data-grid-gallery-type=\"quarter-two-step\" data-index=\"2\" style=\"display:none;border-radius:200;; margin:2.65px; height:2150; width:auto;\" ><div class=\"crop\" style=\"\"><img decoding=\"async\" src=\"http:\/\/www.rodzinaravensbruck.pl\/wp-content\/uploads\/2017\/10\/Kamienne-\u015awiadectwo-287x215.jpg\" class=\"ggImg ggNotInitImg\" alt=\"Kamienne \u015awiadectwo\" title=\"Kamienne \u015awiadectwo\" data-description=\"Kamienne \u015awiadectwo\" data-caption=\"Kamienne \u015awiadectwo\" data-title=\"Kamienne \u015awiadectwo\" style=\" height:215px; width:auto;\" \/><\/div><FIGCAPTION class=\"\" data-alpha=\"5\" style=\"color:#ffffff; background-color:#0c0000; font-size:140; text-align:left; font-family:Default;\" ><div class=\"grid-gallery-figcaption-wrap\" style=\"\"><\/div><\/FIGCAPTION><\/FIGURE><FIGURE class=\"grid-gallery-caption\" data-grid-gallery-type=\"quarter-two-step\" data-index=\"3\" style=\"display:none;border-radius:200;; margin:2.65px; height:2150; width:auto;\" ><div class=\"crop\" style=\"\"><img decoding=\"async\" src=\"http:\/\/www.rodzinaravensbruck.pl\/wp-content\/uploads\/2017\/10\/Przystanek-Historia-Wystawa-287x215.jpg\" class=\"ggImg ggNotInitImg\" alt=\"Przystanek Historia-Wystawa\" title=\"Przystanek Historia-Wystawa\" data-description=\"Przystanek Historia-Wystawa\" data-caption=\"Przystanek Historia-Wystawa\" data-title=\"Przystanek Historia-Wystawa\" style=\" height:215px; width:auto;\" \/><\/div><FIGCAPTION class=\"\" data-alpha=\"5\" style=\"color:#ffffff; background-color:#0c0000; font-size:140; text-align:left; font-family:Default;\" ><div class=\"grid-gallery-figcaption-wrap\" style=\"\"><\/div><\/FIGCAPTION><\/FIGURE><FIGURE class=\"grid-gallery-caption\" data-grid-gallery-type=\"quarter-two-step\" data-index=\"4\" style=\"display:none;border-radius:200;; margin:2.65px; height:2150; width:auto;\" ><div class=\"crop\" style=\"\"><img decoding=\"async\" src=\"http:\/\/www.rodzinaravensbruck.pl\/wp-content\/uploads\/2017\/10\/Wystawa-IPNKrak\u00f3w-287x215.jpg\" class=\"ggImg ggNotInitImg\" alt=\"Wystawa IPN=Krak\u00f3w\" title=\"Wystawa IPN=Krak\u00f3w\" data-description=\"Wystawa IPN=Krak\u00f3w\" data-caption=\"Wystawa IPN=Krak\u00f3w\" data-title=\"Wystawa IPN=Krak\u00f3w\" style=\" height:215px; width:auto;\" \/><\/div><FIGCAPTION class=\"\" data-alpha=\"5\" style=\"color:#ffffff; background-color:#0c0000; font-size:140; text-align:left; font-family:Default;\" ><div class=\"grid-gallery-figcaption-wrap\" style=\"\"><\/div><\/FIGCAPTION><\/FIGURE><FIGURE class=\"grid-gallery-caption\" data-grid-gallery-type=\"quarter-two-step\" data-index=\"5\" style=\"display:none;border-radius:200;; margin:2.65px; height:2150; width:auto;\" ><div class=\"crop\" style=\"\"><img decoding=\"async\" src=\"http:\/\/www.rodzinaravensbruck.pl\/wp-content\/uploads\/2017\/10\/Wystawa-IPN-Krak\u00f3w-287x215.jpg\" class=\"ggImg ggNotInitImg\" alt=\"Wystawa IPN-Krak\u00f3w\" title=\"Wystawa IPN-Krak\u00f3w\" data-description=\"Wystawa IPN-Krak\u00f3w\" data-caption=\"Wystawa IPN-Krak\u00f3w\" data-title=\"Wystawa IPN-Krak\u00f3w\" style=\" height:215px; width:auto;\" \/><\/div><FIGCAPTION class=\"\" data-alpha=\"5\" style=\"color:#ffffff; background-color:#0c0000; font-size:140; text-align:left; font-family:Default;\" ><div class=\"grid-gallery-figcaption-wrap\" style=\"\"><\/div><\/FIGCAPTION><\/FIGURE><FIGURE class=\"grid-gallery-caption\" data-grid-gallery-type=\"quarter-two-step\" data-index=\"6\" style=\"display:none;border-radius:200;; margin:2.65px; height:2150; width:auto;\" ><div class=\"crop\" style=\"\"><img decoding=\"async\" src=\"http:\/\/www.rodzinaravensbruck.pl\/wp-content\/uploads\/2017\/10\/Wystawa-IPN-Krak\u00f3w4-287x215.jpg\" class=\"ggImg ggNotInitImg\" alt=\"Wystawa IPN-Krak\u00f3w4\" title=\"Wystawa IPN-Krak\u00f3w4\" data-description=\"Wystawa IPN-Krak\u00f3w4\" data-caption=\"Wystawa IPN-Krak\u00f3w4\" data-title=\"Wystawa IPN-Krak\u00f3w4\" style=\" height:215px; width:auto;\" \/><\/div><FIGCAPTION class=\"\" data-alpha=\"5\" style=\"color:#ffffff; background-color:#0c0000; font-size:140; text-align:left; font-family:Default;\" ><div class=\"grid-gallery-figcaption-wrap\" style=\"\"><\/div><\/FIGCAPTION><\/FIGURE><FIGURE class=\"grid-gallery-caption\" data-grid-gallery-type=\"quarter-two-step\" data-index=\"7\" style=\"display:none;border-radius:200;; margin:2.65px; height:2150; width:auto;\" ><div class=\"crop\" style=\"\"><img decoding=\"async\" src=\"http:\/\/www.rodzinaravensbruck.pl\/wp-content\/uploads\/2017\/10\/Wystawa-IPN-Krak\u00f3w5-287x215.jpg\" class=\"ggImg ggNotInitImg\" alt=\"Wystawa IPN-Krak\u00f3w5\" title=\"Wystawa IPN-Krak\u00f3w5\" data-description=\"Wystawa IPN-Krak\u00f3w5\" data-caption=\"Wystawa IPN-Krak\u00f3w5\" data-title=\"Wystawa IPN-Krak\u00f3w5\" style=\" height:215px; width:auto;\" \/><\/div><FIGCAPTION class=\"\" data-alpha=\"5\" style=\"color:#ffffff; background-color:#0c0000; font-size:140; text-align:left; font-family:Default;\" ><div class=\"grid-gallery-figcaption-wrap\" style=\"\"><\/div><\/FIGCAPTION><\/FIGURE><FIGURE class=\"grid-gallery-caption\" data-grid-gallery-type=\"quarter-two-step\" data-index=\"8\" style=\"display:none;border-radius:200;; margin:2.65px; height:2150; width:auto;\" ><div class=\"crop\" style=\"\"><img decoding=\"async\" src=\"http:\/\/www.rodzinaravensbruck.pl\/wp-content\/uploads\/2017\/10\/Wystawa-w-IPN-Krak\u00f3w1-287x215.jpg\" class=\"ggImg ggNotInitImg\" alt=\"Wystawa w IPN- Krak\u00f3w1\" title=\"Wystawa w IPN- Krak\u00f3w1\" data-description=\"Wystawa w IPN- Krak\u00f3w1\" data-caption=\"Wystawa w IPN- Krak\u00f3w1\" data-title=\"Wystawa w IPN- Krak\u00f3w1\" style=\" height:215px; width:auto;\" \/><\/div><FIGCAPTION class=\"\" data-alpha=\"5\" style=\"color:#ffffff; background-color:#0c0000; font-size:140; text-align:left; font-family:Default;\" ><div class=\"grid-gallery-figcaption-wrap\" style=\"\"><\/div><\/FIGCAPTION><\/FIGURE><FIGURE class=\"grid-gallery-caption\" data-grid-gallery-type=\"quarter-two-step\" data-index=\"9\" style=\"display:none;border-radius:200;; margin:2.65px; height:2150; width:auto;\" ><div class=\"crop\" style=\"\"><img decoding=\"async\" src=\"http:\/\/www.rodzinaravensbruck.pl\/wp-content\/uploads\/2017\/10\/Wystawa-w-IPN_Krak\u00f3w2-287x215.jpg\" class=\"ggImg ggNotInitImg\" alt=\"Wystawa w IPN_Krak\u00f3w2\" title=\"Wystawa w IPN_Krak\u00f3w2\" data-description=\"Wystawa w IPN_Krak\u00f3w2\" data-caption=\"Wystawa w IPN_Krak\u00f3w2\" data-title=\"Wystawa w IPN_Krak\u00f3w2\" style=\" height:215px; width:auto;\" \/><\/div><FIGCAPTION class=\"\" data-alpha=\"5\" style=\"color:#ffffff; background-color:#0c0000; font-size:140; text-align:left; font-family:Default;\" ><div class=\"grid-gallery-figcaption-wrap\" style=\"\"><\/div><\/FIGCAPTION><\/FIGURE> <div class=\"grid-gallery-clearfix\"><\/div> <\/div> <div class=\"gallery-sharing-bottom\" style=\"display:none;\"> <\/div> <div class=\"gallery-sharing-image\" style=\"display:none;\"> <\/div> <div class=\"gallery-sharing-popup\" style=\"display:none;\"> <\/div> <div class=\"grid-gallery-clearfix\"><\/div> <\/div> <!-- Gallery by Supsystic plugin1.16.0 --><a title=\"WordPress Image Gallery Plugin\" style=\"display:none;\" href=\"https:\/\/supsystic.com\/plugins\/photo-gallery\/?utm_medium=love_link\" target=\"_blank\">WordPress Image Gallery Plugin<\/a>\n","protected":false},"excerpt":{"rendered":"<p>Refleksje po odwiedzeniu wystawy \u201eKamienne \u015awiadectwo- w 70. Rocznic\u0119 wyw\u00f3zki mieszka\u0144c\u00f3w do oboz\u00f3w koncentracyjnych\u201d w siedzibie IPN w Krakowie \u201ePrzystanek Historia\u201d na ulicy Dunajewskiego.<\/p>\n","protected":false},"author":1,"featured_media":790,"comment_status":"closed","ping_status":"open","sticky":false,"template":"","format":"standard","meta":{"ngg_post_thumbnail":0,"footnotes":""},"categories":[4],"tags":[],"class_list":["post-785","post","type-post","status-publish","format-standard","has-post-thumbnail","hentry","category-aktualnosci"],"_links":{"self":[{"href":"https:\/\/www.rodzinaravensbruck.pl\/index.php\/wp-json\/wp\/v2\/posts\/785","targetHints":{"allow":["GET"]}}],"collection":[{"href":"https:\/\/www.rodzinaravensbruck.pl\/index.php\/wp-json\/wp\/v2\/posts"}],"about":[{"href":"https:\/\/www.rodzinaravensbruck.pl\/index.php\/wp-json\/wp\/v2\/types\/post"}],"author":[{"embeddable":true,"href":"https:\/\/www.rodzinaravensbruck.pl\/index.php\/wp-json\/wp\/v2\/users\/1"}],"replies":[{"embeddable":true,"href":"https:\/\/www.rodzinaravensbruck.pl\/index.php\/wp-json\/wp\/v2\/comments?post=785"}],"version-history":[{"count":2,"href":"https:\/\/www.rodzinaravensbruck.pl\/index.php\/wp-json\/wp\/v2\/posts\/785\/revisions"}],"predecessor-version":[{"id":797,"href":"https:\/\/www.rodzinaravensbruck.pl\/index.php\/wp-json\/wp\/v2\/posts\/785\/revisions\/797"}],"wp:featuredmedia":[{"embeddable":true,"href":"https:\/\/www.rodzinaravensbruck.pl\/index.php\/wp-json\/wp\/v2\/media\/790"}],"wp:attachment":[{"href":"https:\/\/www.rodzinaravensbruck.pl\/index.php\/wp-json\/wp\/v2\/media?parent=785"}],"wp:term":[{"taxonomy":"category","embeddable":true,"href":"https:\/\/www.rodzinaravensbruck.pl\/index.php\/wp-json\/wp\/v2\/categories?post=785"},{"taxonomy":"post_tag","embeddable":true,"href":"https:\/\/www.rodzinaravensbruck.pl\/index.php\/wp-json\/wp\/v2\/tags?post=785"}],"curies":[{"name":"wp","href":"https:\/\/api.w.org\/{rel}","templated":true}]}}