{"id":809,"date":"2017-10-16T17:46:54","date_gmt":"2017-10-16T15:46:54","guid":{"rendered":"http:\/\/www.rodzinaravensbruck.pl\/?p=809"},"modified":"2017-10-16T17:46:54","modified_gmt":"2017-10-16T15:46:54","slug":"iv-ogolnopolskim-konkursie-recytatorski","status":"publish","type":"post","link":"https:\/\/www.rodzinaravensbruck.pl\/index.php\/2017\/10\/16\/iv-ogolnopolskim-konkursie-recytatorski\/","title":{"rendered":"IV og\u00f3lnopolskim konkursie recytatorski"},"content":{"rendered":"<p>Zapraszamy do wzi\u0119cia udzia\u0142u w<br \/>\nIV og\u00f3lnopolskim konkursie recytatorskim:<br \/>\n\u201eW kr\u0119gu poezji i prozy lagrowej wi\u0119\u017aniarek KL Ravensbr\u00fcck&#8221;<br \/>\n<!--more-->Organizatorami Konkursu s\u0105 Instytut Pami\u0119ci Narodowej, Stowarzyszenie \u201eRodzina Wi\u0119\u017aniarek Niemieckiego Obozu Koncentracyjnego Ravensbr\u00fcck\u201d oraz Miasto Ruda \u015al\u0105ska.<br \/>\nKonkurs skierowany jest do uczni\u00f3w klas VII szk\u00f3\u0142 podstawowych, szk\u00f3\u0142 gimnazjalnych i ponadgimnazjalnych. Jest sposobem na oddanie ho\u0142du ofiarom zamordowanym w niemieckim, nazistowskim KL Ravensbr\u00fcck oraz ocala\u0142ym, by\u0142ym wi\u0119\u017aniarkom obozu. Jak m\u00f3wi Maria Lorens, pomys\u0142odawczyni konkursu oraz c\u00f3rka by\u0142ej wi\u0119\u017aniarki KL Ravensbr\u00fcck Katarzyny Matei &#8211; Je\u015bli echo ich g\u0142os\u00f3w zamilknie, zginiemy.<br \/>\nInformacje o konkursie na stronie: <a href=\"http:\/\/www.pamiec.pl\/pa\/edukacja\/konkursy\/ogolnopolskie\/w-kregu-poezji-lagrowej\/17156,IV-ogolnopolski-konkurs-recytatorski-W-kregu-poezji-i-prozy-lagrowej-wiezniarek-.html\" target=\"_blank\" rel=\"noopener noreferrer\">http:\/\/www.pamiec.pl\/pa\/edukacja\/konkursy\/ogolnopolskie\/w-kregu-poezji-lagrowej\/17156,IV-ogolnopolski-konkurs-recytatorski-W-kregu-poezji-i-prozy-lagrowej-wiezniarek-.html<\/a><\/p>\n","protected":false},"excerpt":{"rendered":"<p>Zapraszamy do wzi\u0119cia udzia\u0142u w IV og\u00f3lnopolskim konkursie recytatorskim: \u201eW kr\u0119gu poezji i prozy lagrowej wi\u0119\u017aniarek KL Ravensbr\u00fcck&#8221;<\/p>\n","protected":false},"author":1,"featured_media":811,"comment_status":"closed","ping_status":"open","sticky":false,"template":"","format":"standard","meta":{"ngg_post_thumbnail":0,"footnotes":""},"categories":[4],"tags":[],"class_list":["post-809","post","type-post","status-publish","format-standard","has-post-thumbnail","hentry","category-aktualnosci"],"_links":{"self":[{"href":"https:\/\/www.rodzinaravensbruck.pl\/index.php\/wp-json\/wp\/v2\/posts\/809","targetHints":{"allow":["GET"]}}],"collection":[{"href":"https:\/\/www.rodzinaravensbruck.pl\/index.php\/wp-json\/wp\/v2\/posts"}],"about":[{"href":"https:\/\/www.rodzinaravensbruck.pl\/index.php\/wp-json\/wp\/v2\/types\/post"}],"author":[{"embeddable":true,"href":"https:\/\/www.rodzinaravensbruck.pl\/index.php\/wp-json\/wp\/v2\/users\/1"}],"replies":[{"embeddable":true,"href":"https:\/\/www.rodzinaravensbruck.pl\/index.php\/wp-json\/wp\/v2\/comments?post=809"}],"version-history":[{"count":1,"href":"https:\/\/www.rodzinaravensbruck.pl\/index.php\/wp-json\/wp\/v2\/posts\/809\/revisions"}],"predecessor-version":[{"id":812,"href":"https:\/\/www.rodzinaravensbruck.pl\/index.php\/wp-json\/wp\/v2\/posts\/809\/revisions\/812"}],"wp:featuredmedia":[{"embeddable":true,"href":"https:\/\/www.rodzinaravensbruck.pl\/index.php\/wp-json\/wp\/v2\/media\/811"}],"wp:attachment":[{"href":"https:\/\/www.rodzinaravensbruck.pl\/index.php\/wp-json\/wp\/v2\/media?parent=809"}],"wp:term":[{"taxonomy":"category","embeddable":true,"href":"https:\/\/www.rodzinaravensbruck.pl\/index.php\/wp-json\/wp\/v2\/categories?post=809"},{"taxonomy":"post_tag","embeddable":true,"href":"https:\/\/www.rodzinaravensbruck.pl\/index.php\/wp-json\/wp\/v2\/tags?post=809"}],"curies":[{"name":"wp","href":"https:\/\/api.w.org\/{rel}","templated":true}]}}