{"id":813,"date":"2017-10-19T11:12:21","date_gmt":"2017-10-19T09:12:21","guid":{"rendered":"http:\/\/www.rodzinaravensbruck.pl\/?p=813"},"modified":"2017-10-19T11:13:23","modified_gmt":"2017-10-19T09:13:23","slug":"pole-rozowych-tulipanow","status":"publish","type":"post","link":"https:\/\/www.rodzinaravensbruck.pl\/index.php\/2017\/10\/19\/pole-rozowych-tulipanow\/","title":{"rendered":"Pole r\u00f3\u017cowych tulipan\u00f3w"},"content":{"rendered":"<p>Pole r\u00f3\u017cowych tulipan\u00f3w zakwitnie na wiosn\u0119 2018 r. na zbiorowej mogile 43 kobiet \u2013 wi\u0119\u017aniarek KL Ravensbr\u00fcck \u2013\u00a0 pochowanych na cmentarzu w Neubrandeburgu<!--more--><br \/>\n17 pa\u017adziernika 2017 r. Pan Arkadiusz Szlachetko, kt\u00f3ry odnalaz\u0142 na cmentarzu w Neubrandenburgu miejsce poch\u00f3wku swojej prababci Marii Ratajczak, ponownie odwiedzi\u0142 cmentarz w Neubrandenburgu aby zasadzi\u0107 100 cebul r\u00f3\u017cowych tulipan\u00f3w na miejscu poch\u00f3wku 43 Polek, kt\u00f3re zosta\u0142y przeniesione z KL Ravensbr\u00fcck do filii obozu w Neubrandnburgu w latach 1944-1945.<br \/>\nWed\u0142ug relacji Pana Szlachetki na miejsce przyby\u0142 burmistrz miasta, kt\u00f3ry zapewni\u0142 \u017ce zostanie postawiona tablica z nazwiskami kobiet, bo \u201ejako nar\u00f3d Niemcy to winni s\u0105 tym kobietom aby nie spoczywa\u0142y w bezimiennym grobie za to co przesz\u0142y\u201d.<br \/>\nPan Szlachetko zwr\u00f3ci\u0142 si\u0119 do Rady Pami\u0119ci Walk i M\u0119cze\u0144stwa z pro\u015bb\u0105 aby na tej tablicy opr\u00f3cz nazwisk znalaz\u0142 si\u0119 te\u017c napis w j\u0119zyku polskim. Zosta\u0142 zapewniony, \u017ce Polski Konsulat w Niemczech skontaktuje si\u0119 z w\u0142adzami Neubrandenburga w sprawie tablicy jak i organizacji uroczysto\u015bci 8 marca, mam nadziej\u0119 \u017ce spotkamy si\u0119 tam wszyscy razem.<br \/>\nR\u00f3\u017cowe tulipany jak ob\u0142oki na niebie nad Ich g\u0142owami, jak wspomnienia dzieci\u0144stwa i matczynej mi\u0142o\u015bci, jak marzenia o czu\u0142o\u015bci, kt\u00f3rej pragn\u0119\u0142y zamkni\u0119te w okrutnym obozowym \u015bwiecie.<br \/>\nSzukamy rodzin wi\u0119\u017aniarek, kt\u00f3rych prochy znajduj\u0105 si\u0119 na cmentarzu w Neubrandenburgu. Prosimy o sprawdzenie na zamieszczonej li\u015bcie, czy nie znajduj\u0105 si\u0119 nazwiska wi\u0119\u017aniarek z pa\u0144stwa rodzin. Brakuje informacji o imionach wielu kobiet. Prosimy o pomoc w skompletowaniu tej listy aby nazwiska w pe\u0142nym brzmieniu mog\u0142y znale\u017a\u0107 si\u0119 na tablicy na cmentarzu w Neubrandenburgu.<br \/>\nEl\u017cbieta Kuta<br \/>\nLista kobiet, kt\u00f3rych prochy zosta\u0142y pochowane w zbiorowej mogile na cmentarzu\u00a0 Neubrandenburgu<\/p>\n<table width=\"0\">\n<tbody>\n<tr>\n<td width=\"78\"><strong>Numer obozowy<\/strong><\/td>\n<td width=\"94\"><strong>Nazwisko<\/strong><\/td>\n<td width=\"67\"><strong>Imi\u0119<\/strong><\/td>\n<td width=\"75\"><strong>Nazwisko<\/strong><\/p>\n<p><strong>\u00a0panie\u0144skie<\/strong><\/td>\n<td width=\"76\"><strong>Data <\/strong><\/p>\n<p><strong>urodzenia<\/strong><\/td>\n<td width=\"95\"><strong>Data przybycia <\/strong><\/p>\n<p><strong>do obozu<\/strong><\/td>\n<td width=\"76\"><strong>Miejsce wywozu<\/strong><\/td>\n<td width=\"76\"><strong>Data <\/strong><\/p>\n<p><strong>\u015bmierci<\/strong><\/td>\n<\/tr>\n<tr>\n<td width=\"78\">8877<\/td>\n<td width=\"94\">Szmigielska<\/td>\n<td width=\"67\"><\/td>\n<td width=\"75\"><\/td>\n<td width=\"76\"><\/td>\n<td width=\"95\"><\/td>\n<td width=\"76\"><\/td>\n<td width=\"76\">1945-02-19<\/td>\n<\/tr>\n<tr>\n<td width=\"78\">12360<\/td>\n<td width=\"94\">Tomaszewska<\/td>\n<td width=\"67\">Katharine<\/td>\n<td width=\"75\"><\/td>\n<td width=\"76\">01.04.1898<\/td>\n<td width=\"95\">1942-07-04<\/td>\n<td width=\"76\">Poznan<\/td>\n<td width=\"76\">1945-03-23<\/td>\n<\/tr>\n<tr>\n<td width=\"78\">13704<\/td>\n<td width=\"94\">Kieza<\/td>\n<td width=\"67\">Helene<\/td>\n<td width=\"75\"><\/td>\n<td width=\"76\">1919-12-10<\/td>\n<td width=\"95\">1942-09-09<\/td>\n<td width=\"76\">Warschau<\/td>\n<td width=\"76\">1945-04-07<\/td>\n<\/tr>\n<tr>\n<td width=\"78\">20428<\/td>\n<td width=\"94\">Hujwanowna<\/td>\n<td width=\"67\">Aniela<\/td>\n<td width=\"75\"><\/td>\n<td width=\"76\">05.04.1897<\/td>\n<td width=\"95\">1943-06-17<\/td>\n<td width=\"76\">Leipzig<\/td>\n<td width=\"76\">1945-01-06<\/td>\n<\/tr>\n<tr>\n<td width=\"78\">30492<\/td>\n<td width=\"94\">Piech<\/td>\n<td width=\"67\">Teofila<\/td>\n<td width=\"75\">Paprecka<\/td>\n<td width=\"76\">1905-06-27<\/td>\n<td width=\"95\">1944-03-10<\/td>\n<td width=\"76\">Warschau<\/td>\n<td width=\"76\">1945-03-17<\/td>\n<\/tr>\n<tr>\n<td width=\"78\">30887<\/td>\n<td width=\"94\">Bernasiewicz<\/td>\n<td width=\"67\">Antonina<\/td>\n<td width=\"75\">Lignar<\/td>\n<td width=\"76\">29.02.1896<\/td>\n<td width=\"95\">1944-03-13<\/td>\n<td width=\"76\"><\/td>\n<td width=\"76\">1945-04-14<\/td>\n<\/tr>\n<tr>\n<td width=\"78\">34338<\/td>\n<td width=\"94\">Ignaszek<\/td>\n<td width=\"67\">Florence<\/td>\n<td width=\"75\">Hurtwig<\/td>\n<td width=\"76\">04.02.1902<\/td>\n<td width=\"95\"><\/td>\n<td width=\"76\"><\/td>\n<td width=\"76\">1944-12-08<\/td>\n<\/tr>\n<tr>\n<td width=\"78\">36444<\/td>\n<td width=\"94\">Iskra<\/td>\n<td width=\"67\">Wiktoria<\/td>\n<td width=\"75\"><\/td>\n<td width=\"76\">07.10.1889<\/td>\n<td width=\"95\"><\/td>\n<td width=\"76\"><\/td>\n<td width=\"76\">1945-03-05<\/td>\n<\/tr>\n<tr>\n<td width=\"78\">37364<\/td>\n<td width=\"94\">Podoroga<\/td>\n<td width=\"67\">Alexandra<\/td>\n<td width=\"75\"><\/td>\n<td width=\"76\">__.__.1922<\/td>\n<td width=\"95\"><\/td>\n<td width=\"76\"><\/td>\n<td width=\"76\">1944-12-27<\/td>\n<\/tr>\n<tr>\n<td width=\"78\">38123<\/td>\n<td width=\"94\">Chlebosz<\/td>\n<td width=\"67\">Stanis\u0142wa<\/td>\n<td width=\"75\"><\/td>\n<td width=\"76\"><\/td>\n<td width=\"95\">06-02-1945<\/td>\n<td width=\"76\"><\/td>\n<td width=\"76\">1945-02-12<\/td>\n<\/tr>\n<tr>\n<td width=\"78\">39753<\/td>\n<td width=\"94\">Wrzosek<\/td>\n<td width=\"67\">J\u00f3zefa<\/td>\n<td width=\"75\">Pawlina<\/td>\n<td width=\"76\">29.04.1899<\/td>\n<td width=\"95\">1944-05-23<\/td>\n<td width=\"76\">Radom<\/td>\n<td width=\"76\">1945-02-13<\/td>\n<\/tr>\n<tr>\n<td width=\"78\">49201<\/td>\n<td width=\"94\">Bartusik<\/td>\n<td width=\"67\">Halina<\/td>\n<td width=\"75\"><\/td>\n<td width=\"76\"><\/td>\n<td width=\"95\">sie-44<\/td>\n<td width=\"76\"><\/td>\n<td width=\"76\">1945-04-23<\/td>\n<\/tr>\n<tr>\n<td width=\"78\">49250<\/td>\n<td width=\"94\">Goniewicz<\/td>\n<td width=\"67\"><\/td>\n<td width=\"75\"><\/td>\n<td width=\"76\"><\/td>\n<td width=\"95\">sie-44<\/td>\n<td width=\"76\"><\/td>\n<td width=\"76\">1945-02-17<\/td>\n<\/tr>\n<tr>\n<td width=\"78\">49404<\/td>\n<td width=\"94\">Szadurska<\/td>\n<td width=\"67\">Joanne<\/td>\n<td width=\"75\"><\/td>\n<td width=\"76\"><\/td>\n<td width=\"95\">sie-44<\/td>\n<td width=\"76\"><\/td>\n<td width=\"76\">1944-12-30<\/td>\n<\/tr>\n<tr>\n<td width=\"78\">58122<\/td>\n<td width=\"94\">Szot<\/td>\n<td width=\"67\"><\/td>\n<td width=\"75\"><\/td>\n<td width=\"76\"><\/td>\n<td width=\"95\"><\/td>\n<td width=\"76\"><\/td>\n<td width=\"76\">1945-02-19<\/td>\n<\/tr>\n<tr>\n<td width=\"78\">58525<\/td>\n<td width=\"94\">Szyma\u0144ska<\/td>\n<td width=\"67\"><\/td>\n<td width=\"75\"><\/td>\n<td width=\"76\"><\/td>\n<td width=\"95\"><\/td>\n<td width=\"76\"><\/td>\n<td width=\"76\">1944-12-29<\/td>\n<\/tr>\n<tr>\n<td width=\"78\">59308<\/td>\n<td width=\"94\">Michel<\/td>\n<td width=\"67\"><\/td>\n<td width=\"75\"><\/td>\n<td width=\"76\"><\/td>\n<td width=\"95\"><\/td>\n<td width=\"76\"><\/td>\n<td width=\"76\">1945-02-25<\/td>\n<\/tr>\n<tr>\n<td width=\"78\">59361<\/td>\n<td width=\"94\">Micha\u0142owska<\/td>\n<td width=\"67\"><\/td>\n<td width=\"75\"><\/td>\n<td width=\"76\"><\/td>\n<td width=\"95\"><\/td>\n<td width=\"76\">Warschau<\/td>\n<td width=\"76\">1945-02-27<\/td>\n<\/tr>\n<tr>\n<td width=\"78\">60215<\/td>\n<td width=\"94\">Gajewska<\/td>\n<td width=\"67\">Felicja<\/td>\n<td width=\"75\"><\/td>\n<td width=\"76\"><\/td>\n<td width=\"95\">1944-08-24<\/td>\n<td width=\"76\">Warschau<\/td>\n<td width=\"76\">1945-02-07<\/td>\n<\/tr>\n<tr>\n<td width=\"78\">60297<\/td>\n<td width=\"94\">Kuzbat<\/td>\n<td width=\"67\">Julia<\/td>\n<td width=\"75\">Kopf<\/td>\n<td width=\"76\">13.04.1896<\/td>\n<td width=\"95\"><\/td>\n<td width=\"76\"><\/td>\n<td width=\"76\">1945-02-27<\/td>\n<\/tr>\n<tr>\n<td width=\"78\">60363<\/td>\n<td width=\"94\">Orlowska<\/td>\n<td width=\"67\">Zofia<\/td>\n<td width=\"75\">Chiwiczka<\/td>\n<td width=\"76\">20.05.1896<\/td>\n<td width=\"95\"><\/td>\n<td width=\"76\"><\/td>\n<td width=\"76\">1945-02-16<\/td>\n<\/tr>\n<tr>\n<td width=\"78\">60364<\/td>\n<td width=\"94\">Walkowska<\/td>\n<td width=\"67\"><\/td>\n<td width=\"75\"><\/td>\n<td width=\"76\"><\/td>\n<td width=\"95\"><\/td>\n<td width=\"76\"><\/td>\n<td width=\"76\">1945-02-28<\/td>\n<\/tr>\n<tr>\n<td width=\"78\">60380<\/td>\n<td width=\"94\">Gruberska<\/td>\n<td width=\"67\">Janina<\/td>\n<td width=\"75\"><\/td>\n<td width=\"76\">28.07.1897<\/td>\n<td width=\"95\">1944-08-24<\/td>\n<td width=\"76\">Warschau<\/td>\n<td width=\"76\">1945-01-22<\/td>\n<\/tr>\n<tr>\n<td width=\"78\">62243<\/td>\n<td width=\"94\">Bramberek<\/td>\n<td width=\"67\">Stanis\u0142awa<\/td>\n<td width=\"75\">Prech<\/td>\n<td width=\"76\">1900-05-02<\/td>\n<td width=\"95\"><\/td>\n<td width=\"76\"><\/td>\n<td width=\"76\">1945-03-30<\/td>\n<\/tr>\n<tr>\n<td width=\"78\">65234<\/td>\n<td width=\"94\">Augustyniak<\/td>\n<td width=\"67\"><\/td>\n<td width=\"75\"><\/td>\n<td width=\"76\"><\/td>\n<td width=\"95\"><\/td>\n<td width=\"76\"><\/td>\n<td width=\"76\">1945-01-22<\/td>\n<\/tr>\n<tr>\n<td width=\"78\">65603<\/td>\n<td width=\"94\">Popielewska<\/td>\n<td width=\"67\">Janina<\/td>\n<td width=\"75\">Kynast<\/td>\n<td width=\"76\">54 Jahre<\/td>\n<td width=\"95\"><\/td>\n<td width=\"76\"><\/td>\n<td width=\"76\">1944-12-27<\/td>\n<\/tr>\n<tr>\n<td width=\"78\">65766<\/td>\n<td width=\"94\">Zarebska<\/td>\n<td width=\"67\">Anstazja<\/td>\n<td width=\"75\">Staniaszek<\/td>\n<td width=\"76\">1909-04-10<\/td>\n<td width=\"95\">07.\/08.09.1944<\/td>\n<td width=\"76\"><\/td>\n<td width=\"76\">1945-02-28<\/td>\n<\/tr>\n<tr>\n<td width=\"78\">65859<\/td>\n<td width=\"94\">Kijko<\/td>\n<td width=\"67\"><\/td>\n<td width=\"75\"><\/td>\n<td width=\"76\"><\/td>\n<td width=\"95\"><\/td>\n<td width=\"76\"><\/td>\n<td width=\"76\">1945-02-26<\/td>\n<\/tr>\n<tr>\n<td width=\"78\">66022<\/td>\n<td width=\"94\">Fromm<\/td>\n<td width=\"67\">Wanda<\/td>\n<td width=\"75\">Neumann<\/td>\n<td width=\"76\">1901-08-11<\/td>\n<td width=\"95\">1944-09-06<\/td>\n<td width=\"76\">Warschau E.<\/td>\n<td width=\"76\">1945-01-19<\/td>\n<\/tr>\n<tr>\n<td width=\"78\">66031<\/td>\n<td width=\"94\">Bem<\/td>\n<td width=\"67\">Halina<\/td>\n<td width=\"75\"><\/td>\n<td width=\"76\">1906-09-24<\/td>\n<td width=\"95\">07.\/08.09.1944<\/td>\n<td width=\"76\"><\/td>\n<td width=\"76\">1945-03-03<\/td>\n<\/tr>\n<tr>\n<td width=\"78\">66249<\/td>\n<td width=\"94\">Zawadzka<\/td>\n<td width=\"67\">Halina<\/td>\n<td width=\"75\">Boettichor<\/td>\n<td width=\"76\">01.11.1884<\/td>\n<td width=\"95\">1944-08-24<\/td>\n<td width=\"76\">Warschau<\/td>\n<td width=\"76\">1945-01-22<\/td>\n<\/tr>\n<tr>\n<td width=\"78\">75801<\/td>\n<td width=\"94\">Wojcicka<\/td>\n<td width=\"67\">Boles\u0142awa<\/td>\n<td width=\"75\">Holtzman<\/td>\n<td width=\"76\">1914-03-12<\/td>\n<td width=\"95\">1944-10-08<\/td>\n<td width=\"76\"><\/td>\n<td width=\"76\">1945-03-08<\/td>\n<\/tr>\n<tr>\n<td width=\"78\">75817<\/td>\n<td width=\"94\">Rybicka<\/td>\n<td width=\"67\">Anna<\/td>\n<td width=\"75\">Skowronska<\/td>\n<td width=\"76\">29.03.1893<\/td>\n<td width=\"95\">1944-09-30<\/td>\n<td width=\"76\"><\/td>\n<td width=\"76\">1944-12-04<\/td>\n<\/tr>\n<tr>\n<td width=\"78\">75905<\/td>\n<td width=\"94\">Ryczanowska<\/td>\n<td width=\"67\">Krystyna<\/td>\n<td width=\"75\"><\/td>\n<td width=\"76\">1909-03-09<\/td>\n<td width=\"95\">1944-10-08<\/td>\n<td width=\"76\"><\/td>\n<td width=\"76\">1944-02-15<\/td>\n<\/tr>\n<tr>\n<td width=\"78\">75955<\/td>\n<td width=\"94\">Banaszek<\/td>\n<td width=\"67\">Stefania<\/td>\n<td width=\"75\"><\/td>\n<td width=\"76\">1921-06-25<\/td>\n<td width=\"95\">1944-10-08<\/td>\n<td width=\"76\"><\/td>\n<td width=\"76\">1945-03-03<\/td>\n<\/tr>\n<tr>\n<td width=\"78\">76072<\/td>\n<td width=\"94\">Chomienko<\/td>\n<td width=\"67\">Jadwiga<\/td>\n<td width=\"75\">Butler<\/td>\n<td width=\"76\">02.12.1891<\/td>\n<td width=\"95\"><\/td>\n<td width=\"76\"><\/td>\n<td width=\"76\">1944-12-22<\/td>\n<\/tr>\n<tr>\n<td width=\"78\">81139<\/td>\n<td width=\"94\">Chojnacka<\/td>\n<td width=\"67\">Lucyna<\/td>\n<td width=\"75\">Kubiak<\/td>\n<td width=\"76\">1903-05-05<\/td>\n<td width=\"95\">lis-44<\/td>\n<td width=\"76\"><\/td>\n<td width=\"76\">1945-03-27<\/td>\n<\/tr>\n<tr>\n<td width=\"78\"><strong>81182<\/strong><\/td>\n<td width=\"94\"><strong>Ratajczak<\/strong><\/td>\n<td width=\"67\"><strong>Maria<\/strong><\/td>\n<td width=\"75\"><\/td>\n<td width=\"76\"><strong>1905-06-24<\/strong><\/td>\n<td width=\"95\"><strong>1944-11-02<\/strong><\/td>\n<td width=\"76\"><\/td>\n<td width=\"76\"><strong>1945-04-14<\/strong><\/td>\n<\/tr>\n<tr>\n<td width=\"78\">83206<\/td>\n<td width=\"94\">Barabasz<\/td>\n<td width=\"67\">Jadwiga<\/td>\n<td width=\"75\"><\/td>\n<td width=\"76\">__.__.1927<\/td>\n<td width=\"95\"><\/td>\n<td width=\"76\"><\/td>\n<td width=\"76\">1945-03-13<\/td>\n<\/tr>\n<tr>\n<td width=\"78\">96339<\/td>\n<td width=\"94\">Majewska<\/td>\n<td width=\"67\"><\/td>\n<td width=\"75\"><\/td>\n<td width=\"76\"><\/td>\n<td width=\"95\"><\/td>\n<td width=\"76\"><\/td>\n<td width=\"76\">1945-03-30<\/td>\n<\/tr>\n<tr>\n<td width=\"78\">96698<\/td>\n<td width=\"94\">Kufel<\/td>\n<td width=\"67\"><\/td>\n<td width=\"75\"><\/td>\n<td width=\"76\"><\/td>\n<td width=\"95\"><\/td>\n<td width=\"76\"><\/td>\n<td width=\"76\">1945-03-07<\/td>\n<\/tr>\n<tr>\n<td width=\"78\">96737<\/td>\n<td width=\"94\">Blumental<\/td>\n<td width=\"67\"><\/td>\n<td width=\"75\"><\/td>\n<td width=\"76\"><\/td>\n<td width=\"95\"><\/td>\n<td width=\"76\"><\/td>\n<td width=\"76\">1945-03-21<\/td>\n<\/tr>\n<tr>\n<td width=\"78\">96796<\/td>\n<td width=\"94\">Szewczyk<\/td>\n<td width=\"67\"><\/td>\n<td width=\"75\"><\/td>\n<td width=\"76\"><\/td>\n<td width=\"95\"><\/td>\n<td width=\"76\">Pozna\u0144<\/td>\n<td width=\"76\">1945-04-04<\/td>\n<\/tr>\n<\/tbody>\n<\/table>\n<p>&nbsp;<\/p>\n","protected":false},"excerpt":{"rendered":"<p>Pole r\u00f3\u017cowych tulipan\u00f3w zakwitnie na wiosn\u0119 2018 r. na zbiorowej mogile 43 kobiet \u2013 wi\u0119\u017aniarek KL Ravensbr\u00fcck \u2013\u00a0 pochowanych na cmentarzu w Neubrandeburgu<\/p>\n","protected":false},"author":1,"featured_media":815,"comment_status":"closed","ping_status":"open","sticky":false,"template":"","format":"standard","meta":{"ngg_post_thumbnail":0,"footnotes":""},"categories":[4],"tags":[],"class_list":["post-813","post","type-post","status-publish","format-standard","has-post-thumbnail","hentry","category-aktualnosci"],"_links":{"self":[{"href":"https:\/\/www.rodzinaravensbruck.pl\/index.php\/wp-json\/wp\/v2\/posts\/813","targetHints":{"allow":["GET"]}}],"collection":[{"href":"https:\/\/www.rodzinaravensbruck.pl\/index.php\/wp-json\/wp\/v2\/posts"}],"about":[{"href":"https:\/\/www.rodzinaravensbruck.pl\/index.php\/wp-json\/wp\/v2\/types\/post"}],"author":[{"embeddable":true,"href":"https:\/\/www.rodzinaravensbruck.pl\/index.php\/wp-json\/wp\/v2\/users\/1"}],"replies":[{"embeddable":true,"href":"https:\/\/www.rodzinaravensbruck.pl\/index.php\/wp-json\/wp\/v2\/comments?post=813"}],"version-history":[{"count":1,"href":"https:\/\/www.rodzinaravensbruck.pl\/index.php\/wp-json\/wp\/v2\/posts\/813\/revisions"}],"predecessor-version":[{"id":814,"href":"https:\/\/www.rodzinaravensbruck.pl\/index.php\/wp-json\/wp\/v2\/posts\/813\/revisions\/814"}],"wp:featuredmedia":[{"embeddable":true,"href":"https:\/\/www.rodzinaravensbruck.pl\/index.php\/wp-json\/wp\/v2\/media\/815"}],"wp:attachment":[{"href":"https:\/\/www.rodzinaravensbruck.pl\/index.php\/wp-json\/wp\/v2\/media?parent=813"}],"wp:term":[{"taxonomy":"category","embeddable":true,"href":"https:\/\/www.rodzinaravensbruck.pl\/index.php\/wp-json\/wp\/v2\/categories?post=813"},{"taxonomy":"post_tag","embeddable":true,"href":"https:\/\/www.rodzinaravensbruck.pl\/index.php\/wp-json\/wp\/v2\/tags?post=813"}],"curies":[{"name":"wp","href":"https:\/\/api.w.org\/{rel}","templated":true}]}}