{"id":829,"date":"2017-11-01T16:57:22","date_gmt":"2017-11-01T15:57:22","guid":{"rendered":"http:\/\/www.rodzinaravensbruck.pl\/?p=829"},"modified":"2018-01-13T18:43:23","modified_gmt":"2018-01-13T17:43:23","slug":"tarnow","status":"publish","type":"post","link":"https:\/\/www.rodzinaravensbruck.pl\/index.php\/2017\/11\/01\/tarnow\/","title":{"rendered":"Prace Marii Hiszpa\u0144skiej-Neumann"},"content":{"rendered":"<p>Maria Hiszpa\u0144ska-Neumann \u2013 wi\u0119\u017aniarka KL Ravensbr\u00fcck, kt\u00f3ra dramat obozu uwieczni\u0142a w szkicach i innych formach artystycznych, a Boga odnalaz\u0142a na kr\u0119tych drogach \u017cycia g\u0142osz\u0105c Jego chwa\u0142\u0119 w sztuce sakralnej.<!--more-->Przesz\u0142a piek\u0142o Ravensbr\u00fcck, po nim straci\u0142a rado\u015b\u0107 \u017cycia i wiar\u0119 w Boga. Terapi\u0105 by\u0142y rysunki. Sta\u0142a si\u0119 znan\u0105 ilustratork\u0105 ksi\u0105\u017cek i tw\u00f3rczyni\u0105 sztuki sakralnej. Prace Marii Hiszpa\u0144skiej-Neumann (wi\u0119\u017aniarki KL Ravensbr\u00fcck o numerze 10219) pokazano w Muzeum Archidiecezji Warszawskiej (ul. Dziekania 1). Wystawa nosi tytu\u0142 &#8222;W cieniu Krzy\u017ca &#8211; w blasku Zmartwychwstania&#8221;, zawiera prace z kolekcji rodziny oraz wybrane dzie\u0142a ze zbior\u00f3w MAW. Wi\u0119cej na stronie:<br \/>\n<a href=\"http:\/\/warszawa.gosc.pl\/doc\/4278823.Mysz-o-numerze-10219\" target=\"_blank\" rel=\"noopener noreferrer\">http:\/\/warszawa.gosc.pl\/doc\/4278823.Mysz-o-numerze-10219<\/a><\/p>\n<figure style=\"width: 240px\" class=\"wp-caption alignleft\"><img loading=\"lazy\" decoding=\"async\" class=\"\" src=\"https:\/\/www.rodzinaravensbruck.pl\/wp-content\/uploads\/2017\/11\/MHN-fot-Jan-Dajnowski.jpg\" width=\"240\" height=\"386\" \/><figcaption class=\"wp-caption-text\">Autor fot: Jan Dajnowski<\/figcaption><\/figure>\n<p>Prace Marii Hiszpa\u0144skiej-Neumann znajduj\u0105 si\u0119 tak\u017ce w Kaplicy O\u015bwi\u0119cimskiej w Tarnowie w ko\u015bciele Matki Boskiej-Fatimskiej. Na prawej \u015bcianie kaplicy znajduje si\u0119 olbrzymia p\u0142askorze\u017aba\u00a0przedstawiaj\u0105ca poch\u00f3d wi\u0119\u017ani\u00f3w ( \u017ar\u00f3d\u0142o opisu ze strony : <a href=\"http:\/\/www.miejscapamiecinarodowej.pl\/index.php\/tarnow\/750-tarnow-kaplica-oswiecimska\" target=\"_blank\" rel=\"noopener noreferrer\">Miejsca pami\u0119ci narodowej<\/a> ).<br \/>\nRealizacje \u015bcienne Marii Hiszpa\u0144skiej-Neumann znajduj\u0105 si\u0119 w ko\u015bcio\u0142ach i kaplicach w r\u00f3\u017cnych miastach Polski, a tak\u017ce w Niemczech:<a href=\"http:\/\/cdim.pl\/maria-hiszpanska-neumann-droga,587\" target=\"_blank\" rel=\"noopener noreferrer\"> http:\/\/cdim.pl\/maria-hiszpanska-neumann-droga,587<\/a><br \/>\nO \u017cyciu artystki Marii Hiszpa\u0144skiej-Neumann gdzie znajduje si\u0119 r\u00f3wnie\u017c galeria Jej wspania\u0142ych grafik i innych artystycznych prac mo\u017cna przeczyta\u0107 i ogl\u0105dn\u0105\u0107 Jej dzie\u0142a na stronie: <a href=\"http:\/\/www.maria-hiszpanska-neumann.pl\/o_artystce.html\" target=\"_blank\" rel=\"noopener noreferrer\">http:\/\/www.maria-hiszpanska-neumann.pl\/o_artystce.html<\/a><br \/>\nEl\u017cbieta Kuta<\/p>\n","protected":false},"excerpt":{"rendered":"<p>Maria Hiszpa\u0144ska-Neumann \u2013 wi\u0119\u017aniarka KL Ravensbr\u00fcck, kt\u00f3ra dramat obozu uwieczni\u0142a w szkicach i innych formach artystycznych, a Boga odnalaz\u0142a na kr\u0119tych drogach \u017cycia g\u0142osz\u0105c Jego chwa\u0142\u0119 w sztuce sakralnej.<\/p>\n","protected":false},"author":1,"featured_media":831,"comment_status":"closed","ping_status":"open","sticky":false,"template":"","format":"standard","meta":{"ngg_post_thumbnail":0,"footnotes":""},"categories":[4],"tags":[],"class_list":["post-829","post","type-post","status-publish","format-standard","has-post-thumbnail","hentry","category-aktualnosci"],"_links":{"self":[{"href":"https:\/\/www.rodzinaravensbruck.pl\/index.php\/wp-json\/wp\/v2\/posts\/829","targetHints":{"allow":["GET"]}}],"collection":[{"href":"https:\/\/www.rodzinaravensbruck.pl\/index.php\/wp-json\/wp\/v2\/posts"}],"about":[{"href":"https:\/\/www.rodzinaravensbruck.pl\/index.php\/wp-json\/wp\/v2\/types\/post"}],"author":[{"embeddable":true,"href":"https:\/\/www.rodzinaravensbruck.pl\/index.php\/wp-json\/wp\/v2\/users\/1"}],"replies":[{"embeddable":true,"href":"https:\/\/www.rodzinaravensbruck.pl\/index.php\/wp-json\/wp\/v2\/comments?post=829"}],"version-history":[{"count":14,"href":"https:\/\/www.rodzinaravensbruck.pl\/index.php\/wp-json\/wp\/v2\/posts\/829\/revisions"}],"predecessor-version":[{"id":908,"href":"https:\/\/www.rodzinaravensbruck.pl\/index.php\/wp-json\/wp\/v2\/posts\/829\/revisions\/908"}],"wp:featuredmedia":[{"embeddable":true,"href":"https:\/\/www.rodzinaravensbruck.pl\/index.php\/wp-json\/wp\/v2\/media\/831"}],"wp:attachment":[{"href":"https:\/\/www.rodzinaravensbruck.pl\/index.php\/wp-json\/wp\/v2\/media?parent=829"}],"wp:term":[{"taxonomy":"category","embeddable":true,"href":"https:\/\/www.rodzinaravensbruck.pl\/index.php\/wp-json\/wp\/v2\/categories?post=829"},{"taxonomy":"post_tag","embeddable":true,"href":"https:\/\/www.rodzinaravensbruck.pl\/index.php\/wp-json\/wp\/v2\/tags?post=829"}],"curies":[{"name":"wp","href":"https:\/\/api.w.org\/{rel}","templated":true}]}}