{"id":854,"date":"2017-11-05T22:57:37","date_gmt":"2017-11-05T21:57:37","guid":{"rendered":"http:\/\/www.rodzinaravensbruck.pl\/?p=854"},"modified":"2017-11-05T23:08:49","modified_gmt":"2017-11-05T22:08:49","slug":"zyczenia-urodzinowe","status":"publish","type":"post","link":"https:\/\/www.rodzinaravensbruck.pl\/index.php\/2017\/11\/05\/zyczenia-urodzinowe\/","title":{"rendered":"\u017byczenia urodzinowe"},"content":{"rendered":"<p><span style=\"color: #0000ff;\">Szanownej i Drogiej Pani Doktor Wandzie P\u00f3\u0142tawskiej<\/span><\/p>\n<p><span style=\"color: #0000ff;\">Cz\u0142onkowie Stowarzyszenia \u201eRodzina Wi\u0119\u017aniarek Niemieckiego Obozu Koncentracyjnego Ravensbr\u00fcck\u201d i sympatycy Stowarzyszenia <\/span><br \/>\n<span style=\"color: #0000ff;\">sk\u0142adaj\u0105 serdeczne \u017cyczenia z okazji 96 urodzin. <!--more--><\/span><br \/>\n<span style=\"color: #0000ff;\">\u017byczymy wielu \u0142ask Bo\u017cych<\/span><br \/>\n<span style=\"color: #0000ff;\">\u017byczymy spokojnych, radosnych i pi\u0119knych dni w\u015br\u00f3d las\u00f3w i \u0142\u0105k<\/span><br \/>\n<span style=\"color: #0000ff;\">&#8211; miejsc, kt\u00f3re o ka\u017cdej porze roku zachwycaj\u0105<\/span><br \/>\n<span style=\"color: #0000ff;\">&#8211; ciekawych rozm\u00f3w z przyjaci\u00f3\u0142mi<\/span><br \/>\n<span style=\"color: #0000ff;\">&#8211; mi\u0142o\u015bci bliskich<\/span><br \/>\n<span style=\"color: #0000ff;\">&#8211; \u017cyczliwo\u015bci ludzkiej<\/span><br \/>\n<span style=\"color: #0000ff;\">\u017byczymy zdrowia i si\u0142 do odbywania spotka\u0144 z m\u0142odzie\u017c\u0105 <\/span><br \/>\n<span style=\"color: #0000ff;\">&#8211; przekazywania wa\u017cnych przes\u0142a\u0144 o warto\u015bciach, <\/span><br \/>\n<span style=\"color: #0000ff;\">o kt\u00f3rych nale\u017cy ci\u0105gle i g\u0142o\u015bno przypomina\u0107 <\/span><br \/>\n<span style=\"color: #0000ff;\">&#8211; spisywania wspomnie\u0144 jako \u015awiadek dramatycznych obozowych lat<\/span><br \/>\n<span style=\"color: #0000ff;\">aby pami\u0119\u0107 o tych dzielnych Kobietach trwa\u0142a.<\/span><\/p>\n<p><span style=\"color: #0000ff;\">Do \u017cycze\u0144 do\u0142\u0105czamy bukiecik fio\u0142k\u00f3w wonnych (Viola odorata), kt\u00f3re zakwit\u0142y ponownie\u00a0 tej jesieni bo jak pisa\u0142a Maria Pawlikowska-Jasnorzewska w jednym z wierszy:<\/span><br \/>\n<span style=\"color: #0000ff;\">Serdecznym li\u015bciem ogrzane, <\/span><br \/>\n<span style=\"color: #0000ff;\">Chc\u0105c mi\u0142o\u015bci aksamit wys\u0142owi\u0107 &#8211; <\/span><br \/>\n<span style=\"color: #0000ff;\">Skromne fio\u0142ki <\/span><br \/>\n<span style=\"color: #0000ff;\">\u015apiewaj\u0105 wonno\u015bci sopranem. <\/span><br \/>\n<span style=\"color: #0000ff;\">W \u015bwiecie kwiat\u00f3w <\/span><br \/>\n<span style=\"color: #0000ff;\">Fio\u0142ek &#8211; to s\u0142owik.<\/span><\/p>\n<p><span style=\"color: #0000ff;\">W imieniu Stowarzyszenia <\/span><br \/>\n<span style=\"color: #0000ff;\">\u201eRodzina Wi\u0119\u017aniarek Niemieckiego Obozu Koncentracyjnego Ravensbr\u00fcck\u201d<\/span><br \/>\n<span style=\"color: #0000ff;\">El\u017cbieta Kuta i Maria Lorens<\/span><\/p>\n<p><img loading=\"lazy\" decoding=\"async\" src=\"https:\/\/www.rodzinaravensbruck.pl\/wp-content\/uploads\/2017\/11\/orze\u0142-poland.png\" width=\"1920\" height=\"822\" \/><\/p>\n","protected":false},"excerpt":{"rendered":"<p>Szanownej i Drogiej Pani Doktor Wandzie P\u00f3\u0142tawskiej Cz\u0142onkowie Stowarzyszenia \u201eRodzina Wi\u0119\u017aniarek Niemieckiego Obozu Koncentracyjnego Ravensbr\u00fcck\u201d i sympatycy Stowarzyszenia sk\u0142adaj\u0105 serdeczne \u017cyczenia z okazji 96 urodzin.<\/p>\n","protected":false},"author":1,"featured_media":855,"comment_status":"closed","ping_status":"open","sticky":false,"template":"","format":"standard","meta":{"ngg_post_thumbnail":0,"footnotes":""},"categories":[4],"tags":[],"class_list":["post-854","post","type-post","status-publish","format-standard","has-post-thumbnail","hentry","category-aktualnosci"],"_links":{"self":[{"href":"https:\/\/www.rodzinaravensbruck.pl\/index.php\/wp-json\/wp\/v2\/posts\/854","targetHints":{"allow":["GET"]}}],"collection":[{"href":"https:\/\/www.rodzinaravensbruck.pl\/index.php\/wp-json\/wp\/v2\/posts"}],"about":[{"href":"https:\/\/www.rodzinaravensbruck.pl\/index.php\/wp-json\/wp\/v2\/types\/post"}],"author":[{"embeddable":true,"href":"https:\/\/www.rodzinaravensbruck.pl\/index.php\/wp-json\/wp\/v2\/users\/1"}],"replies":[{"embeddable":true,"href":"https:\/\/www.rodzinaravensbruck.pl\/index.php\/wp-json\/wp\/v2\/comments?post=854"}],"version-history":[{"count":5,"href":"https:\/\/www.rodzinaravensbruck.pl\/index.php\/wp-json\/wp\/v2\/posts\/854\/revisions"}],"predecessor-version":[{"id":862,"href":"https:\/\/www.rodzinaravensbruck.pl\/index.php\/wp-json\/wp\/v2\/posts\/854\/revisions\/862"}],"wp:featuredmedia":[{"embeddable":true,"href":"https:\/\/www.rodzinaravensbruck.pl\/index.php\/wp-json\/wp\/v2\/media\/855"}],"wp:attachment":[{"href":"https:\/\/www.rodzinaravensbruck.pl\/index.php\/wp-json\/wp\/v2\/media?parent=854"}],"wp:term":[{"taxonomy":"category","embeddable":true,"href":"https:\/\/www.rodzinaravensbruck.pl\/index.php\/wp-json\/wp\/v2\/categories?post=854"},{"taxonomy":"post_tag","embeddable":true,"href":"https:\/\/www.rodzinaravensbruck.pl\/index.php\/wp-json\/wp\/v2\/tags?post=854"}],"curies":[{"name":"wp","href":"https:\/\/api.w.org\/{rel}","templated":true}]}}