{"id":863,"date":"2017-11-10T18:22:59","date_gmt":"2017-11-10T17:22:59","guid":{"rendered":"http:\/\/www.rodzinaravensbruck.pl\/?p=863"},"modified":"2017-11-10T18:23:36","modified_gmt":"2017-11-10T17:23:36","slug":"ostatni-wywiad-z-pania-sledziejowska-osiczko","status":"publish","type":"post","link":"https:\/\/www.rodzinaravensbruck.pl\/index.php\/2017\/11\/10\/ostatni-wywiad-z-pania-sledziejowska-osiczko\/","title":{"rendered":"Ostatni wywiad z Pani\u0105 \u015aledziejowsk\u0105-Osiczko"},"content":{"rendered":"<p>Ci\u0105gle jest z nami i s\u0142yszymy Jej ciep\u0142y, spokojny g\u0142os kiedy opowiada o dramatycznych latach w KL Ravensbr\u00fcck.<!--more--><\/p>\n<p>Wywiad przeprowadzi\u0142 Grzegorz Mruk z Radia Fara w Jaros\u0142awiu podczas dw\u00f3ch spotka\u0144 w listopadzie 2015 roku i w czerwcu 2016, zosta\u0142 opublikowany 25 pa\u017adziernika 2017 roku.<br \/>\nMo\u017cna wys\u0142ucha\u0107 na YouTube:<\/p>\n<p>&nbsp;<\/p>\n<p><iframe loading=\"lazy\" title=\"Ravensbr\u00fcck - okruchy Wspomnie\u0144 - wywiad ze Stanis\u0142aw\u0105 Osiczko cz.1\" width=\"525\" height=\"394\" src=\"https:\/\/www.youtube.com\/embed\/Rvj1hXmLeKk?feature=oembed\" frameborder=\"0\" allow=\"accelerometer; autoplay; clipboard-write; encrypted-media; gyroscope; picture-in-picture; web-share\" referrerpolicy=\"strict-origin-when-cross-origin\" allowfullscreen><\/iframe><\/p>\n<p><iframe loading=\"lazy\" title=\"Ravensbr\u00fcck - okruchy Wspomnie\u0144 - wywiad ze Stanis\u0142aw\u0105 Osiczko cz.2\" width=\"525\" height=\"394\" src=\"https:\/\/www.youtube.com\/embed\/wheOkpmDykw?feature=oembed\" frameborder=\"0\" allow=\"accelerometer; autoplay; clipboard-write; encrypted-media; gyroscope; picture-in-picture; web-share\" referrerpolicy=\"strict-origin-when-cross-origin\" allowfullscreen><\/iframe><\/p>\n<p><iframe loading=\"lazy\" title=\"Ravensbr\u00fcck - Okruchy wspomnie\u0144 - wywiad ze Stanis\u0142aw\u0105 Osiczko cz.3\" width=\"525\" height=\"394\" src=\"https:\/\/www.youtube.com\/embed\/U9GvOjitTv8?feature=oembed\" frameborder=\"0\" allow=\"accelerometer; autoplay; clipboard-write; encrypted-media; gyroscope; picture-in-picture; web-share\" referrerpolicy=\"strict-origin-when-cross-origin\" allowfullscreen><\/iframe><\/p>\n","protected":false},"excerpt":{"rendered":"<p>Ci\u0105gle jest z nami i s\u0142yszymy Jej ciep\u0142y, spokojny g\u0142os kiedy opowiada o dramatycznych latach w KL Ravensbr\u00fcck.<\/p>\n","protected":false},"author":1,"featured_media":0,"comment_status":"closed","ping_status":"open","sticky":false,"template":"","format":"standard","meta":{"ngg_post_thumbnail":0,"footnotes":""},"categories":[4],"tags":[],"class_list":["post-863","post","type-post","status-publish","format-standard","hentry","category-aktualnosci"],"_links":{"self":[{"href":"https:\/\/www.rodzinaravensbruck.pl\/index.php\/wp-json\/wp\/v2\/posts\/863","targetHints":{"allow":["GET"]}}],"collection":[{"href":"https:\/\/www.rodzinaravensbruck.pl\/index.php\/wp-json\/wp\/v2\/posts"}],"about":[{"href":"https:\/\/www.rodzinaravensbruck.pl\/index.php\/wp-json\/wp\/v2\/types\/post"}],"author":[{"embeddable":true,"href":"https:\/\/www.rodzinaravensbruck.pl\/index.php\/wp-json\/wp\/v2\/users\/1"}],"replies":[{"embeddable":true,"href":"https:\/\/www.rodzinaravensbruck.pl\/index.php\/wp-json\/wp\/v2\/comments?post=863"}],"version-history":[{"count":2,"href":"https:\/\/www.rodzinaravensbruck.pl\/index.php\/wp-json\/wp\/v2\/posts\/863\/revisions"}],"predecessor-version":[{"id":865,"href":"https:\/\/www.rodzinaravensbruck.pl\/index.php\/wp-json\/wp\/v2\/posts\/863\/revisions\/865"}],"wp:attachment":[{"href":"https:\/\/www.rodzinaravensbruck.pl\/index.php\/wp-json\/wp\/v2\/media?parent=863"}],"wp:term":[{"taxonomy":"category","embeddable":true,"href":"https:\/\/www.rodzinaravensbruck.pl\/index.php\/wp-json\/wp\/v2\/categories?post=863"},{"taxonomy":"post_tag","embeddable":true,"href":"https:\/\/www.rodzinaravensbruck.pl\/index.php\/wp-json\/wp\/v2\/tags?post=863"}],"curies":[{"name":"wp","href":"https:\/\/api.w.org\/{rel}","templated":true}]}}