{"id":946,"date":"2018-02-10T19:56:12","date_gmt":"2018-02-10T18:56:12","guid":{"rendered":"http:\/\/www.rodzinaravensbruck.pl\/?p=946"},"modified":"2018-02-10T22:24:51","modified_gmt":"2018-02-10T21:24:51","slug":"jadwiga-kauczor-nieznane-losy-wiezniarki-kl-ravensbruck","status":"publish","type":"post","link":"https:\/\/www.rodzinaravensbruck.pl\/index.php\/2018\/02\/10\/jadwiga-kauczor-nieznane-losy-wiezniarki-kl-ravensbruck\/","title":{"rendered":"Jadwiga Kauczor \u2013 nieznane losy wi\u0119\u017aniarki KL Ravensbr\u00fcck"},"content":{"rendered":"<p>Jadwiga Kauczor urodzi\u0142a si\u0119 18 wrze\u015bnia 1917 r. w Strzeleczkach (przed wojn\u0105 Klein-Strehlitz w Niemczech) jako jedna z o\u015bmiorga rodze\u0144stwa. Rodzice Jadwigi &#8211;\u00a0 Konstanty i Maria z domu Wac\u0142aw prowadzili dwunastohektarowe gospodarstwo rolne. <!--more-->Ma\u0142a Jadzia uko\u0144czy\u0142a pi\u0119\u0107 klas szko\u0142y podstawowej w Strzeleczkach. By\u0142a bardzo bystra, podobnie jak jej rodze\u0144stwo, kt\u00f3re uczy\u0142o si\u0119 na wy\u017cszych uczelniach. Wychowana w patriotycznych warto\u015bciach oraz szacunku do drugiego cz\u0142owieka \u2013 marzy\u0142a o dalszej nauce. Rodzice przystali na jej pro\u015bb\u0119 i zgodzili si\u0119 na kontynuacj\u0119 nauki w polskiej szkole. Z tego wzgl\u0119du Jadwiga musia\u0142a przeprowadzi\u0107 si\u0119 do swojego brata \u2013 Franciszka, kt\u00f3ry w tym czasie by\u0142 nauczycielem w chwa\u0142owickiej szkole podstawowej. W 1928 roku, na podstawie egzaminu wst\u0119pnego, Jadwiga zosta\u0142a przyj\u0119ta do Prywatnego Gimnazjum \u017be\u0144skiego S.S. Urszulanek w Rybniku, gdzie mog\u0142a uczy\u0107 si\u0119 w j\u0119zyku polskim. W tym czasie na jej drodze, po raz pierwszy, pojawi\u0142 si\u0119 niepozorny synek z familok\u00f3w &#8211; Jerzy Malcher. Zwyk\u0142 on rzuca\u0107 kamykami w okno Jadwigi zapraszaj\u0105c j\u0105 tym samym do wsp\u00f3lnych rozm\u00f3w. W maju 1936 roku Jadwiga zda\u0142a gimnazjalny, zwyczajny egzamin dojrza\u0142o\u015bci typu humanistycznego, co upowa\u017cnia\u0142o j\u0105 do ubiegania si\u0119 o przyj\u0119cie na studia wy\u017csze. Zosta\u0142a studentk\u0105 polonistyki na Uniwersytecie Jagiello\u0144skim w Krakowie. Na tym samym uniwersytecie, tyle \u017ce na Wydziale Prawa i Administracji, studiowa\u0142 tak\u017ce m\u0142odziutki Malcher \u2013 tym sposobem losy m\u0142odych znowu si\u0119 spotka\u0142y. W czasie ferii Jadwiga prowadzi\u0142a prac\u0119 harcersk\u0105 na terenie powiatu prudnickiego. Harcerskie szlify zdoby\u0142a tak\u017ce w bodaj najs\u0142awniejszej Szkole\u00a0 Instruktorskiej na Buczu. Na kr\u00f3tko przed wybuchem wojny zosta\u0142a zast\u0119pc\u0105 komendanta \u017ce\u0144skiego ZHP w Niemczech, co wynika\u0142o mi\u0119dzy innymi z tego, \u017ce pochodzi\u0142a z Opolszczyzny. Jadwiga mia\u0142a \u015bwiadomo\u015b\u0107, \u017ce jej dzia\u0142alno\u015b\u0107 nie ujdzie uwadze gestapo dlatego chcia\u0142a przedosta\u0107 si\u0119 przez granic\u0119, ale zosta\u0142a zatrzymana i przes\u0142uchiwano j\u0105 w wi\u0119zieniu w Klagenfurt. Trudno by\u0142o jej zarzuci\u0107 dzia\u0142alno\u015b\u0107 wywrotow\u0105, wi\u0119c zosta\u0142a zwolniona, ale od tego momentu by\u0142a pod sta\u0142\u0105 obserwacj\u0105. Po zwolnieniu z aresztu wr\u00f3ci\u0142a do rodzic\u00f3w i nawi\u0105za\u0142a kontakt z dzia\u0142aczami polskiego podziemia we Wroc\u0142awiu. Niebawem, bo w listopadzie 1940 roku,\u00a0 zosta\u0142a ponownie aresztowana. Wtedy okaza\u0142o si\u0119, \u017ce jej przedwojenna dzia\u0142alno\u015b\u0107 w ZHP na \u015al\u0105sku Opolskim by\u0142a stale monitorowana przez gestapo. Pr\u00f3bowano wymusi\u0107 na niej zeznania, \u017ce otrzymywa\u0142a od Jerzego Malchera informacje natury dywersyjnej. Przes\u0142uchuj\u0105cy nie byli jej jednak w stanie tego udowodni\u0107 \u2013 bo jak udowodni\u0107 k\u0142amstwo? Jadwiga by\u0142a izolowana 16 miesi\u0119cy w wi\u0119ziennej celi we Wroc\u0142awiu. By\u0142a obywatelk\u0105 Niemiec &#8211; zatem zarzucano jej zdrad\u0119 pa\u0144stwa niemieckiego. Nie przyzna\u0142a si\u0119 jednak do takich zarzut\u00f3w. W zwi\u0105zku z tym, w marcu 1942 roku, wys\u0142ano j\u0105 do obozu w Ravensbr\u00fcck, \u017ceby tam naby\u0142a og\u0142ady i nauczy\u0142a si\u0119, co to takiego pos\u0142usze\u0144stwo. W obozie Jadwiga pracowa\u0142a w warsztacie krawieckim. Mimo nieludzkich warunk\u00f3w &#8211; \u00a0nadal nie przyznawa\u0142a si\u0119 do stawianych jej zarzut\u00f3w. Ostatecznie skazano j\u0105 na kar\u0119 4 lat ci\u0119\u017ckiego wi\u0119zienia, z zaliczeniem kary ju\u017c odbytej w obozie oraz w wi\u0119zieniach. 23 grudnia 1942 roku wyruszy\u0142a transportem z Ravensbr\u00fcck. Osadzono j\u0105 w wi\u0119zieniu dla kobiet w Zamku Piastowskim w Jaworze (niem. Jauer), gdzie przebywa\u0142a do listopada 1944 roku. Po zwolnieniu wr\u00f3ci\u0142a do rodzinnych Strzeleczek, gdzie do marca 1945 roku pracowa\u0142a w prywatnym przedsi\u0119biorstwie wapienniczym w Gogolinie. Tu chciano zmusi\u0107 j\u0105 do pracy konfidenckiej, ale front zbli\u017ca\u0142 si\u0119 ju\u017c do Odry, co spowodowa\u0142o wycofanie si\u0119 gestapo. Po wej\u015bciu Armii Czerwonej na Opolszczyzn\u0119 zapanowa\u0142 chaos. Jadwiga zosta\u0142a zmuszona do kopania okop\u00f3w i umocnie\u0144 polowych dla wojska, a po przej\u015bciu frontu &#8211; ponownie wr\u00f3ci\u0142a do domu. Po zorganizowaniu administracji na wyzwolonych ziemiach, Jadwiga anga\u017cowa\u0142a si\u0119 w organizacj\u0119 szkolnictwa w powiecie prudnickim. Jesieni\u0105 otrzyma\u0142a prac\u0119 w Liceum \u017be\u0144skim w Prudniku. Jednocze\u015bnie anga\u017cowa\u0142a si\u0119 spo\u0142ecznie. W tym czasie Jerzy Malcher zajmowa\u0142 si\u0119 sprawami bezpiecze\u0144stwa Brytyjskiej Zony w Austrii, ale jakim\u015b cudem dotar\u0142y do niego informacje o tragicznych losach narzeczonej. Uda\u0142o mu si\u0119 wymieni\u0107 kilka zdawkowych list\u00f3w z Jadwig\u0105, w kt\u00f3rych pr\u00f3bowa\u0142 nam\u00f3wi\u0107 ukochan\u0105 do opuszczenia Polski i wyjazdu na Zach\u00f3d. Jadwiga nie chcia\u0142a przysta\u0107 na propozycj\u0119 Jerzego twierdz\u0105c, \u017ce jest tyle do zrobienia w jej rodzinnych, ukochanych stronach. Faktycznie \u2013 kraj po wojennej po\u017codze budzi\u0142 si\u0119 do \u017cycia, a opuszczone na Opolszczy\u017anie domy zasiedlali polscy repatrianci. Miejscowych \u015al\u0105zak\u00f3w powszechnie uwa\u017cano wtedy za Niemc\u00f3w, wybucha\u0142y konflikty pomi\u0119dzy nowo przyby\u0142ymi a autochtonami. Jadwiga cz\u0119sto interweniowa\u0142a w takich sytuacjach, za co przyp\u0142aci\u0142a specjalnym zainteresowaniem Urz\u0119du Bezpiecze\u0144stwa. Na propozycj\u0119 Malchera opuszczenia kraju zgodzi\u0142a si\u0119 dopiero wtedy, gdy zagro\u017cono jej kolejnym aresztowaniem zwi\u0105zanym z jej zaanga\u017cowaniem na rzecz miejscowej ludno\u015bci. W tym czasie sprawa nie by\u0142a ju\u017c taka prosta, gdy\u017c Europa zosta\u0142a podzielona \u017celazn\u0105 kurtyn\u0105, co w znacznym stopniu utrudnia\u0142o swobodny przep\u0142yw ludzi. Jerzy opracowa\u0142 wi\u0119c plan wydostania Jadwigi z Polski i po wielu konsultacjach z zaufanymi lud\u017ami znalaz\u0142 \u015bmia\u0142ka, kt\u00f3ry zgodzi\u0142 si\u0119 przeprowadzi\u0107 ukochan\u0105 przez granic\u0119 \u2013 do Austrii. By\u0142 to Czech nazwiskiem Hanke. Pierwsza pr\u00f3ba nie powiod\u0142a si\u0119, gdy\u017c pos\u0142annik nie zasta\u0142 Jadwigi w rodzinnym domu w Strzeleczkach. Malcher nie zobaczy\u0142 wi\u0119c swojej narzeczonej. Na domiar z\u0142ego &#8211; otrzyma\u0142 rozkaz udania si\u0119 ze swoj\u0105 jednostk\u0105 z Austrii do W\u0142och. Nie traci\u0142 jednak nadziei. Hanke powt\u00f3rzy\u0142 karko\u0142omn\u0105 wypraw\u0119 do Polski, kt\u00f3ra tym razem zako\u0144czy\u0142a si\u0119 powodzeniem \u2013 Jadwiga zosta\u0142a ostatecznie przeprowadzona przez zielon\u0105 granice i trafi\u0142a do zaufanej rodziny w Wiedniu. Kolejnym etapem podr\u00f3\u017cy by\u0142o wydostanie si\u0119 z rosyjskiej strefy okupacyjnej, ale i ta operacja zako\u0144czy\u0142a si\u0119 sukcesem. Jadwiga trafi\u0142a bezpiecznie do Mogliano we W\u0142oszech. Po 6 latach dramatycznej roz\u0142\u0105ki \u2013 m\u0142odzi narzeczeni wzi\u0119li \u015blub w ma\u0142ym ko\u015bci\u00f3\u0142ku nad jeziorem Garda. Na temat \u017cycia wi\u0119ziennego Jadwigi wiemy niewiele. Nigdy nie zdradza\u0142a szczeg\u00f3\u0142\u00f3w swojego pobytu w obozie koncentracyjnym ani innych miejscach odosobnienia. Powtarza\u0142a jednak, \u017ce przetrwa\u0142a wi\u0119zienne warunki dzi\u0119ki spotykaniu na swojej drodze ludzi gotowych pom\u00f3c jej przemyca\u0107 jedzenie oraz inne niezb\u0119dne rzeczy. Mia\u0142a urocz\u0105 natur\u0119, kt\u00f3r\u0105 zjednywa\u0142a sobie przyjaci\u00f3\u0142 \u2013 przekraczaj\u0105c tym samym granice pokole\u0144 i narodowo\u015bci. Malcherowie, z uwagi na brak mo\u017cliwo\u015bci powrotu do Polski, zamieszkali najpierw w Acton w zachodnim Londynie. W tym czasie Jerzy pracowa\u0142 w Ministerstwie Obrony, a Jadwiga by\u0142a najwspanialsz\u0105 mam\u0105 tr\u00f3jki dzieci. Stan zdrowia Jadwigi pogarsza\u0142 si\u0119 z uwagi na cz\u0119ste ataki astmy. Lekarz zasugerowa\u0142 jej przebywanie na \u015bwie\u017cym, wiejskim powietrzu. Ma\u0142\u017conkowie postanowili wi\u0119c kupi\u0107 kamping w Grayshot, a kilka lat p\u00f3\u017aniej \u2013 G\u00f3ry Pleasant w Arford (kilka lat przed emerytur\u0105 Jerzego). To by\u0142o ich miejsce na ziemi, ich bezpieczna twierdza i przysta\u0144 \u2013 ich z\u0142ote, najszcz\u0119\u015bliwsze lata.\u00a0 W otoczeniu kochaj\u0105cej rodziny i blisko\u015bci ukochanej przyrody, wspania\u0142ego piel\u0119gnowanego osobi\u015bcie ogrodu. U schy\u0142ku \u017cycia Jadwiga opiekowa\u0142a si\u0119 choruj\u0105cym na serce Jerzym. W 2001 roku czas si\u0119 zatrzyma\u0142, a ukochany m\u0105\u017c \u2013 odszed\u0142 na zawsze. Jadwiga, pomimo podesz\u0142ego wieku nie chcia\u0142a opu\u015bci\u0107 G\u00f3ry Pleasant \u2013 by\u0142a ona jej osobistym niebem, w kt\u00f3rym pozosta\u0142a do ko\u0144ca swoich dni. Odesz\u0142a w 2007 roku.<\/p>\n<p>&nbsp;<\/p>\n<p>Opracowa\u0142a Ma\u0142gorzata Krajczok na podstawie ksi\u0105\u017cki J\u00f3zefa Musio\u0142a \u201eOd Wallenroda do Kordiana: dramatyczne \u015al\u0105zak\u00f3w wybory\u201d, ksi\u0105\u017ceczki \u201eKartoteka \u015bmierci \u2013 Opolskie Towarzystwo Kulturalno \u2013 O\u015bwiatowe\u201d, mowy pogrzebowej sporz\u0105dzonej przez dzieci Jadwigi i Jerzego Malcher\u00f3w oraz na podstawie dokument\u00f3w i zdj\u0119\u0107 ofiarowanych przez Bo\u017cen\u0119 i Witka Kauczor\u00f3w oraz Sabin\u0119 Ku\u015bka.<\/p>\n<p>Wi\u0119cej informacji o Jerzym Malcherze i Jadwidze Kauczor na stronie: <a href=\"http:\/\/ivlorybnik.pl\/wp\/wp-content\/uploads\/2014\/04\/Jerzy-Malcher.pdf\" target=\"_blank\" rel=\"noopener noreferrer\">http:\/\/ivlorybnik.pl\/wp\/wp-content\/uploads\/2014\/04\/Jerzy-Malcher.pdf<\/a><\/p>\n<p>oraz na filmie o Jerzym Malcherze<\/p>\n<p><iframe loading=\"lazy\" title=\"Jerzy Malcher trailer\" width=\"525\" height=\"295\" src=\"https:\/\/www.youtube.com\/embed\/2FYxPa2Uv2Y?feature=oembed\" frameborder=\"0\" allow=\"accelerometer; autoplay; clipboard-write; encrypted-media; gyroscope; picture-in-picture; web-share\" referrerpolicy=\"strict-origin-when-cross-origin\" allowfullscreen><\/iframe><\/p>\n","protected":false},"excerpt":{"rendered":"<p>Jadwiga Kauczor urodzi\u0142a si\u0119 18 wrze\u015bnia 1917 r. w Strzeleczkach (przed wojn\u0105 Klein-Strehlitz w Niemczech) jako jedna z o\u015bmiorga rodze\u0144stwa. Rodzice Jadwigi &#8211;\u00a0 Konstanty i Maria z domu Wac\u0142aw prowadzili dwunastohektarowe gospodarstwo rolne.<\/p>\n","protected":false},"author":1,"featured_media":947,"comment_status":"closed","ping_status":"open","sticky":false,"template":"","format":"standard","meta":{"ngg_post_thumbnail":0,"footnotes":""},"categories":[6],"tags":[],"class_list":["post-946","post","type-post","status-publish","format-standard","has-post-thumbnail","hentry","category-swiadectwa"],"_links":{"self":[{"href":"https:\/\/www.rodzinaravensbruck.pl\/index.php\/wp-json\/wp\/v2\/posts\/946","targetHints":{"allow":["GET"]}}],"collection":[{"href":"https:\/\/www.rodzinaravensbruck.pl\/index.php\/wp-json\/wp\/v2\/posts"}],"about":[{"href":"https:\/\/www.rodzinaravensbruck.pl\/index.php\/wp-json\/wp\/v2\/types\/post"}],"author":[{"embeddable":true,"href":"https:\/\/www.rodzinaravensbruck.pl\/index.php\/wp-json\/wp\/v2\/users\/1"}],"replies":[{"embeddable":true,"href":"https:\/\/www.rodzinaravensbruck.pl\/index.php\/wp-json\/wp\/v2\/comments?post=946"}],"version-history":[{"count":2,"href":"https:\/\/www.rodzinaravensbruck.pl\/index.php\/wp-json\/wp\/v2\/posts\/946\/revisions"}],"predecessor-version":[{"id":955,"href":"https:\/\/www.rodzinaravensbruck.pl\/index.php\/wp-json\/wp\/v2\/posts\/946\/revisions\/955"}],"wp:featuredmedia":[{"embeddable":true,"href":"https:\/\/www.rodzinaravensbruck.pl\/index.php\/wp-json\/wp\/v2\/media\/947"}],"wp:attachment":[{"href":"https:\/\/www.rodzinaravensbruck.pl\/index.php\/wp-json\/wp\/v2\/media?parent=946"}],"wp:term":[{"taxonomy":"category","embeddable":true,"href":"https:\/\/www.rodzinaravensbruck.pl\/index.php\/wp-json\/wp\/v2\/categories?post=946"},{"taxonomy":"post_tag","embeddable":true,"href":"https:\/\/www.rodzinaravensbruck.pl\/index.php\/wp-json\/wp\/v2\/tags?post=946"}],"curies":[{"name":"wp","href":"https:\/\/api.w.org\/{rel}","templated":true}]}}