{"id":990,"date":"2018-03-04T21:31:57","date_gmt":"2018-03-04T20:31:57","guid":{"rendered":"http:\/\/www.rodzinaravensbruck.pl\/?p=990"},"modified":"2018-03-06T09:22:48","modified_gmt":"2018-03-06T08:22:48","slug":"obchody-pamieci-w-neubrandenburgu-8-marca-2018","status":"publish","type":"post","link":"https:\/\/www.rodzinaravensbruck.pl\/index.php\/2018\/03\/04\/obchody-pamieci-w-neubrandenburgu-8-marca-2018\/","title":{"rendered":"Obchody pami\u0119ci w Neubrandenburgu 8 marca 2018"},"content":{"rendered":"<p>Szanowni Pa\u0144stwo<br \/>\n8 marca 2018 r. odb\u0119d\u0105 si\u0119 uroczysto\u015bci na cmentarzu w Neubrandenburgu.<br \/>\nW uroczysto\u015bciach we\u017amie udzia\u0142 Pani Halina Wo\u017cgin, c\u00f3rka Wi\u0119\u017aniarki Marii Ratajczak pochowanej w zbiorowej mogile w Neubrandenburgu, Pan Arkadiusz Szlachetko, prawnuk Marii Ratajczak wraz z rodzin\u0105. Stowarzyszenie wystosowa\u0142o not\u0119 do organizator\u00f3w uroczysto\u015bci, kt\u00f3ra zosta\u0142a przekazana Panu Arkadiuszowi Szlachetko, zostanie te\u017c z\u0142o\u017cony wieniec z bia\u0142o-czerwonych kwiat\u00f3w od naszego Stowarzyszenia.<!--more--><br \/>\nHistoria bezimiennej zbiorowej mogi\u0142y i odkrycia nazwisk pochowanych tam Wi\u0119\u017aniarek KL Ravensbr\u00fcck, podobozu w Neubrndenburgu zosta\u0142a opisana na stronach Stowarzyszenia:<br \/>\n<a href=\"https:\/\/www.rodzinaravensbruck.pl\/index.php\/2017\/08\/18\/miejsce-pochowku-prochow-43-kobiet-w-neubrandenburgu-czeka-na-upamietnienie\/\">https:\/\/www.rodzinaravensbruck.pl\/index.php\/2017\/08\/18\/miejsce-pochowku-prochow-43-kobiet-w-neubrandenburgu-czeka-na-upamietnienie\/<\/a><br \/>\n<a href=\"https:\/\/www.rodzinaravensbruck.pl\/index.php\/2017\/09\/22\/corka-i-prawnuk-marii-ratajczak-wiezniarki-kl-ravensbruck-na-cmentarzu-w-neubrandenburgu\/\">https:\/\/www.rodzinaravensbruck.pl\/index.php\/2017\/09\/22\/corka-i-prawnuk-marii-ratajczak-wiezniarki-kl-ravensbruck-na-cmentarzu-w-neubrandenburgu\/<\/a><br \/>\n<a href=\"https:\/\/www.rodzinaravensbruck.pl\/index.php\/2017\/10\/19\/pole-rozowych-tulipanow\/\">https:\/\/www.rodzinaravensbruck.pl\/index.php\/2017\/10\/19\/pole-rozowych-tulipanow\/<\/a><\/p>\n<p>Przebieg obchod\u00f3w pami\u0119ci w Neubrandenburgu 8 marca 2018 r. :<\/p>\n<p>&#8211; godz. 10.00 powitanie \u2013 pani Sieglinde Scheel z Demokratycznego Zwi\u0105zku Kobiet e.V.<br \/>\n&#8211; godz. 10.05 mowa dla uczczenia pami\u0119ci \u2013 wyst\u0105pienie pana Silvio Witta, nadburmistrza Neubrandenburga<br \/>\n&#8211; godz. 10.15 program muzyczny i ods\u0142oni\u0119cie tablicy z nazwiskami 101 kobiet r\u00f3\u017cnych narodowo\u015bci w\u00a0 tym 43 Polek, kt\u00f3rych cia\u0142a zosta\u0142y pochowane w zbiorowej mogile przez pana Silvio Witta, nadburmistrza Neubrandenburga, pani\u0105 Sabine Baumert, pe\u0142ni\u0105c\u0105 obowi\u0105zki przewodnicz\u0105cej Zarz\u0105du Powiatowego Demokratycznego Zwi\u0105zku Kobiet e.V., pana Arkadiusza Szlachetko, prawnuka pani Marii Ratajczak<br \/>\n\u2013 wyczytanie nazwisk przez Jamie-Marie Thomas; Celine Hahn,<br \/>\nliceum im. \u201eLessinga\u201d<br \/>\n&#8211; godz. 10.30 \u2013 wyst\u0105pienie pana Arkadiusza Szlachetko, prawnuka pani Marii Ratajczak<br \/>\n&#8211; muzyka i z\u0142o\u017cenie kwiat\u00f3w<br \/>\n&#8211; podzi\u0119kowanie m\u00f3wcom jako zako\u0144czenie<br \/>\nPo oficjalnych uroczysto\u015bciach zostanie odm\u00f3wiona modlitwa oraz po\u015bwi\u0119cona tablica przez<br \/>\nks. Mariusza Wenc\u0142awek, Salezjanina ze Szczecina<\/p>\n<p>El\u017cbieta Kuta<\/p>\n","protected":false},"excerpt":{"rendered":"<p>Szanowni Pa\u0144stwo 8 marca 2018 r. odb\u0119d\u0105 si\u0119 uroczysto\u015bci na cmentarzu w Neubrandenburgu. W uroczysto\u015bciach we\u017amie udzia\u0142 Pani Halina Wo\u017cgin, c\u00f3rka Wi\u0119\u017aniarki Marii Ratajczak pochowanej w zbiorowej mogile w Neubrandenburgu, Pan Arkadiusz Szlachetko, prawnuk Marii Ratajczak wraz z rodzin\u0105. Stowarzyszenie wystosowa\u0142o not\u0119 do organizator\u00f3w uroczysto\u015bci, kt\u00f3ra zosta\u0142a przekazana Panu Arkadiuszowi Szlachetko, zostanie te\u017c z\u0142o\u017cony wieniec &hellip; <\/p>\n<p class=\"link-more\"><a href=\"https:\/\/www.rodzinaravensbruck.pl\/index.php\/2018\/03\/04\/obchody-pamieci-w-neubrandenburgu-8-marca-2018\/\" class=\"more-link\">Czytaj dalej<span class=\"screen-reader-text\"> \u201eObchody pami\u0119ci w Neubrandenburgu 8 marca 2018\u201d<\/span><\/a><\/p>\n","protected":false},"author":1,"featured_media":991,"comment_status":"closed","ping_status":"open","sticky":false,"template":"","format":"standard","meta":{"ngg_post_thumbnail":0,"footnotes":""},"categories":[4],"tags":[],"class_list":["post-990","post","type-post","status-publish","format-standard","has-post-thumbnail","hentry","category-aktualnosci"],"_links":{"self":[{"href":"https:\/\/www.rodzinaravensbruck.pl\/index.php\/wp-json\/wp\/v2\/posts\/990","targetHints":{"allow":["GET"]}}],"collection":[{"href":"https:\/\/www.rodzinaravensbruck.pl\/index.php\/wp-json\/wp\/v2\/posts"}],"about":[{"href":"https:\/\/www.rodzinaravensbruck.pl\/index.php\/wp-json\/wp\/v2\/types\/post"}],"author":[{"embeddable":true,"href":"https:\/\/www.rodzinaravensbruck.pl\/index.php\/wp-json\/wp\/v2\/users\/1"}],"replies":[{"embeddable":true,"href":"https:\/\/www.rodzinaravensbruck.pl\/index.php\/wp-json\/wp\/v2\/comments?post=990"}],"version-history":[{"count":6,"href":"https:\/\/www.rodzinaravensbruck.pl\/index.php\/wp-json\/wp\/v2\/posts\/990\/revisions"}],"predecessor-version":[{"id":1003,"href":"https:\/\/www.rodzinaravensbruck.pl\/index.php\/wp-json\/wp\/v2\/posts\/990\/revisions\/1003"}],"wp:featuredmedia":[{"embeddable":true,"href":"https:\/\/www.rodzinaravensbruck.pl\/index.php\/wp-json\/wp\/v2\/media\/991"}],"wp:attachment":[{"href":"https:\/\/www.rodzinaravensbruck.pl\/index.php\/wp-json\/wp\/v2\/media?parent=990"}],"wp:term":[{"taxonomy":"category","embeddable":true,"href":"https:\/\/www.rodzinaravensbruck.pl\/index.php\/wp-json\/wp\/v2\/categories?post=990"},{"taxonomy":"post_tag","embeddable":true,"href":"https:\/\/www.rodzinaravensbruck.pl\/index.php\/wp-json\/wp\/v2\/tags?post=990"}],"curies":[{"name":"wp","href":"https:\/\/api.w.org\/{rel}","templated":true}]}}